{"id":9568,"date":"2018-01-11T09:37:18","date_gmt":"2018-01-11T12:37:18","guid":{"rendered":"http:\/\/www.atecordoba.org\/?p=9568"},"modified":"2018-01-11T09:37:18","modified_gmt":"2018-01-11T12:37:18","slug":"plenario-nacional-ate-lanza-plan-de-lucha","status":"publish","type":"post","link":"https:\/\/atecordoba.org\/?p=9568","title":{"rendered":"Plenario Nacional: ATE lanza plan de lucha"},"content":{"rendered":"<p class=\"copete\"><em>Lo resolvieron los delegados y delegadas del Estado nacional, provincial y municipal del \u00e1rea Metropolitana. C\u00f3rdoba particip\u00f3 activamente con la presencia de la secretaria General del CDP, Mar\u00eda Liliana Salerno.<\/em><\/p>\n<div class=\"sliderkit photoslider-1click sombra\">\n<div class=\"sliderkit-panels\">\n<div class=\"sliderkit-panel\">&nbsp;<img loading=\"lazy\" decoding=\"async\" class=\"aligncenter size-full wp-image-9569\" src=\"http:\/\/www.atecordoba.org\/wp-content\/uploads\/2018\/01\/11592_6957-e1515674101841.jpg\" alt=\"\" width=\"550\" height=\"384\"><\/div>\n<\/div>\n<\/div>\n<p style=\"font-weight: 400;\">Antes del mediod\u00eda, en el Consejo Directivo Nacional de la Asociaci\u00f3n Trabajadores del Estado, comenz\u00f3 el masivo Plenario de delegados y delegadas de ATE. Cerca de 200 trabajadores y trabajadoras del Estado Nacional, Provincial y Municipal del \u00e1rea Metropolitana, junto a los referentes gremiales de Fabricaciones Militares de C\u00f3rdoba, Rosario y Buenos Aires, colmaron el auditorio Eva Per\u00f3n del gremio, &nbsp;para continuar construyendo el plan de acci\u00f3n contra los despidos impulsados por el Gobierno Nacional y la ausencia de un canal de di\u00e1logo.<\/p>\n<p style=\"font-weight: 400;\">Al cierre de la jornada, por unanimidad,&nbsp;el plenario aprob\u00f3 un plan de lucha&nbsp;que incluye, entre otras medidas, profundizar las acciones de concientizaci\u00f3n en los lugares de trabajo y hacia la comunidad, as\u00ed como la presencia en la calle, en cada conflicto sectorial; y una gran Jornada Nacional de Lucha&nbsp;para la segunda semana de febrero, con cortes, movilizaciones y Paro Nacional, en conjunto con las organizaciones sociales, sindicales y pol\u00edticas.<\/p>\n<p><img loading=\"lazy\" decoding=\"async\" class=\"aligncenter size-full wp-image-9572\" src=\"http:\/\/www.atecordoba.org\/wp-content\/uploads\/2018\/01\/11592_6955-e1515674135631.jpg\" alt=\"\" width=\"550\" height=\"365\"><\/p>\n<p style=\"font-weight: 400;\">En la apertura,&nbsp;el Secretario General del sindicato, Hugo Cachorro Godoy&nbsp;detall\u00f3 distintos conflictos que se desarrollan en este momento a lo largo y ancho del pa\u00eds, como la lucha por los despidos en la UEP de La Plata, en Fabricaciones Militares, en los municipios como Quilmes o Tres de Febrero, en Agricultura Familiar, entre otros, y destac\u00f3 el caso de Fanazul: \u201cEl efecto m\u00e1s brutal de esta l\u00ednea de acci\u00f3n pol\u00edtica del Gobierno lo tenemos en Azul, donde cerraron la f\u00e1brica directamente, lo que implica desactivar el 20% de la capacidad productiva que tiene Fabricaciones Militares hoy\u201d. Adem\u00e1s explic\u00f3: \u201cEn este plan de lucha que estamos llevando adelante, son tan importantes las medidas de fuerza que desarrollemos al interior de cada sector de trabajo, como las que seamos capaces de vertebrar y articular con la comunidad\u201d.<\/p>\n<p style=\"font-weight: 400;\">El gran plenario realizado hoy fue convocado el d\u00eda 26 de diciembre, cuando se realiz\u00f3 el primer encuentro en el que se defini\u00f3 el Paro Nacional de ATE del 4 de enero pr\u00f3ximo pasado.<\/p>\n<p style=\"font-weight: 400;\"><b><strong style=\"font-style: inherit;\">Construir consenso social<\/strong><\/b><\/p>\n<p style=\"font-weight: 400;\">Godoy destac\u00f3 la necesidad de articular acciones y de construir v\u00ednculo con distintos sectores, explicando que \u201cgran parte de esta lucha para frenar esta&nbsp;<em style=\"font-style: inherit; font-weight: inherit;\">Tercer Reforma del Estado<\/em>&nbsp;y lograr la reincorporaci\u00f3n de los compa\u00f1eros despedidos, tiene que ver con el consenso que tengamos capacidad de construir con la sociedad. Las organizaciones sociales son los sindicatos de este tiempo, con el nuevo formato laboral que el modelo neoliberal ha instalado, en t\u00e9rminos de desocupaci\u00f3n, sub-ocupaci\u00f3n, trabajo precario, cooperativas, no tengo ninguna duda de que se est\u00e1 gestando una perspectiva de un nuevo modelo sindical por encima del sindicalismo tradicional\u201d, se\u00f1al\u00f3 el titular de ATE Nacional.&nbsp;<\/p>\n<p><img loading=\"lazy\" decoding=\"async\" class=\"aligncenter size-full wp-image-9570\" src=\"http:\/\/www.atecordoba.org\/wp-content\/uploads\/2018\/01\/11592_6956-e1515674163212.jpg\" alt=\"\" width=\"550\" height=\"365\"><\/p>\n<p style=\"font-weight: 400;\">En el plenario participaron representantes de los ministerios de Defensa, Cultura, Trabajo, de ENACOM, SENASA, V\u00edas Navegables, INTI, diferentes delegaciones de ANSES, trabajadores Civiles de las Fuerzas Armadas, CDP Provincia de Buenos Aires, CDP C\u00f3rdoba, Fabricaciones Militares de Villa Mar\u00eda, Rosario, R\u00edo Tercero y Fray Luis Beltran, Conicet, Jefatura de Gabinete, Conea, INAES, Agricultura Familar, ANAC, Parques Nacionales, diferentes hospitales, Ministerio de Energ\u00eda, Presidencia, INCAA, Seccional Quilmes, entre otros.<\/p>\n<p style=\"font-weight: 400;\">\u201cAnte cada reclamo sectorial o en el \u00e1mbito del Ministerio de Trabajo, o en el mal llamado Ministerio de Modernizaci\u00f3n que en realidad es el Ministerio de los Despidos, la respuesta del Gobierno ha sido el silencio y la continuidad impert\u00e9rrita de su acci\u00f3n\u201d, se\u00f1al\u00f3 Godoy, al tiempo que reafirm\u00f3 que \u201cdesde el primer d\u00eda tomamos la decisi\u00f3n de que en cada lugar que haya despidos el mandato es convocar a asambleas y que la asamblea defina medidas de fuerza que son inmediatamente respaldadas por el gremio a nivel nacional\u201d.<\/p>\n<p style=\"font-weight: 400;\">En la mesa del panel de apertura participaron adem\u00e1s, la Secretar\u00eda de Organizaci\u00f3n de ATE CDN Silvia Le\u00f3n; el Secretario de Interior del gremio a nivel nacional, Vicente Marti; el miembro de la Conducci\u00f3n Nacional, H\u00e9ctor Carrica; el titular de ATE y la CTA-A de la Provincia de Buenos Aires, Oscar de Isasi, y la Secretaria General del Consejo Directivo Provincial de C\u00f3rdoba, Liliana Salerno.<\/p>\n<p style=\"font-weight: 400;\">Antes de dar inicio a las exposiciones de los compa\u00f1eros y las compa\u00f1eras presentes, que contaron la realidad de cada uno de los sectores de trabajo y elevaron propuestas para analizar en el marco del plan de lucha, Hugo Godoy explic\u00f3 el sentido del plenario: \u201cQueremos proponer que en lo que resta del mes de enero multipliquemos nuestras acciones de permanencia, de asambleas, de radio abierta, medidas de fuerza, en cada organismo donde tengamos capacidad de participaci\u00f3n, y organicemos el sindicato, la militancia, la solidaridad del resto de los trabajadores, los cuerpos de delegados, para que cada d\u00eda de enero haya una actividad en la v\u00eda p\u00fablica en la cual interpelemos al conjunto de nuestra sociedad respecto de los reclamos que le hacemos al gobierno\u201d.<\/p>\n<p style=\"font-weight: 400;\"><b><strong style=\"font-style: inherit;\">Mantener la llama<\/strong><\/b><\/p>\n<p style=\"font-weight: 400;\">Al cierre del plenario, Oscar de Isasi analiz\u00f3: \u201cTenemos en claro que el Gobierno Nacional, a partir del triunfo electoral de octubre ha salido fortalecido y ha iniciado una ofensiva deliberada hacia los sectores populares que van a intentar aplicar con brutalidad durante todo este a\u00f1o, pero tambi\u00e9n vimos como esa base social de apoyo se resquebraj\u00f3 en las jornadas de lucha contra la reforma previsional y tambi\u00e9n lo vimos en Azul\u201d.<\/p>\n<p><img loading=\"lazy\" decoding=\"async\" class=\"aligncenter size-full wp-image-9571\" src=\"http:\/\/www.atecordoba.org\/wp-content\/uploads\/2018\/01\/c4dd54699aa4493c0d4c06e034b6d12c_m-e1515674186976.jpg\" alt=\"\" width=\"550\" height=\"365\"><\/p>\n<p style=\"font-weight: 400;\">&nbsp;\u201cAnte esto, nuestro desaf\u00edo es c\u00f3mo darle visibilidad a cada conflicto y c\u00f3mo llegar a febrero con potencialidad para dar las disputas que tenemos que dar y para que se reincorpore a la mayor cantidad de compa\u00f1eros y compa\u00f1eros\u201d, agreg\u00f3 el dirigente bonaerense quien destac\u00f3 la importancia de acompa\u00f1ar cada conflicto sectorial, y que cada uno sea una&nbsp; \u201ccaja de resonancia\u201d de lo que ocurre en los dem\u00e1s lugares. \u201cHoy es el reclamo por el Hospital Solano, ma\u00f1ana es la movilizaci\u00f3n a la Gobernaci\u00f3n bonaerense y la semana pr\u00f3xima el corte en Ezeiza encabezado por ATE SENASA\u201d, indic\u00f3.<\/p>\n<p style=\"font-weight: 400;\">Por \u00faltimo, De Isasi remarc\u00f3: \u201cS\u00f3lo si logramos consenso social sobre lo crucial de reincorporar a los compa\u00f1eros y compa\u00f1eras, va a ser posible lograr las reincorporaciones\u201d.<\/p>\n<p style=\"font-weight: 400;\"><b><strong style=\"font-style: inherit;\">Plan de lucha<\/strong><\/b><\/p>\n<p style=\"font-weight: 400;\">Por unanimidad, el plenario resolvi\u00f3:<\/p>\n<p style=\"font-weight: 400;\">-Para las primeras semanas de febrero, realizar una&nbsp;caravana&nbsp;desde las F\u00e1bricas Militares de Azul, Rosario y C\u00f3rdoba, pasando por todos los pueblos, para confluir en Capital Federal en una gran&nbsp;Jornada Nacional de Lucha, con Paro Nacional, cortes y movilizaciones, en conjunto a las organizaciones sociales, sindicales y pol\u00edticas.<\/p>\n<p style=\"font-weight: 400;\">-Acompa\u00f1ar de forma unificada cada conflicto sectorial y generar acciones de conscientizaci\u00f3n en los lugares de trabajo y hacia la comunidad.<\/p>\n<p style=\"font-weight: 400;\">Tambi\u00e9n se dio a conocer la resoluci\u00f3n de convocar a una reuni\u00f3n del Consejo Directivo Nacional para la primera semana de febrero y se anunci\u00f3 la conformaci\u00f3n de un espacio de organizaci\u00f3n para todos los despedidos\/as, en el CDN.<\/p>\n","protected":false},"excerpt":{"rendered":"<p>Lo resolvieron los delegados y delegadas del Estado nacional, provincial y municipal del \u00e1rea Metropolitana. C\u00f3rdoba particip\u00f3 activamente con la presencia de la secretaria General del CDP, Mar\u00eda Liliana Salerno. &nbsp; Antes del mediod\u00eda, en el Consejo Directivo Nacional de la Asociaci\u00f3n Trabajadores del Estado, comenz\u00f3 el masivo Plenario de delegados y delegadas de ATE. [&hellip;]<\/p>\n","protected":false},"author":1,"featured_media":19220,"comment_status":"open","ping_status":"open","sticky":false,"template":"","format":"standard","meta":{"_exactmetrics_skip_tracking":false,"_exactmetrics_sitenote_active":false,"_exactmetrics_sitenote_note":"","_exactmetrics_sitenote_category":0,"jnews-multi-image_gallery":[],"jnews_single_post":[],"jnews_primary_category":[],"jnews_social_meta":[],"jnews_review":[],"enable_review":"","type":"","name":"","summary":"","brand":"","sku":"","good":[],"bad":[],"score_override":"","override_value":"","rating":[],"price":[],"jnews_override_counter":[],"jnews_post_split":[],"footnotes":""},"categories":[17,18],"tags":[],"class_list":["post-9568","post","type-post","status-publish","format-standard","has-post-thumbnail","hentry","category-fabricaciones-militares","category-nacionales"],"jetpack_featured_media_url":"https:\/\/atecordoba.org\/wp-content\/uploads\/2020\/05\/logo-nuevochico-e1561581322808.png","_links":{"self":[{"href":"https:\/\/atecordoba.org\/index.php?rest_route=\/wp\/v2\/posts\/9568","targetHints":{"allow":["GET"]}}],"collection":[{"href":"https:\/\/atecordoba.org\/index.php?rest_route=\/wp\/v2\/posts"}],"about":[{"href":"https:\/\/atecordoba.org\/index.php?rest_route=\/wp\/v2\/types\/post"}],"author":[{"embeddable":true,"href":"https:\/\/atecordoba.org\/index.php?rest_route=\/wp\/v2\/users\/1"}],"replies":[{"embeddable":true,"href":"https:\/\/atecordoba.org\/index.php?rest_route=%2Fwp%2Fv2%2Fcomments&post=9568"}],"version-history":[{"count":0,"href":"https:\/\/atecordoba.org\/index.php?rest_route=\/wp\/v2\/posts\/9568\/revisions"}],"wp:featuredmedia":[{"embeddable":true,"href":"https:\/\/atecordoba.org\/index.php?rest_route=\/wp\/v2\/media\/19220"}],"wp:attachment":[{"href":"https:\/\/atecordoba.org\/index.php?rest_route=%2Fwp%2Fv2%2Fmedia&parent=9568"}],"wp:term":[{"taxonomy":"category","embeddable":true,"href":"https:\/\/atecordoba.org\/index.php?rest_route=%2Fwp%2Fv2%2Fcategories&post=9568"},{"taxonomy":"post_tag","embeddable":true,"href":"https:\/\/atecordoba.org\/index.php?rest_route=%2Fwp%2Fv2%2Ftags&post=9568"}],"curies":[{"name":"wp","href":"https:\/\/api.w.org\/{rel}","templated":true}]}}