{"id":9562,"date":"2018-01-10T12:37:38","date_gmt":"2018-01-10T15:37:38","guid":{"rendered":"http:\/\/www.atecordoba.org\/?p=9562"},"modified":"2018-01-10T12:37:38","modified_gmt":"2018-01-10T15:37:38","slug":"fanazul-ate-corta-rutas-y-exige-recuperar-la-produccion-y-puestos-de-trabajo","status":"publish","type":"post","link":"https:\/\/atecordoba.org\/?p=9562","title":{"rendered":"FANAZUL: ATE corta rutas y exige recuperar la producci\u00f3n y puestos de trabajo"},"content":{"rendered":"<p><em>ATE se\u00f1ala que desde FANAZUL se puede ampliar la producci\u00f3n con la provisi\u00f3n tambi\u00e9n a las actividades mineras.<\/em><\/p>\n<p><img loading=\"lazy\" decoding=\"async\" class=\"aligncenter size-full wp-image-9563\" src=\"http:\/\/www.atecordoba.org\/wp-content\/uploads\/2018\/01\/corte-azul-e1515598631319.jpg\" alt=\"\" width=\"550\" height=\"354\"><\/p>\n<p style=\"font-weight: 400;\"><span style=\"font-style: inherit; font-weight: inherit;\">En el marco de la jornada nacional de protestas de los trabajadores de Fabricaciones Militares, la ATE Azul, junto al CDP Buenos Aires lleva adelante un corte en las rutas 3, 51, 60 y 226, exigiendo al gobierno Nacional y a la misma Provincia de Buenos Aires, la reincorporaci\u00f3n de todos los trabajadores cesanteados y retomar la producci\u00f3n en cada una de las f\u00e1bricas asentadas en el pa\u00eds.<\/span><\/p>\n<p style=\"font-weight: 400;\"><span style=\"font-style: inherit; font-weight: inherit;\">Durante el corte total que se realiz\u00f3 en las intersecciones de la Ruta 3 y la 226, el titular del CDP, Oscar de Isasi, se\u00f1al\u00f3 la necesidad de que se recuperen todos los emprendimientos productivos\u201d.<\/span><\/p>\n<p style=\"font-weight: 400;\"><span style=\"font-style: inherit; font-weight: inherit;\">En el caso espec\u00edfico de la situaci\u00f3n planteada en FANAZUL, De Isasi, enfatiz\u00f3 que \u201cest\u00e1 en una f\u00e1bricas emblem\u00e1tica en la regi\u00f3n, que no funcione no s\u00f3lo ponen en juego el destino de 232 familias tambi\u00e9n una parte importante de la econom\u00eda de la regi\u00f3n\u201d.<\/span><\/p>\n<p style=\"font-weight: 400;\"><span style=\"font-style: inherit; font-weight: inherit;\">El dirigente plantea que en esta regi\u00f3n existen 4 emprendimientos mineros a los que FANAZUL puede tranquilamente proveer, adem\u00e1s de otros &nbsp;como la zona minera de Santa Cruz o la propia Armada en lo que hace a su material b\u00e9lico. \u201cTanto por su mano de obra calificada como por estar alejada de la ciudad FANAZUL es vital para la fuerza\u201d, acot\u00f3 de Isasi.<\/span><\/p>\n<p style=\"font-weight: 400;\"><span style=\"font-style: inherit; font-weight: inherit;\">A este reclamo de la reactivaci\u00f3n productiva para fines militares y mineros De Isasi le agrega la extracci\u00f3n de la dolomita, una piedra que se utiliza para la obra p\u00fablica: \u201cAhora que tanto Naci\u00f3n como provincia focalizan el crecimiento a trav\u00e9s de la obra p\u00fablica, la f\u00e1brica podr\u00eda proveer de este elemento\u201d.<\/span><\/p>\n<p style=\"font-weight: 400;\"><span style=\"font-style: inherit; font-weight: inherit;\">Por su parte la titular de la Seccional ATE- Azul, Vanina Zurita,&nbsp; hizo hincapi\u00e9 en el acompa\u00f1amiento que hay de la sociedad a las medidas gremiales que se vienen desarrollando desde la semana \u00faltima. \u201cEs un pueblo que se pone de pi\u00e9 por sus fuentes de trabajo\u201d, dijo la dirigente al explicar las puebladas del pasado jueves, y el acercamiento de distintas organizaciones a los cortes que se est\u00e1n llevando adelante en la intersecci\u00f3n de la Ruta 3 y la 226, donde hay un corte total, y los cortes parciales en las intersecciones de la 3 y la 60, y la 51 y 226.<\/span><\/p>\n<p style=\"font-weight: 400;\"><span style=\"font-style: inherit; font-weight: inherit;\">Zurita se\u00f1al\u00f3 que el reclamo del gremio est\u00e1 volver todo a punto de partida, con la reapertura de la f\u00e1brica y el regreso a los puestos de trabajo de los 232 trabajadores &nbsp;y abrir una mesa de negociaci\u00f3n. \u201cNosotros creemos que los argumentos del gobierno son falaces y que FANAZUL tiene capacidad para producir muchas cosas, no s\u00f3lo las estrictamente militares sino emprendimientos de distintos tipos, como el que se acotaba antes respecto a la miner\u00eda\u201d. &nbsp;&nbsp;&nbsp;&nbsp;&nbsp;&nbsp;&nbsp;&nbsp;&nbsp;&nbsp;<\/span><\/p>\n<p style=\"font-weight: 400;\"><span style=\"font-style: inherit; font-weight: inherit;\">La dirigente local tambi\u00e9n pidi\u00f3 a la gobernadora Vidal que se involucre directamente en esta problem\u00e1tica \u201cdefendiendo el inter\u00e9s de los bonaerenses\u201d.<\/span><\/p>\n<p style=\"font-weight: 400;\"><span style=\"font-style: inherit; font-weight: inherit;\">Asimismo inform\u00f3 que la Justicia dio lugar al reclamo de ATE respecto a lo que est\u00e1 pasando con las normas de seguridad de FANAZUL ahora que no est\u00e1 operando y explic\u00f3 sobre ello que \u201cla Justicia intim\u00f3 a la f\u00e1brica a atender las normas de seguridad, desacreditando la versi\u00f3n del gobierno sobre que ten\u00eda controlada la seguridad interna del &nbsp;complejo\u201d, ahora paralizado. &nbsp;<\/span><\/p>\n","protected":false},"excerpt":{"rendered":"<p>ATE se\u00f1ala que desde FANAZUL se puede ampliar la producci\u00f3n con la provisi\u00f3n tambi\u00e9n a las actividades mineras. En el marco de la jornada nacional de protestas de los trabajadores de Fabricaciones Militares, la ATE Azul, junto al CDP Buenos Aires lleva adelante un corte en las rutas 3, 51, 60 y 226, exigiendo al [&hellip;]<\/p>\n","protected":false},"author":1,"featured_media":19220,"comment_status":"open","ping_status":"open","sticky":false,"template":"","format":"standard","meta":{"_exactmetrics_skip_tracking":false,"_exactmetrics_sitenote_active":false,"_exactmetrics_sitenote_note":"","_exactmetrics_sitenote_category":0,"jnews-multi-image_gallery":[],"jnews_single_post":[],"jnews_primary_category":[],"jnews_social_meta":[],"jnews_review":[],"enable_review":"","type":"","name":"","summary":"","brand":"","sku":"","good":[],"bad":[],"score_override":"","override_value":"","rating":[],"price":[],"jnews_override_counter":[],"jnews_post_split":[],"footnotes":""},"categories":[17,18],"tags":[],"class_list":["post-9562","post","type-post","status-publish","format-standard","has-post-thumbnail","hentry","category-fabricaciones-militares","category-nacionales"],"jetpack_featured_media_url":"https:\/\/atecordoba.org\/wp-content\/uploads\/2020\/05\/logo-nuevochico-e1561581322808.png","_links":{"self":[{"href":"https:\/\/atecordoba.org\/index.php?rest_route=\/wp\/v2\/posts\/9562","targetHints":{"allow":["GET"]}}],"collection":[{"href":"https:\/\/atecordoba.org\/index.php?rest_route=\/wp\/v2\/posts"}],"about":[{"href":"https:\/\/atecordoba.org\/index.php?rest_route=\/wp\/v2\/types\/post"}],"author":[{"embeddable":true,"href":"https:\/\/atecordoba.org\/index.php?rest_route=\/wp\/v2\/users\/1"}],"replies":[{"embeddable":true,"href":"https:\/\/atecordoba.org\/index.php?rest_route=%2Fwp%2Fv2%2Fcomments&post=9562"}],"version-history":[{"count":0,"href":"https:\/\/atecordoba.org\/index.php?rest_route=\/wp\/v2\/posts\/9562\/revisions"}],"wp:featuredmedia":[{"embeddable":true,"href":"https:\/\/atecordoba.org\/index.php?rest_route=\/wp\/v2\/media\/19220"}],"wp:attachment":[{"href":"https:\/\/atecordoba.org\/index.php?rest_route=%2Fwp%2Fv2%2Fmedia&parent=9562"}],"wp:term":[{"taxonomy":"category","embeddable":true,"href":"https:\/\/atecordoba.org\/index.php?rest_route=%2Fwp%2Fv2%2Fcategories&post=9562"},{"taxonomy":"post_tag","embeddable":true,"href":"https:\/\/atecordoba.org\/index.php?rest_route=%2Fwp%2Fv2%2Ftags&post=9562"}],"curies":[{"name":"wp","href":"https:\/\/api.w.org\/{rel}","templated":true}]}}