{"id":9549,"date":"2018-01-10T12:40:45","date_gmt":"2018-01-10T15:40:45","guid":{"rendered":"http:\/\/www.atecordoba.org\/?p=9549"},"modified":"2018-01-10T12:40:45","modified_gmt":"2018-01-10T15:40:45","slug":"paro-y-corte-de-ruta-ante-el-vaciamiento-de-fabricaciones-militares","status":"publish","type":"post","link":"https:\/\/atecordoba.org\/?p=9549","title":{"rendered":"Paro y corte de ruta ante el vaciamiento de Fabricaciones Militares"},"content":{"rendered":"<p><em>Ayer se realiz\u00f3 una jornada de lucha en repudio del cierre de la fabrica militar de la localidad de Azul y contra los despidos, que ya suman m\u00e1s de 500 en dos a\u00f1os. Corte de Ruta intermitente cerca del dique Piedras Moras. (fotos Micka Hubeli y compa\u00f1eros)<\/em><\/p>\n<p><img loading=\"lazy\" decoding=\"async\" class=\"aligncenter size-full wp-image-9550\" src=\"http:\/\/www.atecordoba.org\/wp-content\/uploads\/2018\/01\/corte-e1515597663681.jpg\" alt=\"\" width=\"550\" height=\"367\"><\/p>\n<p>Con motivo del plan de lucha que ATE est\u00e1 realizando, en rechazo al programa de ajuste y vaciamiento que el gobierno nacional est\u00e1 aplicando en la Direcci\u00f3n General de Fabricaciones Militares, trabajadores del sector, junto a compa\u00f1eros de otros organismos nacionales, trabajadores provinciales y municipales, llevaron a cabo ayer un corte de ruta sobre la autopista 38 que une C\u00f3rdoba Capital y R\u00edo cuarto, a la altura de uno de los accesos del dique Piedras Moras, en cercan\u00edas de la ciudad de R\u00edo Tercero.<\/p>\n<p><img loading=\"lazy\" decoding=\"async\" class=\"aligncenter size-full wp-image-9551\" src=\"http:\/\/www.atecordoba.org\/wp-content\/uploads\/2018\/01\/salerno-e1515597718204.jpg\" alt=\"\" width=\"550\" height=\"367\"><\/p>\n<p>La convocatoria parti\u00f3 del plenario de trabajadores de fabricaciones militares y tuvo participaci\u00f3n el Consejo Directivo Provincial Y de las tres seccionales cordobesas de ATE, Villa Mar\u00eda, R\u00edo Tercero y R\u00edo Cuarto. La protesta que produjo en paralelo a otras similares en la localidad bonaerense de Azul, donde se encuentra la planta que ser\u00e1 cerrada y en el ingreso de la f\u00e1brica Fray Luis Beltr\u00e1n, en el cord\u00f3n industrial rosarino.&nbsp; &nbsp;<\/p>\n<p><img loading=\"lazy\" decoding=\"async\" class=\"aligncenter size-full wp-image-9552\" src=\"http:\/\/www.atecordoba.org\/wp-content\/uploads\/2018\/01\/WhatsApp-Image-2018-01-09-at-22.13.13-e1515597796362.jpeg\" alt=\"\" width=\"550\" height=\"413\"><\/p>\n<p>En la oportunidad, estuvo presente la secretaria General del CDP C\u00f3rdoba, Mar\u00eda Liliana Salerno, junto al secretariado provincial y los secretarios generales Cristian Colman (R\u00edo Tercero), Fernando Mercado (Villa Mar\u00eda) y Walter Avalos (R\u00edo Cuarto. Tambi\u00e9n se cont\u00f3 con la presencia de los secretarios generales de la CTA de Villa Mar\u00eda, R\u00edo Tercero y R\u00edo Cuarto, Jos\u00e9 Gorozo, H\u00e9ctor Cirio y Federico Giuliani respectivamente.<\/p>\n<p><img loading=\"lazy\" decoding=\"async\" class=\"aligncenter size-full wp-image-9553\" src=\"http:\/\/www.atecordoba.org\/wp-content\/uploads\/2018\/01\/para-la-mano-e1515597889967.jpg\" alt=\"\" width=\"550\" height=\"377\"><\/p>\n<p>La metodolog\u00eda de la protesta consisti\u00f3 en cortes intermitentes de ambas manos de la autopista, sostenidos por cinco o diez minutos, y liberaci\u00f3n de la v\u00eda para la circulaci\u00f3n. &#8220;Resolvimos hacerlo de esta forma para no entorpecer a los automovilistas que est\u00e1n trabajando o vacacionando, pero que al mismo tiempo les hacemos saber la grave situaci\u00f3n que enfrentamos los trabajadores de fabricaciones militares&#8221;, explic\u00f3 Mercado.<\/p>\n<p><img loading=\"lazy\" decoding=\"async\" class=\"aligncenter size-full wp-image-9554\" src=\"http:\/\/www.atecordoba.org\/wp-content\/uploads\/2018\/01\/seccionales-e1515597921232.jpg\" alt=\"\" width=\"550\" height=\"367\"><\/p>\n<p>A su vez, Salerno se\u00f1al\u00f3 que la movilizaci\u00f3n &#8220;dio los resultados que esper\u00e1bamos. Tenemos 300 trabajadores movilizados, afiliados y afiliadas a nuestra organizaci\u00f3n, as\u00ed que nos damos por satisfechos con la presencia de los compa\u00f1eros, m\u00e1s en este mes donde la mayor\u00eda de los trabajadores est\u00e1 de licencia anual&#8221;.&nbsp;<\/p>\n<p><img loading=\"lazy\" decoding=\"async\" class=\"aligncenter size-full wp-image-9555\" src=\"http:\/\/www.atecordoba.org\/wp-content\/uploads\/2018\/01\/WhatsApp-Image-2018-01-09-at-22.13.02-e1515597948449.jpeg\" alt=\"\" width=\"550\" height=\"413\"><\/p>\n<p>La dirigente afirm\u00f3 que el organismo vive &#8220;un momento muy cr\u00edtico, estuvimos revisando los despidos, o baja de contratos que para nosotros es lo mismo, que se hicieron a partir del advenimiento de la gesti\u00f3n de Macri, en Fabricaciones Militares hay 515 despidos, desde la sede central a las distintas plantas de producci\u00f3n y el cierre de la f\u00e1brica de Azul&#8221;.<\/p>\n<p><img loading=\"lazy\" decoding=\"async\" class=\"aligncenter size-full wp-image-9556\" src=\"http:\/\/www.atecordoba.org\/wp-content\/uploads\/2018\/01\/WhatsApp-Image-2018-01-09-at-22.13.10-e1515597977907.jpeg\" alt=\"\" width=\"550\" height=\"413\"><\/p>\n<p>A su vez,&nbsp;Colman dijo que &#8220;es la primera vez que hacemos un corte en esta zona desde los \u201990 y tuvimos mucha repercusi\u00f3n porque vinieron compa\u00f1eros de todos lados. Para nosotros es un aliciente, una inyecci\u00f3n an\u00edmica que nos da al cuerpo. Entendemos que la uni\u00f3n de los estatales es la \u00fanica forma de revertir esta situaci\u00f3n, sea nacionales, provinciales o municipales. &nbsp;Es la clase trabajadora que tiene que salir a la calle.&nbsp;Hoy vivimos un vaciamiento del sector por m\u00e1s que lo niegue el Estado nacional, por la baja de contratos productivos, de inversi\u00f3n, por los despidos. A esto se suma el cierre de Azul, con una impunidad que no vamos a permitir&#8221;<\/p>\n<p><img loading=\"lazy\" decoding=\"async\" class=\"aligncenter size-full wp-image-9557\" src=\"http:\/\/www.atecordoba.org\/wp-content\/uploads\/2018\/01\/WhatsApp-Image-2018-01-09-at-22.13.04-e1515598029723.jpeg\" alt=\"\" width=\"550\" height=\"413\"><\/p>\n<p>Por \u00faltimo, Mercado describi\u00f3 la situaci\u00f3n al asegurar que &#8220;los m\u00e1s de 500 los despedidos son compa\u00f1eros que ten\u00edan contratos de m\u00e1s de 15 a\u00f1os. Repudiamos las mentiras del interventor Luis Riva, que dice que no somos viables. Decimos que es mentira, hoy el 20% del organismo fue desguazado, cerrado&#8221;.<\/p>\n<p><img loading=\"lazy\" decoding=\"async\" class=\"aligncenter size-full wp-image-9558\" src=\"http:\/\/www.atecordoba.org\/wp-content\/uploads\/2018\/01\/barcena-e1515598139492.jpg\" alt=\"\" width=\"350\" height=\"569\"><\/p>\n<p>Por eso &#8220;les pedimos a los intendentes, a los gobernadores, que se pongan al frente de esta pelea. Hoy vinieron por Azul, pero esto reci\u00e9n empieza. Esta intervenci\u00f3n no tiene idea de c\u00f3mo conducir la empresa. En el caso de Villa Mar\u00eda, en 2015 fabricamos 12 toneladas de p\u00f3lvora y 100 toneladas de gelamon mensuales, al a\u00f1o siguiente hicimos una tonelada de p\u00f3lvora y cero de gelamon. Esto significa que lo que hicieron es robarnos el trabajo&#8221;.<\/p>\n<p><img loading=\"lazy\" decoding=\"async\" class=\"aligncenter size-full wp-image-9559\" src=\"http:\/\/www.atecordoba.org\/wp-content\/uploads\/2018\/01\/rio-4-e1515598267389.jpg\" alt=\"\" width=\"550\" height=\"367\"><\/p>\n<p>&nbsp;<\/p>\n<p>La protesta se desarroll\u00f3 en la m\u00e1s absoluta tranquilidad, mientras todas las f\u00e1bricas aplicaban el paro de actividades resuelto en plenario. Terminado la actividad en la ruta se realiz\u00f3 una marcha por el centro de R\u00edo Tercero hasta el local de ATE. Hoy se desarrolla otra instancia organizativa para resolver los pasos a seguir.<\/p>\n<p>&nbsp;<\/p>\n<p><img loading=\"lazy\" decoding=\"async\" class=\"aligncenter size-full wp-image-9560\" src=\"http:\/\/www.atecordoba.org\/wp-content\/uploads\/2018\/01\/WhatsApp-Image-2018-01-09-at-22.13.01-1-e1515598358302.jpeg\" alt=\"\" width=\"550\" height=\"413\"><\/p>\n","protected":false},"excerpt":{"rendered":"<p>Ayer se realiz\u00f3 una jornada de lucha en repudio del cierre de la fabrica militar de la localidad de Azul y contra los despidos, que ya suman m\u00e1s de 500 en dos a\u00f1os. Corte de Ruta intermitente cerca del dique Piedras Moras. (fotos Micka Hubeli y compa\u00f1eros) Con motivo del plan de lucha que ATE [&hellip;]<\/p>\n","protected":false},"author":1,"featured_media":19220,"comment_status":"open","ping_status":"open","sticky":false,"template":"","format":"standard","meta":{"_exactmetrics_skip_tracking":false,"_exactmetrics_sitenote_active":false,"_exactmetrics_sitenote_note":"","_exactmetrics_sitenote_category":0,"jnews-multi-image_gallery":[],"jnews_single_post":[],"jnews_primary_category":[],"jnews_social_meta":[],"jnews_review":[],"enable_review":"","type":"","name":"","summary":"","brand":"","sku":"","good":[],"bad":[],"score_override":"","override_value":"","rating":[],"price":[],"jnews_override_counter":[],"jnews_post_split":[],"footnotes":""},"categories":[17,18],"tags":[],"class_list":["post-9549","post","type-post","status-publish","format-standard","has-post-thumbnail","hentry","category-fabricaciones-militares","category-nacionales"],"jetpack_featured_media_url":"https:\/\/atecordoba.org\/wp-content\/uploads\/2020\/05\/logo-nuevochico-e1561581322808.png","_links":{"self":[{"href":"https:\/\/atecordoba.org\/index.php?rest_route=\/wp\/v2\/posts\/9549","targetHints":{"allow":["GET"]}}],"collection":[{"href":"https:\/\/atecordoba.org\/index.php?rest_route=\/wp\/v2\/posts"}],"about":[{"href":"https:\/\/atecordoba.org\/index.php?rest_route=\/wp\/v2\/types\/post"}],"author":[{"embeddable":true,"href":"https:\/\/atecordoba.org\/index.php?rest_route=\/wp\/v2\/users\/1"}],"replies":[{"embeddable":true,"href":"https:\/\/atecordoba.org\/index.php?rest_route=%2Fwp%2Fv2%2Fcomments&post=9549"}],"version-history":[{"count":0,"href":"https:\/\/atecordoba.org\/index.php?rest_route=\/wp\/v2\/posts\/9549\/revisions"}],"wp:featuredmedia":[{"embeddable":true,"href":"https:\/\/atecordoba.org\/index.php?rest_route=\/wp\/v2\/media\/19220"}],"wp:attachment":[{"href":"https:\/\/atecordoba.org\/index.php?rest_route=%2Fwp%2Fv2%2Fmedia&parent=9549"}],"wp:term":[{"taxonomy":"category","embeddable":true,"href":"https:\/\/atecordoba.org\/index.php?rest_route=%2Fwp%2Fv2%2Fcategories&post=9549"},{"taxonomy":"post_tag","embeddable":true,"href":"https:\/\/atecordoba.org\/index.php?rest_route=%2Fwp%2Fv2%2Ftags&post=9549"}],"curies":[{"name":"wp","href":"https:\/\/api.w.org\/{rel}","templated":true}]}}