{"id":9542,"date":"2018-01-05T14:01:55","date_gmt":"2018-01-05T17:01:55","guid":{"rendered":"http:\/\/www.atecordoba.org\/?p=9542"},"modified":"2018-01-05T14:01:55","modified_gmt":"2018-01-05T17:01:55","slug":"paro-nacional-de-ate-contra-los-despidos-y-la-destruccion-del-estado","status":"publish","type":"post","link":"https:\/\/atecordoba.org\/?p=9542","title":{"rendered":"Paro Nacional de ATE: Contra los despidos y la destrucci\u00f3n del Estado"},"content":{"rendered":"<p><em>Se realizaron medidas en todo el pa\u00eds. En CABA una multitudinaria marcha recorri\u00f3 del Obelisco al Ministerio de Modernizaci\u00f3n.<\/em><\/p>\n<div class=\"epyt-video-wrapper\"><iframe loading=\"lazy\"  style=\"display: block; margin: 0px auto;\"  id=\"_ytid_56469\"  width=\"480\" height=\"270\"  data-origwidth=\"480\" data-origheight=\"270\" src=\"https:\/\/www.youtube.com\/embed\/yx8aBQQwPKQ?enablejsapi=1&#038;autoplay=0&#038;cc_load_policy=0&#038;cc_lang_pref=&#038;iv_load_policy=3&#038;loop=0&#038;rel=0&#038;fs=1&#038;playsinline=0&#038;autohide=2&#038;theme=dark&#038;color=red&#038;controls=1&#038;disablekb=0&#038;\" class=\"__youtube_prefs__  epyt-is-override  no-lazyload\" title=\"YouTube player\"  allow=\"fullscreen; accelerometer; autoplay; clipboard-write; encrypted-media; gyroscope; picture-in-picture; web-share\" referrerpolicy=\"strict-origin-when-cross-origin\" allowfullscreen data-no-lazy=\"1\" data-skipgform_ajax_framebjll=\"\"><\/iframe><\/div>\n<p style=\"font-weight: 400;\">Este jueves 4 de enero se concret\u00f3 el primer Paro Nacional de 2018, convocado por ATE y que cont\u00f3 con el acompa\u00f1amiento de la CTA Aut\u00f3noma. Se realizaron medidas en las ciudades m\u00e1s importantes del pa\u00eds y, en Capital Federal, miles de estatales junto a organizaciones sociales&nbsp; (entre ellas, la CCC, CTEP y Barrios de Pie), sindicales (como SIPREBA y SUTNA) y pol\u00edticas marcharon desde el Obelisco hasta el Ministerio de Modernizaci\u00f3n.<\/p>\n<p><img loading=\"lazy\" decoding=\"async\" class=\"aligncenter size-full wp-image-9543\" src=\"http:\/\/www.atecordoba.org\/wp-content\/uploads\/2018\/01\/11554_6871-e1515171536602.jpg\" alt=\"\" width=\"550\" height=\"367\"><\/p>\n<p style=\"font-weight: 400;\">Esa cartera, a cargo de Andr\u00e9s Ibarra, es la responsable de ejecutar la pol\u00edtica de despidos que solo en las \u00faltimas dos semanas dej\u00f3 a 1200 trabajadores\/as del Estado Nacional en la calle.<\/p>\n<p style=\"font-weight: 400;\">En el acto realizado frente al edificio ubicado en Diagonal Norte, Hugo \u201cCachorro\u201d Godoy, Secretario General de ATE, advirti\u00f3 que, tal como ocurri\u00f3 en 2016, esa oleada de despidos que tambi\u00e9n afecta a municipales y trabajadores provinciales,&nbsp; es el adelanto de oleadas de despidos en el sector privado. &nbsp;<\/p>\n<p><img loading=\"lazy\" decoding=\"async\" class=\"aligncenter size-full wp-image-9544\" src=\"http:\/\/www.atecordoba.org\/wp-content\/uploads\/2018\/01\/11554_6858-e1515171566605.jpg\" alt=\"\" width=\"550\" height=\"367\"><\/p>\n<p style=\"font-weight: 400;\">Adem\u00e1s, se\u00f1al\u00f3 que \u201cac\u00e1 no solo hay despidos sino que estamos frente a la destrucci\u00f3n de recursos del Estado que son patrimonio del pueblo argentino y que el Gobierno quiere transferir a manos de empresas amigas\u201d.<\/p>\n<p style=\"font-weight: 400;\">Puso como ejemplo el cierre de Fanazul y el vaciamiento de las dem\u00e1s F\u00e1bricas Militares; la desestructuraci\u00f3n y el cierre de dependencias del SENASA; la paralizaci\u00f3n de la instalaci\u00f3n de la planta nuclear de Z\u00e1rate; los despidos de V\u00edas Navegables que quitan capacidad de dragado al Estado, entre otros.<\/p>\n<p><img loading=\"lazy\" decoding=\"async\" class=\"aligncenter size-full wp-image-9545\" src=\"http:\/\/www.atecordoba.org\/wp-content\/uploads\/2018\/01\/11554_6865-e1515171601871.jpg\" alt=\"\" width=\"550\" height=\"367\"><\/p>\n<p style=\"font-weight: 400;\">Por \u00faltimo, el dirigente responsabiliz\u00f3 al Gobierno Nacional por querer imponer los despidos con represi\u00f3n y exigi\u00f3 el desprocesamiento de los m\u00e1s de 5000 encausados por luchar.<\/p>\n<p style=\"font-weight: 400;\"><b><strong style=\"font-style: inherit;\">Lucha y solidaridad<\/strong><\/b><\/p>\n<p style=\"font-weight: 400;\">La marcha estuvo nutrida por trabajadores y trabajadores de ATE de juntas internas de organismos nacionales, de seccionales de la Provincia de Buenos Aires y de distintos sectores,&nbsp; as\u00ed como por todos los y las dirigentes de la Conducci\u00f3n Nacional.<\/p>\n<p><img loading=\"lazy\" decoding=\"async\" class=\"aligncenter size-full wp-image-9546\" src=\"http:\/\/www.atecordoba.org\/wp-content\/uploads\/2018\/01\/11554_6867-e1515171651705.jpg\" alt=\"\" width=\"550\" height=\"367\"><\/p>\n<p style=\"font-weight: 400;\">Entre ellos, Mario Mu\u00f1oz, Secretario Gremial, expres\u00f3: \u201cHoy nos encontramos con la bronca de un pa\u00eds para pocos, pero con la alegr\u00eda de la lucha de todos\u201d. En ese sentido, se\u00f1al\u00f3: &nbsp;\u201cVenimos de Jefatura de Gabinete, donde decidimos estar concentrados hoy desde muy temprano para juntarnos en un abrazo solidario, militante y de amor con los compa\u00f1eros despedidos, no s\u00f3lo de la Jefatura, sino tambi\u00e9n de SENASA, de Energ\u00eda, de V\u00edas Navegables, de Cultura, del ENACOM, de todos los sectores. Porque nos est\u00e1n despidiendo injustamente, compa\u00f1eras y compa\u00f1eros, y el responsable es Andr\u00e9s Ibarra\u201d.<\/p>\n<p style=\"font-weight: 400;\">Oscar de Isasi, secretario general de ATE Provincia de Buenos Aires indic\u00f3: \u201cDios est\u00e1 en todos lados pero atiende en Buenos Aires. Esto nos obliga, adem\u00e1s de venir a pelear por los despedidos del Estado Nacional, a transformar a este lugar en una caja de resonancia del reclamo de los trabajadores de Quilmes, que hoy est\u00e1n cortando la Calchaqu\u00ed; de los compa\u00f1eros de la UEP de la Provincia de Buenos Aires, que hoy est\u00e1n ocupando el organismo; de los trabajadores y trabajadoras del Registro de las Personas; y de los municipales, que todav\u00eda se est\u00e1n enterando de que est\u00e1n sin trabajo\u201d.<\/p>\n<p style=\"font-weight: 400;\"><b><strong style=\"font-style: inherit;\">\u201cHoy es momento de resistir\u201d<\/strong><\/b><\/p>\n<p style=\"font-weight: 400;\">Lo expres\u00f3 el Secretario Adjunto de la CTA-Aut\u00f3noma en el acto de cierre de la movilizaci\u00f3n en la que la central particip\u00f3 junto a sus organizaciones sociales. \u201cNo hay tiempo para reflexionar sobre otra cuesti\u00f3n porque no hay ning\u00fan canal de negociaci\u00f3n donde podamos sentarnos a plantear el tema de los despidos\u201d, continu\u00f3 Peidr\u00f3.<\/p>\n<p><img loading=\"lazy\" decoding=\"async\" class=\"aligncenter size-full wp-image-9547\" src=\"http:\/\/www.atecordoba.org\/wp-content\/uploads\/2018\/01\/11554_6859-e1515171676277.jpg\" alt=\"\" width=\"550\" height=\"367\"><\/p>\n<p style=\"font-weight: 400;\">\u201cEn este marco socioecon\u00f3mico, un compa\u00f1ero despedido es pr\u00e1cticamente un muerto social porque no hay reactivaci\u00f3n sino despidos y ajuste en los sectores privados. El sector privado, lejos de invertir, acumula ganancias. Por eso los trabajadores y trabajadoras estamos resistiendo y construyendo para pasar a la ofensiva\u201d, remarc\u00f3.<\/p>\n","protected":false},"excerpt":{"rendered":"<p>Se realizaron medidas en todo el pa\u00eds. En CABA una multitudinaria marcha recorri\u00f3 del Obelisco al Ministerio de Modernizaci\u00f3n. Este jueves 4 de enero se concret\u00f3 el primer Paro Nacional de 2018, convocado por ATE y que cont\u00f3 con el acompa\u00f1amiento de la CTA Aut\u00f3noma. Se realizaron medidas en las ciudades m\u00e1s importantes del pa\u00eds [&hellip;]<\/p>\n","protected":false},"author":1,"featured_media":19220,"comment_status":"open","ping_status":"open","sticky":false,"template":"","format":"standard","meta":{"_exactmetrics_skip_tracking":false,"_exactmetrics_sitenote_active":false,"_exactmetrics_sitenote_note":"","_exactmetrics_sitenote_category":0,"jnews-multi-image_gallery":[],"jnews_single_post":[],"jnews_primary_category":[],"jnews_social_meta":[],"jnews_review":[],"enable_review":"","type":"","name":"","summary":"","brand":"","sku":"","good":[],"bad":[],"score_override":"","override_value":"","rating":[],"price":[],"jnews_override_counter":[],"jnews_post_split":[],"footnotes":""},"categories":[21],"tags":[],"class_list":["post-9542","post","type-post","status-publish","format-standard","has-post-thumbnail","hentry","category-paro-nacional"],"jetpack_featured_media_url":"https:\/\/atecordoba.org\/wp-content\/uploads\/2020\/05\/logo-nuevochico-e1561581322808.png","_links":{"self":[{"href":"https:\/\/atecordoba.org\/index.php?rest_route=\/wp\/v2\/posts\/9542","targetHints":{"allow":["GET"]}}],"collection":[{"href":"https:\/\/atecordoba.org\/index.php?rest_route=\/wp\/v2\/posts"}],"about":[{"href":"https:\/\/atecordoba.org\/index.php?rest_route=\/wp\/v2\/types\/post"}],"author":[{"embeddable":true,"href":"https:\/\/atecordoba.org\/index.php?rest_route=\/wp\/v2\/users\/1"}],"replies":[{"embeddable":true,"href":"https:\/\/atecordoba.org\/index.php?rest_route=%2Fwp%2Fv2%2Fcomments&post=9542"}],"version-history":[{"count":0,"href":"https:\/\/atecordoba.org\/index.php?rest_route=\/wp\/v2\/posts\/9542\/revisions"}],"wp:featuredmedia":[{"embeddable":true,"href":"https:\/\/atecordoba.org\/index.php?rest_route=\/wp\/v2\/media\/19220"}],"wp:attachment":[{"href":"https:\/\/atecordoba.org\/index.php?rest_route=%2Fwp%2Fv2%2Fmedia&parent=9542"}],"wp:term":[{"taxonomy":"category","embeddable":true,"href":"https:\/\/atecordoba.org\/index.php?rest_route=%2Fwp%2Fv2%2Fcategories&post=9542"},{"taxonomy":"post_tag","embeddable":true,"href":"https:\/\/atecordoba.org\/index.php?rest_route=%2Fwp%2Fv2%2Ftags&post=9542"}],"curies":[{"name":"wp","href":"https:\/\/api.w.org\/{rel}","templated":true}]}}