{"id":9528,"date":"2018-01-05T12:49:25","date_gmt":"2018-01-05T15:49:25","guid":{"rendered":"http:\/\/www.atecordoba.org\/?p=9528"},"modified":"2018-01-05T12:49:25","modified_gmt":"2018-01-05T15:49:25","slug":"paro-nacional-ate-cordoba-se-movilizo-a-senasa-y-reclamo-por-la-situacion-de-fabricaciones-militares","status":"publish","type":"post","link":"https:\/\/atecordoba.org\/?p=9528","title":{"rendered":"Paro nacional: ATE C\u00f3rdoba se moviliz\u00f3 a Senasa y reclam\u00f3 por la situaci\u00f3n de Fabricaciones Militares"},"content":{"rendered":"<p><em>En el marco de la medida de fuerza que se desarroll\u00f3 en todo el pa\u00eds, el Consejo Directivo Provincial y las tres seccionales del interior marcharon por el centro de C\u00f3rdoba. (fotograf\u00eda gentileza Micka Hubeli)<\/em><\/p>\n<p><img loading=\"lazy\" decoding=\"async\" class=\"aligncenter size-full wp-image-9529\" src=\"http:\/\/www.atecordoba.org\/wp-content\/uploads\/2018\/01\/general-e1515166649387.jpg\" alt=\"\" width=\"550\" height=\"324\"><\/p>\n<p>A partir de lo resuelto por la conducci\u00f3n nacional de ATE, ante la ola de despidos en el Estado que exige una respuesta contundente e inequ\u00edvoca de los trabajadores, el Consejo Directivo Provincial&nbsp; realiz\u00f3 ayer una marcha en la ciudad de C\u00f3rdoba, con epicentro en la delegaci\u00f3n local de SENASA, que cont\u00f3 con la presencia de compa\u00f1eros de capital e interior, movilizados para dar respuesta a la pol\u00edtica de ajuste de Macri.<\/p>\n<p>La movilizaci\u00f3n estuvo encabezada por la secretaria General Mar\u00eda Liliana Salerno y cont\u00f3 con la presencia de los compa\u00f1eros secretario General de la seccional R\u00edo Tercero, Cristian Colman,&nbsp; de R\u00edo Cuarto, Walter Avalos, y el secretario Gremial de Villa Mar\u00eda, Jorge Heredia. A su vez, tambi\u00e9n particip\u00f3 el secretario General de la CTA-A R\u00edo Cuarto Federico Giuliani. Fue importante la participaci\u00f3n de compa\u00f1eros delegados y activistas de ATE de C\u00f3rdoba Capital.<\/p>\n<p><img loading=\"lazy\" decoding=\"async\" class=\"aligncenter size-full wp-image-9530\" src=\"http:\/\/www.atecordoba.org\/wp-content\/uploads\/2018\/01\/dirigentes-ate-cordoba-e1515166685164.jpg\" alt=\"\" width=\"550\" height=\"327\"><\/p>\n<p>A su vez, se cont\u00f3 con acompa\u00f1amiento de compa\u00f1eros de la Corriente Sindical del MST, la Asamblea de Ciencia y T\u00e9cnica de los trabajadores de Conicet y del cuerpo de delegados de UTA enfrentado con su conducci\u00f3n nacional.<\/p>\n<p>Una ruidosa columna parti\u00f3 de la sede de ATE a media ma\u00f1ana, cuando arribaron las delegaciones del interior, irrumpiendo en la zona bancaria donde se encuentra la delegaci\u00f3n de Senasa.<\/p>\n<p>All\u00ed se realiz\u00f3 un primer acto, indispensable, ante la crudeza del ajuste que enfrenta el organismo, propio del desguace que nuestros dirigentes denunciaron que sufre gran parte del Estado a partir de la gesti\u00f3n macrista.<\/p>\n<p><img loading=\"lazy\" decoding=\"async\" class=\"aligncenter size-full wp-image-9535\" src=\"http:\/\/www.atecordoba.org\/wp-content\/uploads\/2018\/01\/salerno-4-e1515166910196.jpg\" alt=\"\" width=\"550\" height=\"367\"><\/p>\n<p>&nbsp;<\/p>\n<p>En Senasa es particularmente dura esta situaci\u00f3n desde que en el Ministerio de Agroindustria fuera nombrado el presidente de la Sociedad Rural Argentina, un estafador denunciado por su propia familia por vaciamiento de empresas que est\u00e1 siendo investigado por la Justicia entrerriana, de donde &nbsp;es oriundo.<\/p>\n<p>Salerno explic\u00f3 el plan de lucha que ATE est\u00e1 desarrollando a partir de los despidos que las autoridades de Senasa informaron en diciembre. Seguidamente, cedi\u00f3 la palabra a Walter Avalos, que es trabajador del sector.<\/p>\n<p><img loading=\"lazy\" decoding=\"async\" class=\"aligncenter size-full wp-image-9532\" src=\"http:\/\/www.atecordoba.org\/wp-content\/uploads\/2018\/01\/alejandra-agnone-e1515166765931.jpg\" alt=\"\" width=\"550\" height=\"367\"><\/p>\n<p>El dirigente afirm\u00f3 que \u201cno solo venimos a denunciar que hubo despidos en el organismo sino tambi\u00e9n denunciamos la transferencia de funciones espec\u00edficas al sector privado, poniendo en riesgo la salud de toda la sociedad. Es una clara desidia del gobierno nacional. Como respuesta, nosotros transcurrimos estos tiempos de lucha con movilizaciones muy grandes, como la \u00faltima al Congreso, y a pesar de esto los legisladores votaron en contra de los jubilados y del pueblo\u201d.<\/p>\n<p><img loading=\"lazy\" decoding=\"async\" class=\"aligncenter size-full wp-image-9533\" src=\"http:\/\/www.atecordoba.org\/wp-content\/uploads\/2018\/01\/volante-e1515166825514.jpg\" alt=\"\" width=\"550\" height=\"345\"><\/p>\n<p>Avalos se\u00f1al\u00f3 &nbsp;que frente a \u201cmomentos donde vemos nuestras garant\u00edas constitucionales perdidas, los trabajadores entendemos que el \u00fanico camino que queda es el de la organizaci\u00f3n y la lucha. Por eso ATE un 4 de enero est\u00e1 haciendo un paro y movilizando en todo el pa\u00eds. Esto es algo in\u00e9dito y hay que valorar de nuestra organizaci\u00f3n sindical. Con dirigentes que est\u00e1n a la cabeza de los conflictos y no escondidos en los despachos con miedo al carpetazo\u201d, cerr\u00f3 ante el aplauso generalizado.<\/p>\n<p>Posteriormente, Giuliani tom\u00f3 la palabra. \u201cTenemos una fe inquebrantable en nuestro pueblo. Son los trabajadores y trabajadoras&nbsp; quien hoy 4 de enero le estamos haciendo el primer paro y movilizaci\u00f3n del 2018 al gobierno de Macri\u201d, alent\u00f3.<\/p>\n<p><img loading=\"lazy\" decoding=\"async\" class=\"aligncenter size-full wp-image-9534\" src=\"http:\/\/www.atecordoba.org\/wp-content\/uploads\/2018\/01\/caja-de-jubilaciones-e1515166862524.jpg\" alt=\"\" width=\"550\" height=\"367\"><\/p>\n<p>El referente de la CTA riocuartense agreg\u00f3 que \u201cvenimos a denunciar el vaciamiento que el Ministerio de Agroindustria hace de nuestro organismo, quitando todas las capacidades de control. Este gobierno tom\u00f3 la decisi\u00f3n pol\u00edtica de darle el control sanitario a la Sociedad Rural y a las empresas privadas. Vienen a poner en pr\u00e1ctica los postulados dela dictadura que dec\u00edan \u2018achicar el Estado para agrandar la Naci\u00f3n\u2019. Pero ac\u00e1 est\u00e1 ATE, est\u00e1 la CTA, para decirle \u2018achicar un carajo, vamos por un Estado al servicio de las mayor\u00edas populares\u2019\u201d.<\/p>\n<p><img loading=\"lazy\" decoding=\"async\" class=\"aligncenter size-full wp-image-9531\" src=\"http:\/\/www.atecordoba.org\/wp-content\/uploads\/2018\/01\/WhatsApp-Image-2018-01-04-at-16.13.40-e1515166731253.jpeg\" alt=\"\" width=\"550\" height=\"413\"><\/p>\n<p>&nbsp;<\/p>\n<p>Por \u00faltimo, para cerrar ese breve acto, la delegada de Senasa en el Centro Regional, Alejandra Agnone, detall\u00f3 denunci\u00f3 \u201cla quita de funciones que conlleva un riesgo fitosanitario que pone en riesgo nuestras exportaciones y el consumo de nuestra sociedad. ATE Senasa va a realizar una denuncia internacional sobre este tema. Sabemos que los despidos del Senasa son el principio del desguace del organismo. Y por eso le decimos al gobierno nacional que estamos en un plan de lucha para detenerlo\u201d.<\/p>\n<p><strong>Fabriqueros<\/strong><\/p>\n<p><img loading=\"lazy\" decoding=\"async\" class=\"aligncenter size-full wp-image-9536\" src=\"http:\/\/www.atecordoba.org\/wp-content\/uploads\/2018\/01\/frente-a-la-anses-e1515166956397.jpg\" alt=\"\" width=\"550\" height=\"345\"><\/p>\n<p>Acto seguido, la movilizaci\u00f3n apunt\u00f3 a la sede de Anses para finalizar en la esquina de Olmos y Rivadavia, donde tomaron la palabra los representantes de las fabricas militares que viven un duro conflicto a partir del despido de 59 trabajadores en C\u00f3rdoba, el posible cierre de la planta de producci\u00f3n que el organismo tiene en la localidad bonaerense de Azul y el vaciamiento generalizado del resto de las f\u00e1bricas.<\/p>\n<p>En tal sentido, Mar\u00eda Liliana Salerno dijo a los compa\u00f1eros presentes que \u201choy (por ayer) es un d\u00eda de luto para la industria nacional. Cada f\u00e1brica que se cierra es un dolor profundo. Nosotros venimos denunciando que ya sabemos que se viene m\u00e1s ajuste en todos los sectores, adem\u00e1s de Fabricaciones Militares. Lo \u00fanico que nos mantiene en pie es la lucha y la organizaci\u00f3n a nivel nacional es quien decide como continuar el plan de lucha de los trabajadores estatales\u201d.<\/p>\n<p><img loading=\"lazy\" decoding=\"async\" class=\"aligncenter size-full wp-image-9537\" src=\"http:\/\/www.atecordoba.org\/wp-content\/uploads\/2018\/01\/colman-e1515167103748.jpg\" alt=\"\" width=\"550\" height=\"367\"><\/p>\n<p>La secretaria General de C\u00f3rdoba dijo que tambi\u00e9n hablar\u00edan los compa\u00f1eros de R\u00edo Tercero y Villa Mar\u00eda para que cada sector tuviera su voz presente.<\/p>\n<p>Seguidamente Cristian Colman, desde R\u00edo Tercero alert\u00f3 que \u201cestamos sufriendo un plan perverso, creemos que es peor que los \u201990 porque hay m\u00e1s de 90 mil contratados en el Estado nacional, que quedan en la calle sin siquiera una indemnizaci\u00f3n, debido al estado de precarizaci\u00f3n que tienen por estar por a\u00f1os contratados\u201d.<\/p>\n<p><img loading=\"lazy\" decoding=\"async\" class=\"aligncenter size-full wp-image-9538\" src=\"http:\/\/www.atecordoba.org\/wp-content\/uploads\/2018\/01\/bombos-3-e1515167224280.jpg\" alt=\"\" width=\"550\" height=\"367\"><\/p>\n<p>En esa l\u00ednea, sostuvo que \u201cen Azul cerr\u00f3 la f\u00e1brica y 250 trabajadores est\u00e1n desamparados. En R\u00edo Tercero tuvimos 29 despidos y le exigimos al ministro Aguad que nos muestre el legajo de cada uno de esos compa\u00f1eros para ver cu\u00e1l fue el criterio para sacarlos, no lo tienen. Echan a los profesionales, a compa\u00f1eros cualificados, lo mismo pasa en Azul en Beltr\u00e1n, en Villa Mar\u00eda. &nbsp;Por eso venimos a demostrar en la pelea que no nos van a quebrar, vamos a resistir como siempre. Hace 92 a\u00f1os que somos coherentes, ni tenemos que escondernos los dirigentes ante ning\u00fan apriete\u201d.<\/p>\n<p>Y finaliz\u00f3 afirmando que \u201c\u00fanicamente este sindicato sabe defender a cada uno de los trabajadores del Estado, nacional, provincial o municipal. Siempre nos van a encontrar en la calle como ATE est\u00e1 acostumbrado, para defender la fuente de laburo\u201d.<\/p>\n<p><img loading=\"lazy\" decoding=\"async\" class=\"aligncenter size-full wp-image-9539\" src=\"http:\/\/www.atecordoba.org\/wp-content\/uploads\/2018\/01\/secondino-e1515167252222.jpg\" alt=\"\" width=\"550\" height=\"389\"><\/p>\n<p>En \u00faltimo t\u00e9rmino, en representaci\u00f3n de la f\u00e1brica de p\u00f3lvora de Villa Mar\u00eda habl\u00f3 el compa\u00f1ero Walter Secondino, secretario Administrativo del CDP. \u201cEsto es nada m\u00e1s que una lucha entre explotadores y explotados\u201d, lanz\u00f3.<\/p>\n<p>Y apunto a la situaci\u00f3n provincial al asegurar que \u201cse necesita m\u00e1s que un presidente apoyado por una banda de ladrones de guante blanco para avanzar sobre nuestros derechos como lo est\u00e1n haciendo; se necesitan alianzas como la que hizo el gobernador de C\u00f3rdoba para que le voten la reforma previsional que todos sabemos que es un saqueo para los jubilados\u201d.<\/p>\n<p><img loading=\"lazy\" decoding=\"async\" class=\"aligncenter size-full wp-image-9540\" src=\"http:\/\/www.atecordoba.org\/wp-content\/uploads\/2018\/01\/sensasa-e1515167319594.jpg\" alt=\"\" width=\"550\" height=\"341\"><\/p>\n<p>El acto finaliz\u00f3 con expresiones de apoyo a la lucha de las compa\u00f1eras choferes de trolebuses, los trabajadores de ciencia y t\u00e9cnica y el resto de los que sostienen el conflicto, resistiendo el ajuste.<\/p>\n","protected":false},"excerpt":{"rendered":"<p>En el marco de la medida de fuerza que se desarroll\u00f3 en todo el pa\u00eds, el Consejo Directivo Provincial y las tres seccionales del interior marcharon por el centro de C\u00f3rdoba. (fotograf\u00eda gentileza Micka Hubeli) A partir de lo resuelto por la conducci\u00f3n nacional de ATE, ante la ola de despidos en el Estado que [&hellip;]<\/p>\n","protected":false},"author":1,"featured_media":19220,"comment_status":"open","ping_status":"open","sticky":false,"template":"","format":"standard","meta":{"_exactmetrics_skip_tracking":false,"_exactmetrics_sitenote_active":false,"_exactmetrics_sitenote_note":"","_exactmetrics_sitenote_category":0,"jnews-multi-image_gallery":[],"jnews_single_post":[],"jnews_primary_category":[],"jnews_social_meta":[],"jnews_review":[],"enable_review":"","type":"","name":"","summary":"","brand":"","sku":"","good":[],"bad":[],"score_override":"","override_value":"","rating":[],"price":[],"jnews_override_counter":[],"jnews_post_split":[],"footnotes":""},"categories":[10,21],"tags":[],"class_list":["post-9528","post","type-post","status-publish","format-standard","has-post-thumbnail","hentry","category-accion-politica","category-paro-nacional"],"jetpack_featured_media_url":"https:\/\/atecordoba.org\/wp-content\/uploads\/2020\/05\/logo-nuevochico-e1561581322808.png","_links":{"self":[{"href":"https:\/\/atecordoba.org\/index.php?rest_route=\/wp\/v2\/posts\/9528","targetHints":{"allow":["GET"]}}],"collection":[{"href":"https:\/\/atecordoba.org\/index.php?rest_route=\/wp\/v2\/posts"}],"about":[{"href":"https:\/\/atecordoba.org\/index.php?rest_route=\/wp\/v2\/types\/post"}],"author":[{"embeddable":true,"href":"https:\/\/atecordoba.org\/index.php?rest_route=\/wp\/v2\/users\/1"}],"replies":[{"embeddable":true,"href":"https:\/\/atecordoba.org\/index.php?rest_route=%2Fwp%2Fv2%2Fcomments&post=9528"}],"version-history":[{"count":0,"href":"https:\/\/atecordoba.org\/index.php?rest_route=\/wp\/v2\/posts\/9528\/revisions"}],"wp:featuredmedia":[{"embeddable":true,"href":"https:\/\/atecordoba.org\/index.php?rest_route=\/wp\/v2\/media\/19220"}],"wp:attachment":[{"href":"https:\/\/atecordoba.org\/index.php?rest_route=%2Fwp%2Fv2%2Fmedia&parent=9528"}],"wp:term":[{"taxonomy":"category","embeddable":true,"href":"https:\/\/atecordoba.org\/index.php?rest_route=%2Fwp%2Fv2%2Fcategories&post=9528"},{"taxonomy":"post_tag","embeddable":true,"href":"https:\/\/atecordoba.org\/index.php?rest_route=%2Fwp%2Fv2%2Ftags&post=9528"}],"curies":[{"name":"wp","href":"https:\/\/api.w.org\/{rel}","templated":true}]}}