{"id":9518,"date":"2018-01-03T10:15:45","date_gmt":"2018-01-03T13:15:45","guid":{"rendered":"http:\/\/www.atecordoba.org\/?p=9518"},"modified":"2018-01-03T10:15:45","modified_gmt":"2018-01-03T13:15:45","slug":"ate-presento-un-amparo-frente-a-la-inconstitucional-reforma-previsional","status":"publish","type":"post","link":"https:\/\/atecordoba.org\/?p=9518","title":{"rendered":"ATE present\u00f3 un amparo frente a la inconstitucional Reforma Previsional"},"content":{"rendered":"<p><em>ATE inici\u00f3 un amparo para 18 millones de trabajadores cuyos derechos patrimoniales y alimentarios son vulnerados por la sanci\u00f3n de la ley 27.426. Nuestra organizaci\u00f3n se present\u00f3 a la Justicia en representaci\u00f3n de los compa\u00f1eros Lidia Meza y Oscar Cacho Mengarelli, dirigentes de Centro de Jubilados nacional de ATE.<\/em><\/p>\n<p><img loading=\"lazy\" decoding=\"async\" class=\"aligncenter size-full wp-image-9519\" src=\"http:\/\/www.atecordoba.org\/wp-content\/uploads\/2018\/01\/bandera-contra-la-reforma-e1514985119255.jpg\" alt=\"\" width=\"550\" height=\"355\"><\/p>\n<p>&nbsp;<\/p>\n<p style=\"font-weight: 400;\">La Asociaci\u00f3n de Trabajadores del Estado se present\u00f3 el 29 de diciembre de 2017 en el Juzgado N\u00b08&nbsp; de la C\u00e1mara Federal de la Seguridad Social y el amparo qued\u00f3 registrado en el expte. N\u00b0 CSS\/140837\/2017. Durante la feria actuar\u00e1 el Juzgado Federal de la Seguridad Social N\u00b0 3 a cargo del juez federal Walter Carnota.<\/p>\n<p style=\"font-weight: 400;\">La misma lleva la firma del Secretario General de ATE, Hugo \u201cCachorro\u201d Godoy en representaci\u00f3n de la instituci\u00f3n y de los jubilados nacionales Lidia Meza y Oscar &nbsp;Mengarelli en condici\u00f3n de damnificados. Las presentaciones est\u00e1n a cargo de Horacio Gonz\u00e1lez, miembro del equipo jur\u00eddico de ATE nacional y del Centro de Jubilados y Pensionados de ATE.<\/p>\n<figure id=\"attachment_9520\" aria-describedby=\"caption-attachment-9520\" style=\"width: 550px\" class=\"wp-caption alignright\"><img loading=\"lazy\" decoding=\"async\" class=\"wp-image-9520 size-full\" src=\"http:\/\/www.atecordoba.org\/wp-content\/uploads\/2018\/01\/cacho.png\" alt=\"\" width=\"550\" height=\"366\"><figcaption id=\"caption-attachment-9520\" class=\"wp-caption-text\">Oscar Mengarelli<\/figcaption><\/figure>\n<p style=\"font-weight: 400;\">La presentaci\u00f3n explica que la norma viola derechos constitucionales y tratados internacionales. Resultan afectados en forma directa los derechos de propiedad y la movilidad de todos los jubilados y pensionados nacionales; titulares de pensiones no contributivas; quienes perciben las asignaciones familiares; beneficiarios de la Asignaci\u00f3n Universal por Hijo y los veteranos de Malvinas. Pero, tambi\u00e9n, con el transcurso del tiempo se ver\u00e1n lesionados los derechos de todos los trabajadores activos que se jubilen, en tanto se fija para el c\u00e1lculo de su haber previsional inicial una pauta de actualizaci\u00f3n de sus remuneraciones menos favorable, que la que reg\u00eda hasta el 2017.<\/p>\n<p style=\"font-weight: 400;\">En la ley 27.426 no encontramos una sola disposici\u00f3n que tenga por finalidad mejorar las condiciones de vida de los trabajadores alcanzados por la norma legal. La llamada \u201creforma previsional\u201d, junto con la tributaria vulnera los derechos del conjunto de los trabajadores activos y pasivos, desfinancia el sistema de seguridad social y transfiere recursos en forma discrecional y arbitraria, en favor del Estado y de los privados.<\/p>\n<p style=\"font-weight: 400;\">La f\u00f3rmula de movilidad de la ley 26417 establec\u00eda un aumento semestral que combina la variaci\u00f3n del 50% del incremento salarial y el 50% del aumento de los recursos tributarios de la Anses. La nueva f\u00f3rmula estipula que la movilidad se basar\u00e1 en un 70% por la variaci\u00f3n del \u00edndice de precios al consumidor determinado por el INDEC y el 30% restante por el coeficiente que surja de la variaci\u00f3n de la Remuneraci\u00f3n Imponible Promedio de los Trabajadores Estables RIPTE.<\/p>\n<p style=\"font-weight: 400;\">La vinculaci\u00f3n de las prestaciones de la seguridad social con el salario fue consagrada por la Corte desde el precedente \u201cBercaitz\u201d (1974) y reiterada, m\u00e1s recientemente, en los casos \u201cS\u00e1nchez\u201d (2005) y \u201cBadaro\u201d (2007).&nbsp;&nbsp;<\/p>\n<p style=\"font-weight: 400;\">La nueva ley es una norma de exclusivo contenido fiscalista, sancionada con un \u00fanico objeto: \u201cgenerar un fuerte ahorro fiscal\u201d. El contenido fiscalista se visualiza en que todos los trabajos y comentarios referidos a esta norma est\u00e1n dirigidos a determinar cu\u00e1l es el \u201calivio de las cuentas fiscales\u201d.<\/p>\n<figure id=\"attachment_9521\" aria-describedby=\"caption-attachment-9521\" style=\"width: 270px\" class=\"wp-caption alignleft\"><img loading=\"lazy\" decoding=\"async\" class=\"wp-image-9521 size-full\" src=\"http:\/\/www.atecordoba.org\/wp-content\/uploads\/2018\/01\/lidia-meza-cnjate.jpg\" alt=\"\" width=\"270\" height=\"186\"><figcaption id=\"caption-attachment-9521\" class=\"wp-caption-text\">Lidia Meza<\/figcaption><\/figure>\n<p style=\"font-weight: 400;\">La ley 27426 sigue los lineamientos dados por el FMI, en el marco del art. IV del Convenio de Consulta, donde le aconsej\u00f3 al Gobierno Argentino, tomando en cuenta que \u201clos gastos de las pensiones aumentaron por la expansi\u00f3n en el n\u00famero de beneficiarios y la creaci\u00f3n de una pensi\u00f3n no contributiva\u201d para darle sustentabilidad al sistema previsional, entre otras medidas cambiar la edad de jubilaci\u00f3n de las mujeres de 60 a 65 a\u00f1os, reducir el haber inicial, es decir bajar la tasa de sustituci\u00f3n, modificar la f\u00f3rmula de actualizaci\u00f3n de la ley de movilidad y transferir programas sociales de la Anses al \u00e1rea de Desarrollo Social o Educaci\u00f3n.<\/p>\n<p style=\"font-weight: 400;\">La pol\u00edtica en curso, conforme la orientaci\u00f3n de los organismos financieros internacionales, tiene por finalidad generar un espacio para volver a implantar los seguros privados en materia de jubilaciones.&nbsp;<\/p>\n<p style=\"font-weight: 400;\">Estamos en presencia de una pol\u00edtica de destrucci\u00f3n de derechos y de asistencializaci\u00f3n de los sistemas de seguridad social contrapuesta a la Constituci\u00f3n Nacional. Esta \u00faltima reconoce a los trabajadores el derecho a percibir una jubilaci\u00f3n digna que garantice, a lo largo del tiempo, su nivel de vida, generalizando un r\u00e9gimen universal de movilidad vinculado al 82% del salario en actividad.<\/p>\n<p>&nbsp;<\/p>\n","protected":false},"excerpt":{"rendered":"<p>ATE inici\u00f3 un amparo para 18 millones de trabajadores cuyos derechos patrimoniales y alimentarios son vulnerados por la sanci\u00f3n de la ley 27.426. Nuestra organizaci\u00f3n se present\u00f3 a la Justicia en representaci\u00f3n de los compa\u00f1eros Lidia Meza y Oscar Cacho Mengarelli, dirigentes de Centro de Jubilados nacional de ATE. &nbsp; La Asociaci\u00f3n de Trabajadores del [&hellip;]<\/p>\n","protected":false},"author":1,"featured_media":19220,"comment_status":"open","ping_status":"open","sticky":false,"template":"","format":"standard","meta":{"_exactmetrics_skip_tracking":false,"_exactmetrics_sitenote_active":false,"_exactmetrics_sitenote_note":"","_exactmetrics_sitenote_category":0,"jnews-multi-image_gallery":[],"jnews_single_post":[],"jnews_primary_category":[],"jnews_social_meta":[],"jnews_review":[],"enable_review":"","type":"","name":"","summary":"","brand":"","sku":"","good":[],"bad":[],"score_override":"","override_value":"","rating":[],"price":[],"jnews_override_counter":[],"jnews_post_split":[],"footnotes":""},"categories":[22],"tags":[],"class_list":["post-9518","post","type-post","status-publish","format-standard","has-post-thumbnail","hentry","category-jubilados"],"jetpack_featured_media_url":"https:\/\/atecordoba.org\/wp-content\/uploads\/2020\/05\/logo-nuevochico-e1561581322808.png","_links":{"self":[{"href":"https:\/\/atecordoba.org\/index.php?rest_route=\/wp\/v2\/posts\/9518","targetHints":{"allow":["GET"]}}],"collection":[{"href":"https:\/\/atecordoba.org\/index.php?rest_route=\/wp\/v2\/posts"}],"about":[{"href":"https:\/\/atecordoba.org\/index.php?rest_route=\/wp\/v2\/types\/post"}],"author":[{"embeddable":true,"href":"https:\/\/atecordoba.org\/index.php?rest_route=\/wp\/v2\/users\/1"}],"replies":[{"embeddable":true,"href":"https:\/\/atecordoba.org\/index.php?rest_route=%2Fwp%2Fv2%2Fcomments&post=9518"}],"version-history":[{"count":0,"href":"https:\/\/atecordoba.org\/index.php?rest_route=\/wp\/v2\/posts\/9518\/revisions"}],"wp:featuredmedia":[{"embeddable":true,"href":"https:\/\/atecordoba.org\/index.php?rest_route=\/wp\/v2\/media\/19220"}],"wp:attachment":[{"href":"https:\/\/atecordoba.org\/index.php?rest_route=%2Fwp%2Fv2%2Fmedia&parent=9518"}],"wp:term":[{"taxonomy":"category","embeddable":true,"href":"https:\/\/atecordoba.org\/index.php?rest_route=%2Fwp%2Fv2%2Fcategories&post=9518"},{"taxonomy":"post_tag","embeddable":true,"href":"https:\/\/atecordoba.org\/index.php?rest_route=%2Fwp%2Fv2%2Ftags&post=9518"}],"curies":[{"name":"wp","href":"https:\/\/api.w.org\/{rel}","templated":true}]}}