{"id":9513,"date":"2017-12-28T11:45:54","date_gmt":"2017-12-28T14:45:54","guid":{"rendered":"http:\/\/www.atecordoba.org\/?p=9513"},"modified":"2020-05-14T10:20:30","modified_gmt":"2020-05-14T13:20:30","slug":"confirmado-el-11-de-la-pauta-provincial-es-insuficiente","status":"publish","type":"post","link":"https:\/\/atecordoba.org\/?p=9513","title":{"rendered":"Confirmado: el 11% de la pauta provincial es insuficiente"},"content":{"rendered":"<p><em>ATE ten\u00eda raz\u00f3n cuando denunci\u00f3 por insuficiente la pauta salarial para el 2018, ante las proyecciones inflacionarias hechas hoy por el gobierno nacional.<\/em><\/p>\n<p><img loading=\"lazy\" decoding=\"async\" class=\"aligncenter size-full wp-image-7873\" src=\"http:\/\/atecordoba.org\/wp-content\/uploads\/2020\/05\/bandera-ultima-e1485802350149.jpg\" alt=\"\" width=\"250\" height=\"181\" \/><\/p>\n<p>El anuncio que realiz\u00f3 esta ma\u00f1ana el gobierno nacional, aumentando a 15% la expectativa inflacionaria para el a\u00f1o que viene, destroz\u00f3 las bases del acuerdo salarial de Schiaretti con un gremio de \u00e1mbito provincial y puso en evidencia que ATE ten\u00eda raz\u00f3n al denunciarlo por espurio e insuficiente.<\/p>\n<p>La realidad no tard\u00f3 una semana en sacar a la luz que la Provincia proyecta una enorme p\u00e9rdida del salario real de los trabajadores y que cuenta con eficientes aliados para llevar a cabo la tarea.<\/p>\n<p>As\u00ed, no extra\u00f1a la rapidez\u00a0 de la firma del acuerdo mientras los trabajadores resist\u00edamos el ajuste previsional que el gobierno de Macri impuso hace 10 d\u00edas.<\/p>\n<p>En este marco vale preguntarse \u00bfcu\u00e1l era el apuro de firmar una pauta salarial a mediados de diciembre que hist\u00f3ricamente se discute entre enero y febrero? Sobre todo atento a que con esa pauta el 60% de los provinciales no podr\u00e1 cubrir la canasta familiar, y los anuncios de aumentos de impuestos y servicios superan largamente el 11% acordado.<\/p>\n<p>En consecuencia, desde ATE reclamamos la urgente convocatoria a una mesa de discusi\u00f3n salarial, seria y responsable, donde tengan lugar todas las organizaciones con representaci\u00f3n gremial en la provincia, para abordar la defensa del poder adquisitivo de los trabajadores. No nos quedaremos de brazos cruzados mientras le saquean el pan a nuestras familias.<\/p>\n<p>Mar\u00eda Liliana Salerno<\/p>\n<p>Secretaria General<\/p>\n","protected":false},"excerpt":{"rendered":"<p>ATE ten\u00eda raz\u00f3n cuando denunci\u00f3 por insuficiente la pauta salarial para el 2018, ante las proyecciones inflacionarias hechas hoy por el gobierno nacional. El anuncio que realiz\u00f3 esta ma\u00f1ana el gobierno nacional, aumentando a 15% la expectativa inflacionaria para el a\u00f1o que viene, destroz\u00f3 las bases del acuerdo salarial de Schiaretti con un gremio de [&hellip;]<\/p>\n","protected":false},"author":1,"featured_media":15025,"comment_status":"open","ping_status":"open","sticky":false,"template":"","format":"standard","meta":{"_exactmetrics_skip_tracking":false,"_exactmetrics_sitenote_active":false,"_exactmetrics_sitenote_note":"","_exactmetrics_sitenote_category":0,"jnews-multi-image_gallery":[],"jnews_single_post":{"subtitle":"","format":"standard","video":"","gallery":"","source_name":"","source_url":"","via_name":"","via_url":"","override_template":"0","override":[{"template":"1","single_blog_custom":"","parallax":"1","fullscreen":"0","layout":"right-sidebar","sidebar":"default-sidebar","second_sidebar":"default-sidebar","sticky_sidebar":"1","share_position":"top","share_float_style":"share-monocrhome","show_share_counter":"1","show_view_counter":"1","show_featured":"1","show_post_meta":"1","show_post_author":"1","show_post_author_image":"1","show_post_date":"1","post_date_format":"default","post_date_format_custom":"Y\/m\/d","show_post_category":"1","show_post_reading_time":"0","post_reading_time_wpm":"300","show_zoom_button":"0","zoom_button_out_step":"2","zoom_button_in_step":"3","show_post_tag":"1","show_prev_next_post":"1","show_popup_post":"1","number_popup_post":"1","show_author_box":"0","show_post_related":"0","show_inline_post_related":"0"}],"override_image_size":"0","image_override":[{"single_post_thumbnail_size":"crop-500","single_post_gallery_size":"crop-500"}],"trending_post":"0","trending_post_position":"meta","trending_post_label":"Trending","sponsored_post":"0","sponsored_post_label":"Sponsored by","sponsored_post_name":"","sponsored_post_url":"","sponsored_post_logo_enable":"0","sponsored_post_logo":"","sponsored_post_desc":""},"jnews_primary_category":{"id":""},"jnews_social_meta":{"fb_title":"","fb_description":"","fb_image":"","twitter_title":"","twitter_description":"","twitter_image":""},"jnews_review":[],"enable_review":"0","type":"percentage","name":"","summary":"","brand":"","sku":"","good":[{"good_text":""}],"bad":[{"bad_text":""}],"score_override":"","override_value":"","rating":[{"rating_text":"","rating_number":"10"}],"price":[{"shop":"","price":"","link":"","icon":""}],"jnews_override_counter":{"override_view_counter":"0","view_counter_number":"0","override_share_counter":"0","share_counter_number":"0","override_like_counter":"0","like_counter_number":"0","override_dislike_counter":"0","dislike_counter_number":"0"},"jnews_post_split":{"enable_post_split":"0","post_split":[{"template":"1","tag":"h2","numbering":"asc","mode":"normal"}]},"footnotes":""},"categories":[53,8],"tags":[],"class_list":["post-9513","post","type-post","status-publish","format-standard","has-post-thumbnail","hentry","category-comunicados-de-prensa","category-provinciales"],"jetpack_featured_media_url":"https:\/\/atecordoba.org\/wp-content\/uploads\/2020\/05\/bandera-ultima-e1485802350149.jpg","_links":{"self":[{"href":"https:\/\/atecordoba.org\/index.php?rest_route=\/wp\/v2\/posts\/9513","targetHints":{"allow":["GET"]}}],"collection":[{"href":"https:\/\/atecordoba.org\/index.php?rest_route=\/wp\/v2\/posts"}],"about":[{"href":"https:\/\/atecordoba.org\/index.php?rest_route=\/wp\/v2\/types\/post"}],"author":[{"embeddable":true,"href":"https:\/\/atecordoba.org\/index.php?rest_route=\/wp\/v2\/users\/1"}],"replies":[{"embeddable":true,"href":"https:\/\/atecordoba.org\/index.php?rest_route=%2Fwp%2Fv2%2Fcomments&post=9513"}],"version-history":[{"count":1,"href":"https:\/\/atecordoba.org\/index.php?rest_route=\/wp\/v2\/posts\/9513\/revisions"}],"predecessor-version":[{"id":19355,"href":"https:\/\/atecordoba.org\/index.php?rest_route=\/wp\/v2\/posts\/9513\/revisions\/19355"}],"wp:featuredmedia":[{"embeddable":true,"href":"https:\/\/atecordoba.org\/index.php?rest_route=\/wp\/v2\/media\/15025"}],"wp:attachment":[{"href":"https:\/\/atecordoba.org\/index.php?rest_route=%2Fwp%2Fv2%2Fmedia&parent=9513"}],"wp:term":[{"taxonomy":"category","embeddable":true,"href":"https:\/\/atecordoba.org\/index.php?rest_route=%2Fwp%2Fv2%2Fcategories&post=9513"},{"taxonomy":"post_tag","embeddable":true,"href":"https:\/\/atecordoba.org\/index.php?rest_route=%2Fwp%2Fv2%2Ftags&post=9513"}],"curies":[{"name":"wp","href":"https:\/\/api.w.org\/{rel}","templated":true}]}}