{"id":9507,"date":"2017-12-27T16:43:02","date_gmt":"2017-12-27T19:43:02","guid":{"rendered":"http:\/\/www.atecordoba.org\/?p=9507"},"modified":"2017-12-27T16:43:02","modified_gmt":"2017-12-27T19:43:02","slug":"iose-eligio-delegados-en-villa-belgrano","status":"publish","type":"post","link":"https:\/\/atecordoba.org\/?p=9507","title":{"rendered":"Iose eligi\u00f3 delegado en Villa Belgrano"},"content":{"rendered":"<p><em>Los trabajadores de la hoster\u00eda de la obra social del Ej\u00e9rcito participaron masivamente de la elecci\u00f3n.<\/em><\/p>\n<p><img loading=\"lazy\" decoding=\"async\" class=\"aligncenter size-full wp-image-9508\" src=\"http:\/\/www.atecordoba.org\/wp-content\/uploads\/2017\/12\/delegado-iose-villa-gra-belgrano-e1514403738654.jpeg\" alt=\"\" width=\"300\" height=\"400\"><\/p>\n<p>Se trata de los trabajadores civiles de las Fuerzas Armadas organizados en ATE. Como resultado de la elecci\u00f3n, renov\u00f3 mandato por los pr\u00f3ximos dos a\u00f1os el compa\u00f1ero&nbsp;Santos Eliseo Corradi O&#8217;Connor.<\/p>\n<p>De esta forma ATE consolida su crecimiento organizativo en el sector.<\/p>\n","protected":false},"excerpt":{"rendered":"<p>Los trabajadores de la hoster\u00eda de la obra social del Ej\u00e9rcito participaron masivamente de la elecci\u00f3n. Se trata de los trabajadores civiles de las Fuerzas Armadas organizados en ATE. Como resultado de la elecci\u00f3n, renov\u00f3 mandato por los pr\u00f3ximos dos a\u00f1os el compa\u00f1ero&nbsp;Santos Eliseo Corradi O&#8217;Connor. De esta forma ATE consolida su crecimiento organizativo en [&hellip;]<\/p>\n","protected":false},"author":1,"featured_media":19220,"comment_status":"open","ping_status":"open","sticky":false,"template":"","format":"standard","meta":{"_exactmetrics_skip_tracking":false,"_exactmetrics_sitenote_active":false,"_exactmetrics_sitenote_note":"","_exactmetrics_sitenote_category":0,"jnews-multi-image_gallery":[],"jnews_single_post":[],"jnews_primary_category":[],"jnews_social_meta":[],"jnews_review":[],"enable_review":"","type":"","name":"","summary":"","brand":"","sku":"","good":[],"bad":[],"score_override":"","override_value":"","rating":[],"price":[],"jnews_override_counter":[],"jnews_post_split":[],"footnotes":""},"categories":[99,9],"tags":[],"class_list":["post-9507","post","type-post","status-publish","format-standard","has-post-thumbnail","hentry","category-iose","category-trabajadores-civiles-ff-aa"],"jetpack_featured_media_url":"https:\/\/atecordoba.org\/wp-content\/uploads\/2020\/05\/logo-nuevochico-e1561581322808.png","_links":{"self":[{"href":"https:\/\/atecordoba.org\/index.php?rest_route=\/wp\/v2\/posts\/9507","targetHints":{"allow":["GET"]}}],"collection":[{"href":"https:\/\/atecordoba.org\/index.php?rest_route=\/wp\/v2\/posts"}],"about":[{"href":"https:\/\/atecordoba.org\/index.php?rest_route=\/wp\/v2\/types\/post"}],"author":[{"embeddable":true,"href":"https:\/\/atecordoba.org\/index.php?rest_route=\/wp\/v2\/users\/1"}],"replies":[{"embeddable":true,"href":"https:\/\/atecordoba.org\/index.php?rest_route=%2Fwp%2Fv2%2Fcomments&post=9507"}],"version-history":[{"count":0,"href":"https:\/\/atecordoba.org\/index.php?rest_route=\/wp\/v2\/posts\/9507\/revisions"}],"wp:featuredmedia":[{"embeddable":true,"href":"https:\/\/atecordoba.org\/index.php?rest_route=\/wp\/v2\/media\/19220"}],"wp:attachment":[{"href":"https:\/\/atecordoba.org\/index.php?rest_route=%2Fwp%2Fv2%2Fmedia&parent=9507"}],"wp:term":[{"taxonomy":"category","embeddable":true,"href":"https:\/\/atecordoba.org\/index.php?rest_route=%2Fwp%2Fv2%2Fcategories&post=9507"},{"taxonomy":"post_tag","embeddable":true,"href":"https:\/\/atecordoba.org\/index.php?rest_route=%2Fwp%2Fv2%2Ftags&post=9507"}],"curies":[{"name":"wp","href":"https:\/\/api.w.org\/{rel}","templated":true}]}}