{"id":9503,"date":"2017-12-27T11:35:52","date_gmt":"2017-12-27T14:35:52","guid":{"rendered":"http:\/\/www.atecordoba.org\/?p=9503"},"modified":"2017-12-27T11:35:52","modified_gmt":"2017-12-27T14:35:52","slug":"4-de-enero-paro-nacional-de-ate-contra-los-despidos","status":"publish","type":"post","link":"https:\/\/atecordoba.org\/?p=9503","title":{"rendered":"4 de enero: Paro Nacional de ATE contra los despidos"},"content":{"rendered":"<p><em>Un plenario de delegados de la administraci\u00f3n p\u00fablica central resolvi\u00f3 continuar enfrentando el achique del Estado en el inicio del 2018.<\/em><\/p>\n<p><img loading=\"lazy\" decoding=\"async\" class=\"aligncenter size-full wp-image-9505\" src=\"http:\/\/www.atecordoba.org\/wp-content\/uploads\/2017\/12\/11473_6797-e1514385274506.jpg\" alt=\"\" width=\"550\" height=\"367\"><\/p>\n<p style=\"font-weight: 400;\">En un amplio y extenso debate protagonizado por delegados de los distintos sectores del Estado Nacional de todo el pa\u00eds, la Asociaci\u00f3n Trabajadores del Estado defini\u00f3 la primera medida de fuerza del a\u00f1o entrante, para enfrentar los despidos y la pol\u00edtica de achicamiento de la planta de empleados p\u00fablicos.<\/p>\n<p style=\"font-weight: 400;\">Desde la ma\u00f1ana, representantes de los organismos nacionales expusieron, en la sede del Consejo Directivo Nacional del gremio, la realidad de cada sector, y propusieron estrategias y acciones para confrontar las iniciativas anti-obreras del Gobierno de Cambiemos. &nbsp;<\/p>\n<p style=\"font-weight: 400;\">Cerca de las cuatro de la tarde, m\u00e1s de un centenar de trabajadores y trabajadoras levantaron la mano para aprobar por unanimidad la propuesta surgida del an\u00e1lisis intensivo de la realidad en los ministerios, las dependencias nacionales y los organismos descentralizados:&nbsp;Paro Nacional y movilizaci\u00f3n al Ministerio de Modernizaci\u00f3n, para el pr\u00f3ximo jueves 4 de enero de 2018!<\/p>\n<p style=\"font-weight: 400;\">En la posterior conferencia de prensa, realizada inmediatamente despu\u00e9s de la votaci\u00f3n para informar a la comunidad lo resuelto por los trabajadores estatales,&nbsp;el Secretario General de ATE Nacional, Hugo Cachorro Godoy, explic\u00f3 que la medida se defini\u00f3 \u201canalizando la situaci\u00f3n de esta nueva ola de despidos que est\u00e1 llevando adelante el Gobierno del presidente Macri, como parte de esta Tercer Reforma del Estado, que ha generado ya el a\u00f1o pasado 15 mil despidos en el Estado Nacional y que promueve nuevos despidos en este fin de a\u00f1o, angustiando a todas las familias de los trabajadores, no solamente del Estado Nacional, sino tambi\u00e9n en provincias y municipios, porque con esta pol\u00edtica el gobierno alienta a los gobernadores y jefes comunales\u201d.<\/p>\n<p><img loading=\"lazy\" decoding=\"async\" class=\"aligncenter size-full wp-image-9504\" src=\"http:\/\/www.atecordoba.org\/wp-content\/uploads\/2017\/12\/9a1cada058ef6a11c7e7cebdb081edf9_m-e1514385250322.jpg\" alt=\"\" width=\"550\" height=\"342\"><\/p>\n<p style=\"font-weight: 400;\">En ese marco, ma\u00f1ana se realizar\u00e1 una movilizaci\u00f3n al Ministerio de Defensa para rechazar los 70 despidos conocidos recientemente, y tambi\u00e9n a la ANSES, por otros 30 despidos. Estas medidas sectoriales tendr\u00e1n continuidad&nbsp;unificando acciones en todo el pa\u00eds este jueves 28 de diciembre, cuando se realizar\u00e1 una Jornada Nacional de lucha y asambleas en los lugares de trabajo, para denunciar los despidos y promover el Paro Nacional.<\/p>\n<p style=\"font-weight: 400;\">Durante la jornada se dio a conocer un relevamiento de ATE en el que se contabilizan 550 despidos en los \u00faltimos d\u00edas en organismos del Estado nacional como Fabricaciones Militares, en el Ministerio de Defensa, en ENACOM, SENASA, Ministerio de Energ\u00eda, Modernizaci\u00f3n, Jefatura de Gabinete, Presidencia, INCAA, ANSES, y en el Ministerio de Cultura.<\/p>\n<p style=\"font-weight: 400;\">\u201cEl ministro Ibarra no ha tenido ni la delicadeza ni la responsabilidad de convocar a nuestro gremio para informar sobre las condiciones ni la metodolog\u00eda, de ese estudio de situaci\u00f3n de los planteles en el Estado Nacional que se utiliza como excusa para esta nueva ola de despidos\u201d, reclam\u00f3 Godoy, quien record\u00f3 que \u201ca pesar de que hace m\u00e1s de 3 semanas que nuestro&nbsp; gremio convoc\u00f3 un Paro Nacional el 6 de diciembre&nbsp;reclamando, entre otras cosas, el cese inmediato de los despidos y la posibilidad de constituir una mesa de discusi\u00f3n para revisar los despidos realizados e impedir los que hubieran estado programados,&nbsp;<em style=\"font-style: inherit; font-weight: inherit;\">el Ministerio de los Despidos<\/em>, aun nos ha convocado\u201d.<\/p>\n<p style=\"font-weight: 400;\">En el plenario que defini\u00f3 la medida de fuerza nacional, participaron representantes de los ministerios de Defensa, Cultura, Trabajo, de ENACOM, SENASA, V\u00edas Navegables, INTI, diferentes delegaciones de ANSES, trabajadores Civiles de las Fuerzas Armadas, Provincia de Buenos Aires, Fabricaciones Militares de Villa Mar\u00eda, Rosario, R\u00edo Tercero y Fray Luis Beltran, Conicet, Yacimientos Carbon\u00edferos de R\u00edo Turbio, Jefatura de Gabinete, Conea, INAES, Agricultura Familar, ANAC, Parques Nacionales, diferentes hospitales, entre otros.<\/p>\n<p style=\"font-weight: 400;\">Entre otras propuestas, los trabajadores estatales discutieron sobre la posibilidad de un plan de acciones diversificadas, en el marco de un plan de lucha coordinado, con la necesidad de sumar a diferentes sectores de la sociedad y otros sindicatos, que incluya medidas gremiales, pol\u00edticas y judiciales, sin descartar la posibilidad de recurrir a organismos internacionales para casos particulares. Adem\u00e1s,&nbsp;los delegados y las delegadas coincidieron en rechazar firmemente cualquier acuerdo que acepte o legitime despidos, en cualquier organismo, a cambio de garantizar la paz social.<\/p>\n<p style=\"font-weight: 400;\">El plenario de delegados del Estado Nacional ha resuelto mantenerse en estado permanente de funcionamiento para evaluar la necesidad de nuevas medidas de acci\u00f3n.&nbsp;<\/p>\n","protected":false},"excerpt":{"rendered":"<p>Un plenario de delegados de la administraci\u00f3n p\u00fablica central resolvi\u00f3 continuar enfrentando el achique del Estado en el inicio del 2018. En un amplio y extenso debate protagonizado por delegados de los distintos sectores del Estado Nacional de todo el pa\u00eds, la Asociaci\u00f3n Trabajadores del Estado defini\u00f3 la primera medida de fuerza del a\u00f1o entrante, [&hellip;]<\/p>\n","protected":false},"author":1,"featured_media":19220,"comment_status":"open","ping_status":"open","sticky":false,"template":"","format":"standard","meta":{"_exactmetrics_skip_tracking":false,"_exactmetrics_sitenote_active":false,"_exactmetrics_sitenote_note":"","_exactmetrics_sitenote_category":0,"jnews-multi-image_gallery":[],"jnews_single_post":[],"jnews_primary_category":[],"jnews_social_meta":[],"jnews_review":[],"enable_review":"","type":"","name":"","summary":"","brand":"","sku":"","good":[],"bad":[],"score_override":"","override_value":"","rating":[],"price":[],"jnews_override_counter":[],"jnews_post_split":[],"footnotes":""},"categories":[21],"tags":[],"class_list":["post-9503","post","type-post","status-publish","format-standard","has-post-thumbnail","hentry","category-paro-nacional"],"jetpack_featured_media_url":"https:\/\/atecordoba.org\/wp-content\/uploads\/2020\/05\/logo-nuevochico-e1561581322808.png","_links":{"self":[{"href":"https:\/\/atecordoba.org\/index.php?rest_route=\/wp\/v2\/posts\/9503","targetHints":{"allow":["GET"]}}],"collection":[{"href":"https:\/\/atecordoba.org\/index.php?rest_route=\/wp\/v2\/posts"}],"about":[{"href":"https:\/\/atecordoba.org\/index.php?rest_route=\/wp\/v2\/types\/post"}],"author":[{"embeddable":true,"href":"https:\/\/atecordoba.org\/index.php?rest_route=\/wp\/v2\/users\/1"}],"replies":[{"embeddable":true,"href":"https:\/\/atecordoba.org\/index.php?rest_route=%2Fwp%2Fv2%2Fcomments&post=9503"}],"version-history":[{"count":0,"href":"https:\/\/atecordoba.org\/index.php?rest_route=\/wp\/v2\/posts\/9503\/revisions"}],"wp:featuredmedia":[{"embeddable":true,"href":"https:\/\/atecordoba.org\/index.php?rest_route=\/wp\/v2\/media\/19220"}],"wp:attachment":[{"href":"https:\/\/atecordoba.org\/index.php?rest_route=%2Fwp%2Fv2%2Fmedia&parent=9503"}],"wp:term":[{"taxonomy":"category","embeddable":true,"href":"https:\/\/atecordoba.org\/index.php?rest_route=%2Fwp%2Fv2%2Fcategories&post=9503"},{"taxonomy":"post_tag","embeddable":true,"href":"https:\/\/atecordoba.org\/index.php?rest_route=%2Fwp%2Fv2%2Ftags&post=9503"}],"curies":[{"name":"wp","href":"https:\/\/api.w.org\/{rel}","templated":true}]}}