{"id":9493,"date":"2017-12-26T14:24:26","date_gmt":"2017-12-26T17:24:26","guid":{"rendered":"http:\/\/www.atecordoba.org\/?p=9493"},"modified":"2020-06-09T16:51:03","modified_gmt":"2020-06-09T19:51:03","slug":"tras-protesta-de-ate-en-senasa-se-reincorporo-una-trabajadora-despedida","status":"publish","type":"post","link":"https:\/\/atecordoba.org\/?p=9493","title":{"rendered":"Tras protesta de ATE en SENASA se reincorpor\u00f3 una trabajadora despedida"},"content":{"rendered":"<p><em>La compa\u00f1era reviste funciones en la oficina de Canals del organismo. Durante la movilizaci\u00f3n estuvieron presentes compa\u00f1eros de la seccional R\u00edo Cuarto. Aun resta reincorporar otro trabajador del Centro Regional. <\/em><\/p>\n<p><img loading=\"lazy\" decoding=\"async\" class=\"aligncenter size-full wp-image-9494\" src=\"http:\/\/atecordoba.org\/wp-content\/uploads\/2020\/06\/WhatsApp-Image-2017-12-26-at-14.15.42-e1514308920778.jpg\" alt=\"\" width=\"550\" height=\"413\"><\/p>\n<p>Tras reunirse con las autoridades, ATE confirm\u00f3 este mediod\u00eda que se logr\u00f3 la reincorporaci\u00f3n de una trabajadora del SENASA cuyo contrato no hab\u00eda sido renovado. Ahora el director del Centro Regional Aldo Combessies confirm\u00f3 que la compa\u00f1era tendr\u00e1 continuidad.<\/p>\n<p>Previamente ATE hab\u00eda realizado una bulliciosa protesta frente a la sede del organismo, en el marco de un paro provincial del sector, con participaci\u00f3n de trabajadores del Centro Regional y de R\u00edo Cuarto, junto a compa\u00f1eros que se acercaron a solidarizarse de diversos organismos nacionales.<\/p>\n<p>El viernes pasado, cuando se preparaban protestas para esta semana por despidos en Formosa y Chaco, se supo que dos trabajadores de C\u00f3rdoba tambi\u00e9n hab\u00edan sufrido despidos. A partir de esta situaci\u00f3n fue que se organiz\u00f3 la protesta de esta ma\u00f1ana.<\/p>\n<p><img loading=\"lazy\" decoding=\"async\" class=\"aligncenter size-full wp-image-9498\" src=\"http:\/\/atecordoba.org\/wp-content\/uploads\/2020\/06\/WhatsApp-Image-2017-12-26-at-11.40.12-e1514309305215.jpg\" alt=\"\" width=\"550\" height=\"330\"><\/p>\n<p>Estuvieron presentes la secretaria Genberal de ATE C\u00f3rdoba, Mar\u00eda Liliana Salerno, junto a miembros del secretario provincial, el secretario General de la seccional R\u00edo Cuarto, Walter Avalos, y el secretario General de la CTA-A R\u00edo Cuarto, Federico Giuliani.<\/p>\n<p>En la oportunidad, Salerno, explic\u00f3 que la medida de fuerza fue exitosa y que la protesta logr\u00f3 el impacto que ATE pretend\u00eda en el sector. \u201cLos compa\u00f1eros acompa\u00f1aron la protesta que plante\u00f3 ATE, que venimos muy movilizados en C\u00f3rdoba a partir de los conflicto que se vienen sucediendo en otros sectores, como Fabricaciones Militares\u201d, afirm\u00f3 la dirigente.<\/p>\n<p>En tal sentido, Salerno asegur\u00f3 que ATE est\u00e1 sosteniendo los conflictos en cada sector donde se produzca un despido porque \u201cpara nosotros cada puesto de trabajo es fundamental\u201d.<\/p>\n<p><img loading=\"lazy\" decoding=\"async\" class=\"aligncenter size-full wp-image-9496\" src=\"http:\/\/atecordoba.org\/wp-content\/uploads\/2020\/06\/WhatsApp-Image-2017-12-26-at-14.15.53-e1514308980568.jpg\" alt=\"\" width=\"550\" height=\"733\"><\/p>\n<p>Por su parte, el secretario de la CTA-A R\u00edo Cuarto, Federico Giuliani, destac\u00f3 que \u201cnos parece importante frenar este proceso de ajuste con la lucha de todos los sectores que conformamos los \u00f3rganos de contralor alimentarios de la argentina. Por eso es importante la presencia de agricultura familiar y del Inta, junto a los cros del Senasa\u201d.<\/p>\n<p>Por \u00faltimo, la delegada y coordinadora para C\u00f3rdoba de la Coordinaci\u00f3n Nacional de ATE Senasa, Alejandra Agnone, ratific\u00f3 que \u201cahora vamos a seguir para solucionar la situaci\u00f3n laboral del otro compa\u00f1ero\u201d.<\/p>\n<p><img loading=\"lazy\" decoding=\"async\" class=\"aligncenter size-full wp-image-9500\" src=\"http:\/\/atecordoba.org\/wp-content\/uploads\/2020\/06\/26063287_1598423893536463_7831602108482295006_o-e1514309359525.jpg\" alt=\"\" width=\"550\" height=\"310\"><\/p>\n","protected":false},"excerpt":{"rendered":"<p>La compa\u00f1era reviste funciones en la oficina de Canals del organismo. Durante la movilizaci\u00f3n estuvieron presentes compa\u00f1eros de la seccional R\u00edo Cuarto. Aun resta reincorporar otro trabajador del Centro Regional. Tras reunirse con las autoridades, ATE confirm\u00f3 este mediod\u00eda que se logr\u00f3 la reincorporaci\u00f3n de una trabajadora del SENASA cuyo contrato no hab\u00eda sido renovado. [&hellip;]<\/p>\n","protected":false},"author":1,"featured_media":19220,"comment_status":"open","ping_status":"open","sticky":false,"template":"","format":"standard","meta":{"_exactmetrics_skip_tracking":false,"_exactmetrics_sitenote_active":false,"_exactmetrics_sitenote_note":"","_exactmetrics_sitenote_category":0,"jnews-multi-image_gallery":[],"jnews_single_post":[],"jnews_primary_category":[],"jnews_social_meta":[],"jnews_review":[],"enable_review":"","type":"","name":"","summary":"","brand":"","sku":"","good":[],"bad":[],"score_override":"","override_value":"","rating":[],"price":[],"jnews_override_counter":[],"jnews_post_split":[],"footnotes":""},"categories":[12,34,112],"tags":[],"class_list":["post-9493","post","type-post","status-publish","format-standard","has-post-thumbnail","hentry","category-rio-cuarto","category-seccionales","category-senasa"],"jetpack_featured_media_url":"https:\/\/atecordoba.org\/wp-content\/uploads\/2020\/05\/logo-nuevochico-e1561581322808.png","_links":{"self":[{"href":"https:\/\/atecordoba.org\/index.php?rest_route=\/wp\/v2\/posts\/9493","targetHints":{"allow":["GET"]}}],"collection":[{"href":"https:\/\/atecordoba.org\/index.php?rest_route=\/wp\/v2\/posts"}],"about":[{"href":"https:\/\/atecordoba.org\/index.php?rest_route=\/wp\/v2\/types\/post"}],"author":[{"embeddable":true,"href":"https:\/\/atecordoba.org\/index.php?rest_route=\/wp\/v2\/users\/1"}],"replies":[{"embeddable":true,"href":"https:\/\/atecordoba.org\/index.php?rest_route=%2Fwp%2Fv2%2Fcomments&post=9493"}],"version-history":[{"count":1,"href":"https:\/\/atecordoba.org\/index.php?rest_route=\/wp\/v2\/posts\/9493\/revisions"}],"predecessor-version":[{"id":20090,"href":"https:\/\/atecordoba.org\/index.php?rest_route=\/wp\/v2\/posts\/9493\/revisions\/20090"}],"wp:featuredmedia":[{"embeddable":true,"href":"https:\/\/atecordoba.org\/index.php?rest_route=\/wp\/v2\/media\/19220"}],"wp:attachment":[{"href":"https:\/\/atecordoba.org\/index.php?rest_route=%2Fwp%2Fv2%2Fmedia&parent=9493"}],"wp:term":[{"taxonomy":"category","embeddable":true,"href":"https:\/\/atecordoba.org\/index.php?rest_route=%2Fwp%2Fv2%2Fcategories&post=9493"},{"taxonomy":"post_tag","embeddable":true,"href":"https:\/\/atecordoba.org\/index.php?rest_route=%2Fwp%2Fv2%2Ftags&post=9493"}],"curies":[{"name":"wp","href":"https:\/\/api.w.org\/{rel}","templated":true}]}}