{"id":9490,"date":"2017-12-26T12:54:51","date_gmt":"2017-12-26T15:54:51","guid":{"rendered":"http:\/\/www.atecordoba.org\/?p=9490"},"modified":"2020-06-09T16:51:08","modified_gmt":"2020-06-09T19:51:08","slug":"solidaridad-con-los-companeros-de-la-cta-rio-cuarto","status":"publish","type":"post","link":"https:\/\/atecordoba.org\/?p=9490","title":{"rendered":"Solidaridad con los compa\u00f1eros de la CTA R\u00edo Cuarto"},"content":{"rendered":"<p><em>Frente a la arbitrariedad de los funcionarios de la Municipalidad de R\u00edo Cuarto, que en v\u00edsperas de las fiestas de fin de a\u00f1o ignoraron el pedido de los 15 comedores sociales de la ciudad para recibir el subsidio correspondiente, incumpliendo adem\u00e1s compromisos previos desde mediados de a\u00f1o, el Consejo Directivo Provincial expresa su solidaridad con esos compa\u00f1eros de la CTA-A y el MAP que trabajan cada d\u00eda para llevar a la mesa de los chicos m\u00e1s humildes un plato de comida.<\/em><\/p>\n<p><img loading=\"lazy\" decoding=\"async\" class=\"aligncenter size-full wp-image-9491\" src=\"http:\/\/atecordoba.org\/wp-content\/uploads\/2020\/06\/map-rio-cuarto.jpg\" alt=\"\" width=\"546\" height=\"540\"><\/p>\n<p>La mezquindad de las pol\u00edticas municipales, sumado al ataque sistem\u00e1tico que sufrieron estos compa\u00f1eros desde los medios de comunicaci\u00f3n locales, los funcionarios municipales e incluso algunas organizaciones sindicales de penoso accionar, dan muestra las lamentables pol\u00edticas sociales que se aplican en la ciudad, poniendo en serio riesgo iniciativas de las organizaciones populares sobre abordaje alimentario.<\/p>\n<p>En consecuencia, apoyamos la pol\u00edtica de la CTA-A y el MAP (Movimiento de Acci\u00f3n Popular) en cada uno de los comedores de la ciudad y reclamamos la urgente recomposici\u00f3n de los subsidios gestionados.<\/p>\n<p>Mar\u00eda Liliana Salerno<\/p>\n<p>Secretaria General<\/p>\n","protected":false},"excerpt":{"rendered":"<p>Frente a la arbitrariedad de los funcionarios de la Municipalidad de R\u00edo Cuarto, que en v\u00edsperas de las fiestas de fin de a\u00f1o ignoraron el pedido de los 15 comedores sociales de la ciudad para recibir el subsidio correspondiente, incumpliendo adem\u00e1s compromisos previos desde mediados de a\u00f1o, el Consejo Directivo Provincial expresa su solidaridad con [&hellip;]<\/p>\n","protected":false},"author":1,"featured_media":19220,"comment_status":"open","ping_status":"open","sticky":false,"template":"","format":"standard","meta":{"_exactmetrics_skip_tracking":false,"_exactmetrics_sitenote_active":false,"_exactmetrics_sitenote_note":"","_exactmetrics_sitenote_category":0,"jnews-multi-image_gallery":[],"jnews_single_post":[],"jnews_primary_category":[],"jnews_social_meta":[],"jnews_review":[],"enable_review":"","type":"","name":"","summary":"","brand":"","sku":"","good":[],"bad":[],"score_override":"","override_value":"","rating":[],"price":[],"jnews_override_counter":[],"jnews_post_split":[],"footnotes":""},"categories":[10,12,34],"tags":[],"class_list":["post-9490","post","type-post","status-publish","format-standard","has-post-thumbnail","hentry","category-accion-politica","category-rio-cuarto","category-seccionales"],"jetpack_featured_media_url":"https:\/\/atecordoba.org\/wp-content\/uploads\/2020\/05\/logo-nuevochico-e1561581322808.png","_links":{"self":[{"href":"https:\/\/atecordoba.org\/index.php?rest_route=\/wp\/v2\/posts\/9490","targetHints":{"allow":["GET"]}}],"collection":[{"href":"https:\/\/atecordoba.org\/index.php?rest_route=\/wp\/v2\/posts"}],"about":[{"href":"https:\/\/atecordoba.org\/index.php?rest_route=\/wp\/v2\/types\/post"}],"author":[{"embeddable":true,"href":"https:\/\/atecordoba.org\/index.php?rest_route=\/wp\/v2\/users\/1"}],"replies":[{"embeddable":true,"href":"https:\/\/atecordoba.org\/index.php?rest_route=%2Fwp%2Fv2%2Fcomments&post=9490"}],"version-history":[{"count":1,"href":"https:\/\/atecordoba.org\/index.php?rest_route=\/wp\/v2\/posts\/9490\/revisions"}],"predecessor-version":[{"id":20092,"href":"https:\/\/atecordoba.org\/index.php?rest_route=\/wp\/v2\/posts\/9490\/revisions\/20092"}],"wp:featuredmedia":[{"embeddable":true,"href":"https:\/\/atecordoba.org\/index.php?rest_route=\/wp\/v2\/media\/19220"}],"wp:attachment":[{"href":"https:\/\/atecordoba.org\/index.php?rest_route=%2Fwp%2Fv2%2Fmedia&parent=9490"}],"wp:term":[{"taxonomy":"category","embeddable":true,"href":"https:\/\/atecordoba.org\/index.php?rest_route=%2Fwp%2Fv2%2Fcategories&post=9490"},{"taxonomy":"post_tag","embeddable":true,"href":"https:\/\/atecordoba.org\/index.php?rest_route=%2Fwp%2Fv2%2Ftags&post=9490"}],"curies":[{"name":"wp","href":"https:\/\/api.w.org\/{rel}","templated":true}]}}