{"id":9487,"date":"2017-12-26T09:14:03","date_gmt":"2017-12-26T12:14:03","guid":{"rendered":"http:\/\/www.atecordoba.org\/?p=9487"},"modified":"2017-12-26T09:14:03","modified_gmt":"2017-12-26T12:14:03","slug":"ate-nacional-plenario-para-detener-los-despidos","status":"publish","type":"post","link":"https:\/\/atecordoba.org\/?p=9487","title":{"rendered":"ATE Nacional: Plenario para detener los despidos"},"content":{"rendered":"<p><em>Hoy a las 11 se reunir\u00e1 el Consejo Directivo Nacional de ATE con delegados de la Regi\u00f3n Metropolitana para definir un plan de acci\u00f3n.<\/em><\/p>\n<p><img loading=\"lazy\" decoding=\"async\" class=\"aligncenter size-full wp-image-9488\" src=\"http:\/\/www.atecordoba.org\/wp-content\/uploads\/2017\/12\/gobernar-es-generar-trabajo-e1514290414492.jpg\" alt=\"\" width=\"550\" height=\"367\"><\/p>\n<div>A pesar de las reiteradas medidas de fuerza que se fueron desarrollando durante todo el a\u00f1o 2017, con epicentro en el mes de diciembre que tuvo a ATE como actor principal de las movilizaciones contra las pol\u00edticas del gobierno nacional, los reiterados anuncios de despidos exige un nuevo plan de acci\u00f3n.<\/div>\n<div>&nbsp;<\/div>\n<div>Ante la creciente ola de despidos en distintos organismos del Estado Nacional, enmarcados en la continuidad de la pol\u00edtica de ajuste contra los trabajadores, el Consejo Directivo Nacional de ATE ha resuelto realizar una urgente reuni\u00f3n con compa\u00f1eros, delegados y dirigentes del \u00e1rea metropolitana como as\u00ed tambi\u00e9n representantes de Sede Central y Fabricaciones Militares quienes fueron notificados recientemente de nuevos despidos.<\/div>\n<div>&nbsp;<\/div>\n<div>Para ello, hoy martes 26 de diciembre a las 11 hs se realizar\u00e1 un encuentro en la sede nacional de ATE con el fin de analizar colectivamente la actual situaci\u00f3n y resolver conjuntamente las medidas de acci\u00f3n a realizarse en defensa de los puestos de trabajo, la reincorporaci\u00f3n de todos los trabajadores y trabajadoras despedidos y por la renovaci\u00f3n de todos los contratos.<\/div>\n","protected":false},"excerpt":{"rendered":"<p>Hoy a las 11 se reunir\u00e1 el Consejo Directivo Nacional de ATE con delegados de la Regi\u00f3n Metropolitana para definir un plan de acci\u00f3n. A pesar de las reiteradas medidas de fuerza que se fueron desarrollando durante todo el a\u00f1o 2017, con epicentro en el mes de diciembre que tuvo a ATE como actor principal [&hellip;]<\/p>\n","protected":false},"author":1,"featured_media":19220,"comment_status":"open","ping_status":"open","sticky":false,"template":"","format":"standard","meta":{"_exactmetrics_skip_tracking":false,"_exactmetrics_sitenote_active":false,"_exactmetrics_sitenote_note":"","_exactmetrics_sitenote_category":0,"jnews-multi-image_gallery":[],"jnews_single_post":[],"jnews_primary_category":[],"jnews_social_meta":[],"jnews_review":[],"enable_review":"","type":"","name":"","summary":"","brand":"","sku":"","good":[],"bad":[],"score_override":"","override_value":"","rating":[],"price":[],"jnews_override_counter":[],"jnews_post_split":[],"footnotes":""},"categories":[10],"tags":[],"class_list":["post-9487","post","type-post","status-publish","format-standard","has-post-thumbnail","hentry","category-accion-politica"],"jetpack_featured_media_url":"https:\/\/atecordoba.org\/wp-content\/uploads\/2020\/05\/logo-nuevochico-e1561581322808.png","_links":{"self":[{"href":"https:\/\/atecordoba.org\/index.php?rest_route=\/wp\/v2\/posts\/9487","targetHints":{"allow":["GET"]}}],"collection":[{"href":"https:\/\/atecordoba.org\/index.php?rest_route=\/wp\/v2\/posts"}],"about":[{"href":"https:\/\/atecordoba.org\/index.php?rest_route=\/wp\/v2\/types\/post"}],"author":[{"embeddable":true,"href":"https:\/\/atecordoba.org\/index.php?rest_route=\/wp\/v2\/users\/1"}],"replies":[{"embeddable":true,"href":"https:\/\/atecordoba.org\/index.php?rest_route=%2Fwp%2Fv2%2Fcomments&post=9487"}],"version-history":[{"count":0,"href":"https:\/\/atecordoba.org\/index.php?rest_route=\/wp\/v2\/posts\/9487\/revisions"}],"wp:featuredmedia":[{"embeddable":true,"href":"https:\/\/atecordoba.org\/index.php?rest_route=\/wp\/v2\/media\/19220"}],"wp:attachment":[{"href":"https:\/\/atecordoba.org\/index.php?rest_route=%2Fwp%2Fv2%2Fmedia&parent=9487"}],"wp:term":[{"taxonomy":"category","embeddable":true,"href":"https:\/\/atecordoba.org\/index.php?rest_route=%2Fwp%2Fv2%2Fcategories&post=9487"},{"taxonomy":"post_tag","embeddable":true,"href":"https:\/\/atecordoba.org\/index.php?rest_route=%2Fwp%2Fv2%2Ftags&post=9487"}],"curies":[{"name":"wp","href":"https:\/\/api.w.org\/{rel}","templated":true}]}}