{"id":9480,"date":"2017-12-22T16:23:15","date_gmt":"2017-12-22T19:23:15","guid":{"rendered":"http:\/\/www.atecordoba.org\/?p=9480"},"modified":"2017-12-22T16:23:15","modified_gmt":"2017-12-22T19:23:15","slug":"despidos-en-senasa-paro-provincial-el-martes-26","status":"publish","type":"post","link":"https:\/\/atecordoba.org\/?p=9480","title":{"rendered":"Despidos en Senasa: paro provincial el martes 26"},"content":{"rendered":"<p><em>Ante el embate que sufre el organismo y los despidos de dos compa\u00f1eros en C\u00f3rdoba, junto a otros en Chaco y Formosa, dispararon un paro en todo el \u00e1mbito provincial.<\/em><\/p>\n<p><img loading=\"lazy\" decoding=\"async\" class=\"aligncenter size-full wp-image-9481\" src=\"http:\/\/www.atecordoba.org\/wp-content\/uploads\/2017\/12\/WhatsApp-Image-2017-12-22-at-15.43.00-e1513970520991.jpeg\" alt=\"\" width=\"550\" height=\"733\"><\/p>\n<p>Se trata de dos compa\u00f1eros despedidos que se desempe\u00f1an en la modalidad art\u00edculo 9 impulsaron a los trabajadores del sector a realizar un paro provincial con movilizaci\u00f3n frente al Centro Regional, el pr\u00f3ximo martes 26 de diciembre.<\/p>\n<p>Estos despidos se suman a otros sufridos en Chacho y Formosa, conocidos en el transcurso de la semana. Adem\u00e1s, los compa\u00f1eros denuncian un brutal&nbsp;recorte presupuestario, en vi\u00e1ticos, as\u00ed como tercerizaciones y evaluaciones arbitrarias sin veedur\u00eda sindical, entre otras medidas tomadas por las autoridades del organismo.<\/p>\n<p>Los trabajadores exigen la reincorporaci\u00f3n de los despedidos y adelantaron que la concentraci\u00f3n por la protesta, en Rosario de Santa Fe 264, se llevar\u00e1 a cabo a partir d las 10 horas.<\/p>\n<p><img loading=\"lazy\" decoding=\"async\" class=\"aligncenter size-full wp-image-9482\" src=\"http:\/\/www.atecordoba.org\/wp-content\/uploads\/2017\/12\/WhatsApp-Image-2017-12-22-at-15.44.36-e1513970546322.jpeg\" alt=\"\" width=\"550\" height=\"733\"><\/p>\n<p>&nbsp;<\/p>\n","protected":false},"excerpt":{"rendered":"<p>Ante el embate que sufre el organismo y los despidos de dos compa\u00f1eros en C\u00f3rdoba, junto a otros en Chaco y Formosa, dispararon un paro en todo el \u00e1mbito provincial. Se trata de dos compa\u00f1eros despedidos que se desempe\u00f1an en la modalidad art\u00edculo 9 impulsaron a los trabajadores del sector a realizar un paro provincial [&hellip;]<\/p>\n","protected":false},"author":1,"featured_media":19220,"comment_status":"open","ping_status":"open","sticky":false,"template":"","format":"standard","meta":{"_exactmetrics_skip_tracking":false,"_exactmetrics_sitenote_active":false,"_exactmetrics_sitenote_note":"","_exactmetrics_sitenote_category":0,"jnews-multi-image_gallery":[],"jnews_single_post":[],"jnews_primary_category":[],"jnews_social_meta":[],"jnews_review":[],"enable_review":"","type":"","name":"","summary":"","brand":"","sku":"","good":[],"bad":[],"score_override":"","override_value":"","rating":[],"price":[],"jnews_override_counter":[],"jnews_post_split":[],"footnotes":""},"categories":[112],"tags":[],"class_list":["post-9480","post","type-post","status-publish","format-standard","has-post-thumbnail","hentry","category-senasa"],"jetpack_featured_media_url":"https:\/\/atecordoba.org\/wp-content\/uploads\/2020\/05\/logo-nuevochico-e1561581322808.png","_links":{"self":[{"href":"https:\/\/atecordoba.org\/index.php?rest_route=\/wp\/v2\/posts\/9480","targetHints":{"allow":["GET"]}}],"collection":[{"href":"https:\/\/atecordoba.org\/index.php?rest_route=\/wp\/v2\/posts"}],"about":[{"href":"https:\/\/atecordoba.org\/index.php?rest_route=\/wp\/v2\/types\/post"}],"author":[{"embeddable":true,"href":"https:\/\/atecordoba.org\/index.php?rest_route=\/wp\/v2\/users\/1"}],"replies":[{"embeddable":true,"href":"https:\/\/atecordoba.org\/index.php?rest_route=%2Fwp%2Fv2%2Fcomments&post=9480"}],"version-history":[{"count":0,"href":"https:\/\/atecordoba.org\/index.php?rest_route=\/wp\/v2\/posts\/9480\/revisions"}],"wp:featuredmedia":[{"embeddable":true,"href":"https:\/\/atecordoba.org\/index.php?rest_route=\/wp\/v2\/media\/19220"}],"wp:attachment":[{"href":"https:\/\/atecordoba.org\/index.php?rest_route=%2Fwp%2Fv2%2Fmedia&parent=9480"}],"wp:term":[{"taxonomy":"category","embeddable":true,"href":"https:\/\/atecordoba.org\/index.php?rest_route=%2Fwp%2Fv2%2Fcategories&post=9480"},{"taxonomy":"post_tag","embeddable":true,"href":"https:\/\/atecordoba.org\/index.php?rest_route=%2Fwp%2Fv2%2Ftags&post=9480"}],"curies":[{"name":"wp","href":"https:\/\/api.w.org\/{rel}","templated":true}]}}