{"id":9474,"date":"2017-12-21T14:41:23","date_gmt":"2017-12-21T17:41:23","guid":{"rendered":"http:\/\/www.atecordoba.org\/?p=9474"},"modified":"2017-12-21T14:41:23","modified_gmt":"2017-12-21T17:41:23","slug":"ate-desea-felices-fiestas-a-todos-los-estatales-de-cordoba","status":"publish","type":"post","link":"https:\/\/atecordoba.org\/?p=9474","title":{"rendered":"ATE desea felices fiestas a todos los estatales de C\u00f3rdoba"},"content":{"rendered":"<p><em>El Consejo Directivo Provincial env\u00eda un c\u00e1lido y fraternal saludo a los trabajadores estatales de C\u00f3rdoba y desea que estas fiestas de fin de a\u00f1o les permitan disfrutar de los festejos en familia y con los seres queridos.<\/em><\/p>\n<p>&nbsp;<\/p>\n<p><img loading=\"lazy\" decoding=\"async\" class=\"aligncenter size-full wp-image-9485\" src=\"http:\/\/www.atecordoba.org\/wp-content\/uploads\/2017\/12\/Arbol_Navidad.jpg\" alt=\"\" width=\"240\" height=\"268\"><\/p>\n<p>Desde ATE sabemos que los estatales venimos atravesando momentos dif\u00edciles como resultado de pol\u00edticas nefastas tanto del Gobierno Nacional, como Provincial y los municipios del interior. Son gobiernos liberales que tienen en la mira el salario de los activos y los jubilados por igual, para utilizarnos como variable de ajuste permanente.<\/p>\n<p>Ante este cuadro contamos con un sindicato que crece permanentemente en cantidad de afiliados y delegados que son el motor para el funcionamiento de nuestra organizaci\u00f3n, con una cobertura territorial extendida en todo el pa\u00eds y una pol\u00edtica unificada en defensa del salario, los puestos de trabajo y el Estado en su conjunto. Un Estado que sirva al ciudadano y garantice sus derechos.<\/p>\n<p>Para este 2018 vamos a construir unidad con todos aquellos que tengan por objetivo recuperar el salario, reincorporar a los despedidos y fortalecer el Estado, principios irrenunciables que han marcado nuestra historia y refuerzan el presente de lucha.<\/p>\n<p>Como dijo el Papa Francisco \u201cel trabajo es sagrado y da dignidad a las familias\u201d. Por esa dignidad brindemos juntos con la esperanza de tener un mejor 2018.<\/p>\n<p style=\"text-align: center;\">\u00a1Felices Fiestas!<\/p>\n<p style=\"text-align: right;\">Mar\u00eda Liliana Salerno<\/p>\n<p style=\"text-align: right;\">Secretaria General<\/p>\n<p>&nbsp;<\/p>\n","protected":false},"excerpt":{"rendered":"<p>El Consejo Directivo Provincial env\u00eda un c\u00e1lido y fraternal saludo a los trabajadores estatales de C\u00f3rdoba y desea que estas fiestas de fin de a\u00f1o les permitan disfrutar de los festejos en familia y con los seres queridos. &nbsp; Desde ATE sabemos que los estatales venimos atravesando momentos dif\u00edciles como resultado de pol\u00edticas nefastas tanto [&hellip;]<\/p>\n","protected":false},"author":1,"featured_media":19220,"comment_status":"open","ping_status":"open","sticky":false,"template":"","format":"standard","meta":{"_exactmetrics_skip_tracking":false,"_exactmetrics_sitenote_active":false,"_exactmetrics_sitenote_note":"","_exactmetrics_sitenote_category":0,"jnews-multi-image_gallery":[],"jnews_single_post":[],"jnews_primary_category":[],"jnews_social_meta":[],"jnews_review":[],"enable_review":"","type":"","name":"","summary":"","brand":"","sku":"","good":[],"bad":[],"score_override":"","override_value":"","rating":[],"price":[],"jnews_override_counter":[],"jnews_post_split":[],"footnotes":""},"categories":[10],"tags":[],"class_list":["post-9474","post","type-post","status-publish","format-standard","has-post-thumbnail","hentry","category-accion-politica"],"jetpack_featured_media_url":"https:\/\/atecordoba.org\/wp-content\/uploads\/2020\/05\/logo-nuevochico-e1561581322808.png","_links":{"self":[{"href":"https:\/\/atecordoba.org\/index.php?rest_route=\/wp\/v2\/posts\/9474","targetHints":{"allow":["GET"]}}],"collection":[{"href":"https:\/\/atecordoba.org\/index.php?rest_route=\/wp\/v2\/posts"}],"about":[{"href":"https:\/\/atecordoba.org\/index.php?rest_route=\/wp\/v2\/types\/post"}],"author":[{"embeddable":true,"href":"https:\/\/atecordoba.org\/index.php?rest_route=\/wp\/v2\/users\/1"}],"replies":[{"embeddable":true,"href":"https:\/\/atecordoba.org\/index.php?rest_route=%2Fwp%2Fv2%2Fcomments&post=9474"}],"version-history":[{"count":0,"href":"https:\/\/atecordoba.org\/index.php?rest_route=\/wp\/v2\/posts\/9474\/revisions"}],"wp:featuredmedia":[{"embeddable":true,"href":"https:\/\/atecordoba.org\/index.php?rest_route=\/wp\/v2\/media\/19220"}],"wp:attachment":[{"href":"https:\/\/atecordoba.org\/index.php?rest_route=%2Fwp%2Fv2%2Fmedia&parent=9474"}],"wp:term":[{"taxonomy":"category","embeddable":true,"href":"https:\/\/atecordoba.org\/index.php?rest_route=%2Fwp%2Fv2%2Fcategories&post=9474"},{"taxonomy":"post_tag","embeddable":true,"href":"https:\/\/atecordoba.org\/index.php?rest_route=%2Fwp%2Fv2%2Ftags&post=9474"}],"curies":[{"name":"wp","href":"https:\/\/api.w.org\/{rel}","templated":true}]}}