{"id":9459,"date":"2017-12-19T13:43:44","date_gmt":"2017-12-19T16:43:44","guid":{"rendered":"http:\/\/www.atecordoba.org\/?p=9459"},"modified":"2017-12-19T13:43:44","modified_gmt":"2017-12-19T16:43:44","slug":"multitudinario-rechazo-a-la-reforma-previsional-en-las-calles-de-cordoba","status":"publish","type":"post","link":"https:\/\/atecordoba.org\/?p=9459","title":{"rendered":"Multitudinario rechazo a la reforma previsional en las calles de C\u00f3rdoba"},"content":{"rendered":"<p><em>ATE y CTA-A se movilizaron conjuntamente con diversas organizaciones que expresaron un en\u00e9rgico repudio a la iniciativa macrista de modificaci\u00f3n del c\u00e1lculo jubilatorio y de la AUH. Repudio a la represi\u00f3n policial en R\u00edo Tercero, actos en Villa Mar\u00eda y R\u00edo Cuarto.<\/em><\/p>\n<p><img loading=\"lazy\" decoding=\"async\" class=\"aligncenter size-full wp-image-9460\" src=\"http:\/\/www.atecordoba.org\/wp-content\/uploads\/2017\/12\/IMG_20171218_130037106-e1513701611498.jpg\" alt=\"\" width=\"550\" height=\"309\"><\/p>\n<p>Miles de compa\u00f1eros nos movilizamos ayer en C\u00f3rdoba Capital para decir no al gobierno nacional, que desde el mediod\u00eda logr\u00f3 el qu\u00f3rum para el tratamiento de la ley que rebajar\u00e1 las jubilaciones y la asignaci\u00f3n universal por hijo (AUH), a partir de la modificaci\u00f3n del c\u00e1lculo de los haberes, y que finalmente esta madrugada consigui\u00f3 la aprobaci\u00f3n de la norma.<\/p>\n<p>Distintas columnas conformadas por ATE y sindicatos de la CTA-A, organizaciones sociales, organizaciones territoriales como la Corriente Clasista y Combativa (CCC), Barrios de Pie y la CTEP, confluyeron en el la Casa de Gobierno provincial, tras marchar por el centro de manera pac\u00edfica.<\/p>\n<p>Se trat\u00f3 de una multitudinaria manifestaci\u00f3n p\u00fablica en rechazo a la reforma previsional, obvio pr\u00f3logo de las \u2018reformas\u2019 que se viene, con el objetivo de legitimar pol\u00edticamente en el congreso el plan de ajuste. En esa secuencia l\u00f3gica, la siguiente podr\u00eda ser la reforma laboral.<\/p>\n<p>ATE hizo su primera parada en la oficina de Anses. All\u00ed el secretario Adjunto de ATE, Luis Barcena, dijo en un breve acto que \u201cnuestra organizaci\u00f3n est\u00e1 en la calle para decir que no estamos de acuerdo con la pol\u00edtica del gobierno nacional y la apoyatura que cuenta del gobierno provincial\u201d.<\/p>\n<p>Y Agreg\u00f3: \u201ceste ajuste apunta a nuestros padres y nuestros hijos, los dos extremos de la cadena, aquellos m\u00e1s indefensos. Porque la reforma afecta la actualizaci\u00f3n de las jubilaciones y de la AUH\u201d.<\/p>\n<p>Participaron junto a ATE compa\u00f1eros de CTA-A, BARRIOS DE PIE, CCC, CTEP, CISPREN, FRENTE POPULAR DARIO SANTILL\u00c1N, POLO OBRERO, CORRIENTE SINDICAL DEL MTS, UTS, FOB, LISTA AZUL Y BLANCA UEPC, LISTA FUCSIA UEPC, DESCAMISADOS,&nbsp;FORO SOLIDARIO C\u00d3RDOBA, PATRIA GRANDE, SITOSPLAD Y AMMAR, entre otros.&nbsp;<\/p>\n<p>La columna arrib\u00f3 a Colon y General Paz, donde se uni\u00f3 a organizaciones sociales, para posteriormente marchar hasta 27 de abril, por General Paz, y finalmente llegar al Panal.<\/p>\n<p>A la hora de los discursos, los diferentes dirigentes marcaron la importancia de la unidad y fustigaron el proyecto de final, que a la postre terminar\u00eda aprobado.<\/p>\n<p>\u201cEsta unidad es una muestra de madurez pol\u00edtica de las organizaciones que podemos demostrar altura para enfrentar un gobierno que tiene en la mira a cinco millones de jubilados y cuatro millones de beneficiarios de la asignaci\u00f3n universal. Por eso queremos dejar plasmada la intensi\u00f3n de mantener este camino organizativo para enfrentar los que se viene en el 2018, empezando por el ajuste en el Estado, que ya tiene como v\u00edctimas en C\u00f3rdoba a 59 compa\u00f1eros de Fabricaciones Militares\u201d, resumi\u00f3 el secretario General de CTA-A C\u00f3rdoba Capital.<\/p>\n<p><strong>Movilizaci\u00f3n y represi\u00f3n en R\u00edo Tercero<\/strong><\/p>\n<p>El Consejo Directivo Provincial repudia el operativo represivo ocurrido en la puerta de la F\u00e1brica Militar de R\u00edo Tercero, cuando la polic\u00eda intent\u00f3 impedir una asamblea conjunta entre trabajadores de la planta, los 29 despedidos, familiares, amigos y organizaciones que se acercaron a solidarizarse.<\/p>\n<p><img loading=\"lazy\" decoding=\"async\" class=\"aligncenter size-full wp-image-9461\" src=\"http:\/\/www.atecordoba.org\/wp-content\/uploads\/2017\/12\/25552274_365245410553393_2725858905146330981_n-e1513701697388.jpg\" alt=\"\" width=\"550\" height=\"309\"><\/p>\n<p>Todo comenz\u00f3 a las 10 de la ma\u00f1ana en la porter\u00eda de la f\u00e1brica, cuando se presentaron los compa\u00f1eros notificados e informados que estaban despedidos. La guardia no les permiti\u00f3 ingresar y en consecuencia se labr\u00f3 un acta dejando constancia que los trabajadores se presentaron a trabajar.<\/p>\n<p>Seguidamente&nbsp; se llev\u00f3 a cabo una asamblea a cuatro cuadras del ingreso a la f\u00e1brica, encabezada por la secretaria General del Consejo Directivo Provincial, Mar\u00eda Liliana Salerno, y el secretario General de la seccional, Cristian Colman,&nbsp; donde se acercaron familiares y amigos para acompa\u00f1ar y solidarizarse, junto a la mesa de unidad sindical, Uepc, compa\u00f1eros de la Petroqu\u00edmica, Gr\u00e1ficos y la Asamblea Permanente por los Derechos Humanos. Alrededor de 800 personas se movilizaron a la puerta de la f\u00e1brica.<\/p>\n<p>La polic\u00eda reprimi\u00f3 ante el intento de realizar un acto conjunto con los trabajadores que estaban dentro de la f\u00e1brica. Tres delegados recibieron gas lacrim\u00f3geno en la cara, se produjeron empujones y un clima de violencia absolutamente innecesario, dando cuenta de la intenci\u00f3n intimidatoria del operativo<\/p>\n<p>Finalmente los trabajadores exigieron la presencia del director de la planta, de concejales de la ciudad y el intendente, que se acercaron a dar explicaciones y recibieron la repulsa general de los compa\u00f1eros en el lugar.<\/p>\n<p>A la tarde, desde las 19 horas, ATE y CTA-A, junto a la mesa de unidad sindical, se movilizaron por el centro de la ciudad, concentrando en la plaza San Mart\u00edn, frente al edificio de la municipalidad. La seccional R\u00edo Tercero se encuentra en estado de alerta permanente para evaluar los pasos a seguir. La movilizaci\u00f3n estuvo encabezada por la conducci\u00f3n de la seccional.<\/p>\n<p><strong>R\u00edo Cuarto<\/strong><\/p>\n<p>En tanto, en la ciudad de R\u00edo Cuarto organizaciones sindicales y sociales se dieron cita en la Plaza Roca. La seccional ATE R\u00edo Cuarto y la CTA-A local estuvieron en la calle junto al Frente Sindical y Social para decirle no a la Reforma Previsional, a la Reforma Laboral y a la Tributaria.<\/p>\n<p><img loading=\"lazy\" decoding=\"async\" class=\"aligncenter size-full wp-image-9462\" src=\"http:\/\/www.atecordoba.org\/wp-content\/uploads\/2017\/12\/WhatsApp-Image-2017-12-18-at-14.03.44-e1513701731109.jpeg\" alt=\"\" width=\"550\" height=\"310\"><\/p>\n<p>Federico Giuliani, secretario General de CTA afirmo que \u201cvienen por un ajuste general. No van a parar. Los que hacen guita con la renta y la bicicleta financiera, quieren que paguemos los que menos tenemos. Pero ac\u00e1 estamos, el pueblo de R\u00edo Cuarto, estudiantes jubilados, trabajadores de los barrios, desocupados, mujeres, trabajadores en blanco, para decirle que no van a avanzar ni un cent\u00edmetro. Tenemos fe en nuestro pueblo, y por eso el jueves pasado, con la movilizaci\u00f3n popular, a pesar de la represi\u00f3n indiscriminada, se logr\u00f3 levantar la sesi\u00f3n en el parlamento\u201d.<\/p>\n<p>El dirigente agreg\u00f3 que \u201ces importante estar ac\u00e1, para demostrar que la calle es el lugar de encuentro, que las reformas no son otra cosa que un paquete de ajustes y una enorme transferencia de recursos p\u00fablicos a manos de los privados\u201d.<br \/>\nGiuliani tambi\u00e9n reclam\u00f3 por los despidos de la F\u00e1brica Militar de R\u00edo Tercero y Villa Mar\u00eda, donde 59 compa\u00f1eros perdieron sus puestos de trabajo.<\/p>\n<p><strong>Importante marcha en Villa Mar\u00eda<\/strong><\/p>\n<p>La seccional ATE Villa Mar\u00eda se moviliz\u00f3 ayer cuando ca\u00eda el sol, junto a organizaciones sociales y sindicales en muestra de unidad y fortaleza para todos juntos plantear su disconformidad al proyecto de reforma previsional.<\/p>\n<p><img loading=\"lazy\" decoding=\"async\" class=\"aligncenter size-full wp-image-9463\" src=\"http:\/\/www.atecordoba.org\/wp-content\/uploads\/2017\/12\/villa-maria-e1513701794785.jpg\" alt=\"\" width=\"550\" height=\"302\"><\/p>\n<p>En pleno centro de la ciudad, los referentes de todo el \u00e1mbito gremial \u2013rese\u00f1\u00f3 un diario local- &nbsp;acompa\u00f1ados de agrupaciones estudiantiles y diversas organizaciones sociales protagonizaron una vigilia esperando el resultado en Buenos Aires y alzaron fuerte sus voces ante lo que consideran una medida altamente nociva.<\/p>\n<p>Precisamente en la esquina de las calles Buenos Aires y General Paz, los sindicalistas que se expresaron cargaron contra el Gobierno que lidera Mauricio Macri y apuntaron adem\u00e1s a los diputados peronistas cordobeses Mart\u00edn Llaryora, Alejandra Vigo y Paulo Casinerio, que respondiendo al gobernador Juan Schiaretti ayudaron al oficialismo a conseguir el quorum para que se realizara la sesi\u00f3n en la C\u00e1mara baja.<\/p>\n<p>\u201cNo somos una patota, los patoteros son ellos\u201d, exclamaba al micr\u00f3fono uno de los dirigentes sindicales que a su vez reclamaba el apoyo de la comunidad de Villa Mar\u00eda para con los 30 despidos en la F\u00e1brica Militar y todos aquellos que sean alcanzados por la reforma jubilatoria.<\/p>\n","protected":false},"excerpt":{"rendered":"<p>ATE y CTA-A se movilizaron conjuntamente con diversas organizaciones que expresaron un en\u00e9rgico repudio a la iniciativa macrista de modificaci\u00f3n del c\u00e1lculo jubilatorio y de la AUH. Repudio a la represi\u00f3n policial en R\u00edo Tercero, actos en Villa Mar\u00eda y R\u00edo Cuarto. Miles de compa\u00f1eros nos movilizamos ayer en C\u00f3rdoba Capital para decir no al [&hellip;]<\/p>\n","protected":false},"author":1,"featured_media":19220,"comment_status":"open","ping_status":"open","sticky":false,"template":"","format":"standard","meta":{"_exactmetrics_skip_tracking":false,"_exactmetrics_sitenote_active":false,"_exactmetrics_sitenote_note":"","_exactmetrics_sitenote_category":0,"jnews-multi-image_gallery":[],"jnews_single_post":[],"jnews_primary_category":[],"jnews_social_meta":[],"jnews_review":[],"enable_review":"","type":"","name":"","summary":"","brand":"","sku":"","good":[],"bad":[],"score_override":"","override_value":"","rating":[],"price":[],"jnews_override_counter":[],"jnews_post_split":[],"footnotes":""},"categories":[22,21],"tags":[],"class_list":["post-9459","post","type-post","status-publish","format-standard","has-post-thumbnail","hentry","category-jubilados","category-paro-nacional"],"jetpack_featured_media_url":"https:\/\/atecordoba.org\/wp-content\/uploads\/2020\/05\/logo-nuevochico-e1561581322808.png","_links":{"self":[{"href":"https:\/\/atecordoba.org\/index.php?rest_route=\/wp\/v2\/posts\/9459","targetHints":{"allow":["GET"]}}],"collection":[{"href":"https:\/\/atecordoba.org\/index.php?rest_route=\/wp\/v2\/posts"}],"about":[{"href":"https:\/\/atecordoba.org\/index.php?rest_route=\/wp\/v2\/types\/post"}],"author":[{"embeddable":true,"href":"https:\/\/atecordoba.org\/index.php?rest_route=\/wp\/v2\/users\/1"}],"replies":[{"embeddable":true,"href":"https:\/\/atecordoba.org\/index.php?rest_route=%2Fwp%2Fv2%2Fcomments&post=9459"}],"version-history":[{"count":0,"href":"https:\/\/atecordoba.org\/index.php?rest_route=\/wp\/v2\/posts\/9459\/revisions"}],"wp:featuredmedia":[{"embeddable":true,"href":"https:\/\/atecordoba.org\/index.php?rest_route=\/wp\/v2\/media\/19220"}],"wp:attachment":[{"href":"https:\/\/atecordoba.org\/index.php?rest_route=%2Fwp%2Fv2%2Fmedia&parent=9459"}],"wp:term":[{"taxonomy":"category","embeddable":true,"href":"https:\/\/atecordoba.org\/index.php?rest_route=%2Fwp%2Fv2%2Fcategories&post=9459"},{"taxonomy":"post_tag","embeddable":true,"href":"https:\/\/atecordoba.org\/index.php?rest_route=%2Fwp%2Fv2%2Ftags&post=9459"}],"curies":[{"name":"wp","href":"https:\/\/api.w.org\/{rel}","templated":true}]}}