{"id":9451,"date":"2017-12-15T14:57:17","date_gmt":"2017-12-15T17:57:17","guid":{"rendered":"http:\/\/www.atecordoba.org\/?p=9451"},"modified":"2017-12-15T14:57:17","modified_gmt":"2017-12-15T17:57:17","slug":"repudio-a-la-represion-en-el-congreso","status":"publish","type":"post","link":"https:\/\/atecordoba.org\/?p=9451","title":{"rendered":"Repudio a la represi\u00f3n en el Congreso"},"content":{"rendered":"<p><em>El Consejo Directivo Provincial de ATE C\u00f3rdoba repudia la represi\u00f3n de fuerzas de seguridad que dejaron un alto saldo manifestantes heridos, varios de nuestro gremio, adem\u00e1s de golpear y gasear diputados de distintas extracciones, aunque todos opositores a la reforma previsional.<\/em><\/p>\n<p><img loading=\"lazy\" decoding=\"async\" class=\"aligncenter size-full wp-image-9452\" src=\"http:\/\/www.atecordoba.org\/wp-content\/uploads\/2017\/12\/represion.jpg\" alt=\"\" width=\"277\" height=\"182\"><\/p>\n<p>Fue un ataque directo y premeditado a ancianos, ni\u00f1os, j\u00f3venes y trabajadores\/as que resultaron brutalmente reprimidos por Gendarmer\u00eda, entre otras fuerzas de seguridad como PFA, PSA y Polic\u00eda de la Ciudad, que manten\u00edan militarizado al Congreso Nacional. &nbsp;Recibieron gases lacrim\u00f3genos y balas de goma.<\/p>\n<p>Se trata la confirmaci\u00f3n de una pol\u00edtica represiva implementada para aplicar el plan de ajuste, cuando se agotan las variantes pol\u00edticas, dejando claro que los que \u2018vienen por todo\u2019 no quieren detenerse ante nada.<\/p>\n<p>Pero esta no es la primera experiencia de gobierno represivo que vive el pueblo argentino. Desde ATE reivindicamos la movilizaci\u00f3n masiva y pac\u00edfica como respuesta adecuada ante la brutalidad oficial.<\/p>\n<p>Por ese camino continuaremos.<\/p>\n<p>Mar\u00eda Liliana Salerno<\/p>\n<p>Secretaria General<\/p>\n","protected":false},"excerpt":{"rendered":"<p>El Consejo Directivo Provincial de ATE C\u00f3rdoba repudia la represi\u00f3n de fuerzas de seguridad que dejaron un alto saldo manifestantes heridos, varios de nuestro gremio, adem\u00e1s de golpear y gasear diputados de distintas extracciones, aunque todos opositores a la reforma previsional. Fue un ataque directo y premeditado a ancianos, ni\u00f1os, j\u00f3venes y trabajadores\/as que resultaron [&hellip;]<\/p>\n","protected":false},"author":1,"featured_media":19220,"comment_status":"open","ping_status":"open","sticky":false,"template":"","format":"standard","meta":{"_exactmetrics_skip_tracking":false,"_exactmetrics_sitenote_active":false,"_exactmetrics_sitenote_note":"","_exactmetrics_sitenote_category":0,"jnews-multi-image_gallery":[],"jnews_single_post":[],"jnews_primary_category":[],"jnews_social_meta":[],"jnews_review":[],"enable_review":"","type":"","name":"","summary":"","brand":"","sku":"","good":[],"bad":[],"score_override":"","override_value":"","rating":[],"price":[],"jnews_override_counter":[],"jnews_post_split":[],"footnotes":""},"categories":[10],"tags":[],"class_list":["post-9451","post","type-post","status-publish","format-standard","has-post-thumbnail","hentry","category-accion-politica"],"jetpack_featured_media_url":"https:\/\/atecordoba.org\/wp-content\/uploads\/2020\/05\/logo-nuevochico-e1561581322808.png","_links":{"self":[{"href":"https:\/\/atecordoba.org\/index.php?rest_route=\/wp\/v2\/posts\/9451","targetHints":{"allow":["GET"]}}],"collection":[{"href":"https:\/\/atecordoba.org\/index.php?rest_route=\/wp\/v2\/posts"}],"about":[{"href":"https:\/\/atecordoba.org\/index.php?rest_route=\/wp\/v2\/types\/post"}],"author":[{"embeddable":true,"href":"https:\/\/atecordoba.org\/index.php?rest_route=\/wp\/v2\/users\/1"}],"replies":[{"embeddable":true,"href":"https:\/\/atecordoba.org\/index.php?rest_route=%2Fwp%2Fv2%2Fcomments&post=9451"}],"version-history":[{"count":0,"href":"https:\/\/atecordoba.org\/index.php?rest_route=\/wp\/v2\/posts\/9451\/revisions"}],"wp:featuredmedia":[{"embeddable":true,"href":"https:\/\/atecordoba.org\/index.php?rest_route=\/wp\/v2\/media\/19220"}],"wp:attachment":[{"href":"https:\/\/atecordoba.org\/index.php?rest_route=%2Fwp%2Fv2%2Fmedia&parent=9451"}],"wp:term":[{"taxonomy":"category","embeddable":true,"href":"https:\/\/atecordoba.org\/index.php?rest_route=%2Fwp%2Fv2%2Fcategories&post=9451"},{"taxonomy":"post_tag","embeddable":true,"href":"https:\/\/atecordoba.org\/index.php?rest_route=%2Fwp%2Fv2%2Ftags&post=9451"}],"curies":[{"name":"wp","href":"https:\/\/api.w.org\/{rel}","templated":true}]}}