{"id":9445,"date":"2017-12-14T15:58:22","date_gmt":"2017-12-14T18:58:22","guid":{"rendered":"http:\/\/www.atecordoba.org\/?p=9445"},"modified":"2017-12-14T15:58:22","modified_gmt":"2017-12-14T18:58:22","slug":"continua-manana-el-paro-activo-de-ate-contra-la-reforma-previsional","status":"publish","type":"post","link":"https:\/\/atecordoba.org\/?p=9445","title":{"rendered":"Contin\u00faa ma\u00f1ana el paro activo de ATE contra la reforma previsional"},"content":{"rendered":"<p><em>Por resoluci\u00f3n del Consejo Directivo Nacional, ma\u00f1ana viernes 15 de diciembre se dar\u00e1 continuidad a la medida de fuerza realizada hoy, en rechazo a la llamada \u2018ley de reforma previsional\u2019.<\/em><\/p>\n<p><img loading=\"lazy\" decoding=\"async\" class=\"aligncenter size-full wp-image-9446\" src=\"http:\/\/www.atecordoba.org\/wp-content\/uploads\/2017\/12\/WhatsApp-Image-2017-12-14-at-15.47.00-e1513277396789.jpeg\" alt=\"\" width=\"550\" height=\"976\"><br \/>\nTal como se informara oportunamente al Ministerio de Trabajo, dicha reforma afecta los derechos de los jubilados e hipoteca el futuro de los trabajadores activos, ya que reducir\u00e1 \u2013inconstitucionalmente\u2013 las jubilaciones que la Anses eroga en la actualidad.<br \/>\nEn consecuencia, los trabajadores estatales mantendremos el paro activo en cada repartici\u00f3n nacional, provincial y municipal, a lo largo y ancho del pa\u00eds.<br \/>\nEn C\u00f3rdoba, el Consejo Directivo Provincial convoca a los cuerpos org\u00e1nicos a las 10 horas en nuestra sede, Entre R\u00edos 450.<br \/>\nMar\u00eda Liliana Salerno<br \/>\nSecretaria General<\/p>\n","protected":false},"excerpt":{"rendered":"<p>Por resoluci\u00f3n del Consejo Directivo Nacional, ma\u00f1ana viernes 15 de diciembre se dar\u00e1 continuidad a la medida de fuerza realizada hoy, en rechazo a la llamada \u2018ley de reforma previsional\u2019. Tal como se informara oportunamente al Ministerio de Trabajo, dicha reforma afecta los derechos de los jubilados e hipoteca el futuro de los trabajadores activos, [&hellip;]<\/p>\n","protected":false},"author":1,"featured_media":19220,"comment_status":"open","ping_status":"open","sticky":false,"template":"","format":"standard","meta":{"_exactmetrics_skip_tracking":false,"_exactmetrics_sitenote_active":false,"_exactmetrics_sitenote_note":"","_exactmetrics_sitenote_category":0,"jnews-multi-image_gallery":[],"jnews_single_post":[],"jnews_primary_category":[],"jnews_social_meta":[],"jnews_review":[],"enable_review":"","type":"","name":"","summary":"","brand":"","sku":"","good":[],"bad":[],"score_override":"","override_value":"","rating":[],"price":[],"jnews_override_counter":[],"jnews_post_split":[],"footnotes":""},"categories":[21],"tags":[],"class_list":["post-9445","post","type-post","status-publish","format-standard","has-post-thumbnail","hentry","category-paro-nacional"],"jetpack_featured_media_url":"https:\/\/atecordoba.org\/wp-content\/uploads\/2020\/05\/logo-nuevochico-e1561581322808.png","_links":{"self":[{"href":"https:\/\/atecordoba.org\/index.php?rest_route=\/wp\/v2\/posts\/9445","targetHints":{"allow":["GET"]}}],"collection":[{"href":"https:\/\/atecordoba.org\/index.php?rest_route=\/wp\/v2\/posts"}],"about":[{"href":"https:\/\/atecordoba.org\/index.php?rest_route=\/wp\/v2\/types\/post"}],"author":[{"embeddable":true,"href":"https:\/\/atecordoba.org\/index.php?rest_route=\/wp\/v2\/users\/1"}],"replies":[{"embeddable":true,"href":"https:\/\/atecordoba.org\/index.php?rest_route=%2Fwp%2Fv2%2Fcomments&post=9445"}],"version-history":[{"count":0,"href":"https:\/\/atecordoba.org\/index.php?rest_route=\/wp\/v2\/posts\/9445\/revisions"}],"wp:featuredmedia":[{"embeddable":true,"href":"https:\/\/atecordoba.org\/index.php?rest_route=\/wp\/v2\/media\/19220"}],"wp:attachment":[{"href":"https:\/\/atecordoba.org\/index.php?rest_route=%2Fwp%2Fv2%2Fmedia&parent=9445"}],"wp:term":[{"taxonomy":"category","embeddable":true,"href":"https:\/\/atecordoba.org\/index.php?rest_route=%2Fwp%2Fv2%2Fcategories&post=9445"},{"taxonomy":"post_tag","embeddable":true,"href":"https:\/\/atecordoba.org\/index.php?rest_route=%2Fwp%2Fv2%2Ftags&post=9445"}],"curies":[{"name":"wp","href":"https:\/\/api.w.org\/{rel}","templated":true}]}}