{"id":9440,"date":"2017-12-15T13:08:08","date_gmt":"2017-12-15T16:08:08","guid":{"rendered":"http:\/\/www.atecordoba.org\/?p=9440"},"modified":"2017-12-15T13:08:08","modified_gmt":"2017-12-15T16:08:08","slug":"cordoba-una-masiva-y-energica-protesta-a-la-anses-repudio-la-reforma-previsional","status":"publish","type":"post","link":"https:\/\/atecordoba.org\/?p=9440","title":{"rendered":"C\u00f3rdoba: una masiva y en\u00e9rgica protesta a la Anses repudi\u00f3 la reforma previsional"},"content":{"rendered":"<p><em>ATE junto a gremios de la CTA-A, CTA-T y la CGT expresaron el rechazo del movimiento obrero cordob\u00e9s.<\/em><\/p>\n<p><img loading=\"lazy\" decoding=\"async\" class=\"aligncenter size-full wp-image-9441\" src=\"http:\/\/www.atecordoba.org\/wp-content\/uploads\/2017\/12\/20171214_113153-e1513271589887.jpg\" alt=\"\" width=\"550\" height=\"309\"><\/p>\n<p>En el marco del paro activo que ATE convoc\u00f3 ayer, al conocerse el apuro del gobierno por tratar en el Congreso la llamada \u2018ley de reforma previsional\u2019, una multitudinaria concentraci\u00f3n de trabajadores enrolados en distintos gremios y organizaciones expresaron su repudio a la iniciativa y ratificaron el plan de lucha en defensa de los intereses de jubilados y trabajadores activos.<\/p>\n<p>Desde primeras horas del d\u00eda la oficina de la Anses, frente a la plaza San Mart\u00edn, estuvo cerrada a la atenci\u00f3n y el cuerpo de delegados de ATE se ocup\u00f3 de organizar el acto junto a los otros sindicatos sectoriales del organismo.<\/p>\n<p><img loading=\"lazy\" decoding=\"async\" class=\"aligncenter size-full wp-image-9442\" src=\"http:\/\/www.atecordoba.org\/wp-content\/uploads\/2017\/12\/20171214_113841-e1513271643197.jpg\" alt=\"\" width=\"550\" height=\"309\"><\/p>\n<p>\u201cNuestro pueblo vota y elige y no somos quienes para cuestionar esa decisi\u00f3n peor tambi\u00e9n es cierto que ac\u00e1 nadie dio un cheque en blanco para que diputados del PRO, Radicales y un sector del PJ traicionen el mandato de un pueblo que quiere estar, no retroceder en derechos\u201d, afirm\u00f3 el secretario General dela CTA-A C\u00f3rdoba Capital, Francisco Pav\u00e1n, al tiempo que destac\u00f3 la unidad alcanzada para realizar la protesta. \u201cDebemos estar juntos los trabajadores, tanto de la CGT, la CTA-A, la CTA de los trabajadores, de los movimientos sociales y territoriales, aquellos compa\u00f1eros que con dignidad la pelean todos los d\u00edas sin tener un sueldo en blanco\u201d, concluy\u00f3 el progremial de ATE C\u00f3rdoba.<\/p>\n<p><img loading=\"lazy\" decoding=\"async\" class=\"aligncenter size-full wp-image-9443\" src=\"http:\/\/www.atecordoba.org\/wp-content\/uploads\/2017\/12\/20171214_115837-e1513271727374.jpg\" alt=\"\" width=\"550\" height=\"309\"><\/p>\n<p>Los distintos gremios presentes destacaron la necesidad de mantener esa unidad y fustigaron al mismo tiempo al Presidente Macri por impulsar la iniciativa y al gobernador Schiaretti por avalarla y coordinar el apoyo de los diferentes gobernadores. \u201cTodos los trabajadores tenemos la misma camiseta, contra la reforma previsional, contra la reforma laboral, ac\u00e1 no hay diferencias. Tenemos que rescatar de la historia del movimiento obrero de C\u00f3rdoba y evitar que nos roben desde los gobiernos\u201d, concluy\u00f3 el secretario adjunto de ATE, Luis Barcena.<\/p>\n<p>En tanto, se realizaron actos de protesta en las tres seccionales del interior provincial: Villa Mar\u00eda, R\u00edo Tercero y R\u00edo Cuarto.<\/p>\n","protected":false},"excerpt":{"rendered":"<p>ATE junto a gremios de la CTA-A, CTA-T y la CGT expresaron el rechazo del movimiento obrero cordob\u00e9s. En el marco del paro activo que ATE convoc\u00f3 ayer, al conocerse el apuro del gobierno por tratar en el Congreso la llamada \u2018ley de reforma previsional\u2019, una multitudinaria concentraci\u00f3n de trabajadores enrolados en distintos gremios y [&hellip;]<\/p>\n","protected":false},"author":1,"featured_media":19220,"comment_status":"open","ping_status":"open","sticky":false,"template":"","format":"standard","meta":{"_exactmetrics_skip_tracking":false,"_exactmetrics_sitenote_active":false,"_exactmetrics_sitenote_note":"","_exactmetrics_sitenote_category":0,"jnews-multi-image_gallery":[],"jnews_single_post":[],"jnews_primary_category":[],"jnews_social_meta":[],"jnews_review":[],"enable_review":"","type":"","name":"","summary":"","brand":"","sku":"","good":[],"bad":[],"score_override":"","override_value":"","rating":[],"price":[],"jnews_override_counter":[],"jnews_post_split":[],"footnotes":""},"categories":[10,21],"tags":[],"class_list":["post-9440","post","type-post","status-publish","format-standard","has-post-thumbnail","hentry","category-accion-politica","category-paro-nacional"],"jetpack_featured_media_url":"https:\/\/atecordoba.org\/wp-content\/uploads\/2020\/05\/logo-nuevochico-e1561581322808.png","_links":{"self":[{"href":"https:\/\/atecordoba.org\/index.php?rest_route=\/wp\/v2\/posts\/9440","targetHints":{"allow":["GET"]}}],"collection":[{"href":"https:\/\/atecordoba.org\/index.php?rest_route=\/wp\/v2\/posts"}],"about":[{"href":"https:\/\/atecordoba.org\/index.php?rest_route=\/wp\/v2\/types\/post"}],"author":[{"embeddable":true,"href":"https:\/\/atecordoba.org\/index.php?rest_route=\/wp\/v2\/users\/1"}],"replies":[{"embeddable":true,"href":"https:\/\/atecordoba.org\/index.php?rest_route=%2Fwp%2Fv2%2Fcomments&post=9440"}],"version-history":[{"count":0,"href":"https:\/\/atecordoba.org\/index.php?rest_route=\/wp\/v2\/posts\/9440\/revisions"}],"wp:featuredmedia":[{"embeddable":true,"href":"https:\/\/atecordoba.org\/index.php?rest_route=\/wp\/v2\/media\/19220"}],"wp:attachment":[{"href":"https:\/\/atecordoba.org\/index.php?rest_route=%2Fwp%2Fv2%2Fmedia&parent=9440"}],"wp:term":[{"taxonomy":"category","embeddable":true,"href":"https:\/\/atecordoba.org\/index.php?rest_route=%2Fwp%2Fv2%2Fcategories&post=9440"},{"taxonomy":"post_tag","embeddable":true,"href":"https:\/\/atecordoba.org\/index.php?rest_route=%2Fwp%2Fv2%2Ftags&post=9440"}],"curies":[{"name":"wp","href":"https:\/\/api.w.org\/{rel}","templated":true}]}}