{"id":9434,"date":"2017-12-12T13:48:38","date_gmt":"2017-12-12T16:48:38","guid":{"rendered":"http:\/\/www.atecordoba.org\/?p=9434"},"modified":"2017-12-12T13:48:38","modified_gmt":"2017-12-12T16:48:38","slug":"gran-marcha-contra-la-omc-en-el-inicio-de-la-cumbre-en-buenos-aires","status":"publish","type":"post","link":"https:\/\/atecordoba.org\/?p=9434","title":{"rendered":"Gran marcha contra la OMC en el inicio de la Cumbre en Buenos Aires"},"content":{"rendered":"<p class=\"copete\"><em>ATE y la CTA-A se movilizaron contra la Organizaci\u00f3n Mundial de Comercio.<\/em><\/p>\n<div class=\"sliderkit photoslider-1click sombra\">\n<div class=\"sliderkit-panels\">\n<div><img loading=\"lazy\" decoding=\"async\" class=\"aligncenter size-full wp-image-9435\" src=\"http:\/\/www.atecordoba.org\/wp-content\/uploads\/2017\/12\/marcha-contra-la-OMC-e1513097246272.jpg\" alt=\"\" width=\"550\" height=\"309\"><\/div>\n<div class=\"sliderkit-panel\">\n<p style=\"font-weight: 400;\">La CTA Aut\u00f3noma, ATE, la Corriente Clasista y Combativa, la Confederaci\u00f3n de Trabajadores de la Econom\u00eda Popular, Barrios de Pie y un gran n\u00famero de organizaciones sociales se congregaron en el Obelisco porte\u00f1o para manifestar su repudio a la reuni\u00f3n de la OMC en la Ciudad de Buenos Aires.<\/p>\n<p style=\"font-weight: 400;\">Mientras Mauricio Macri, escoltado por los presidentes golpistas de Brasil y Paraguay, daba su discurso de apertura frente a los representantes de la Organizaci\u00f3n Mundial del Comercio, la CTA-A junto a organizaciones populares confluy\u00f3 en una gran movilizaci\u00f3n para repudiar a quienes pretenden quedarse con la riqueza que generan los trabajadores.<\/p>\n<p style=\"font-weight: 400;\">El domingo desde las 16, organizaciones sindicales, sociales y pol\u00edticas manifestaron su repudio a la llegada de la OMC en el inicio de la reuni\u00f3n ministerial en la ciudad de Buenos Aires. La CTA Aut\u00f3noma, junto a la organizaci\u00f3n miembro de la CLATE, ATE y otras organizaciones sociales se congregaron en el Obelisco de la ciudad y marcharon hacia el lugar donde se realizaba la reuni\u00f3n de apertura de la Organizaci\u00f3n Mundial de Comercio, bajo un impresionante operativo de seguridad.&nbsp;Julio Fuentes, presidente de la Confederaci\u00f3n Latinoamericana y del Caribe de Trabajadores Estatales, y Secretario General Adjunto de ATE Nacional, estuvo presente en la marcha junto a una delegaci\u00f3n de uruguayos y brasileros, encabezadas por Mart\u00edn Pereira de la COFE (Uruguay) y Sergio Arnoud de la CSPB (Basil). Mientras tanto en la Plaza del Congreso de la Naci\u00f3n se realiz\u00f3 un festival &#8220;Fuera OMC&#8221; que reuni\u00f3 a artistas populares, entre ellos Daniel Devita quien cant\u00f3 el tema oficial de la campa\u00f1a CLATE \u201cNo OMC\u201d.<\/p>\n<p style=\"font-weight: 400;\">La delegaci\u00f3n de la Asociaci\u00f3n Trabajadores del Estado estuvo encabezada por el Secretario General&nbsp; nacional, Hugo Cachorro Godoy quien explic\u00f3 que&nbsp;\u201cestamos marchando para decirle NO a la OMC, este tipo de organizaciones trasnacionales quiere estar por encima de la soberan\u00eda de los estados nacionales e imponer normas que favorezcan a las empresas multinacionales en contra las leyes de cada uno de los pueblos. Por esas razones es que nos oponemos a que estos organismos gobiernen por encima de las democracias, creemos que es posible construir una democracia diferente basada en las organizaciones libres del pueblo, donde quienes sean elegidos por el voto popular no lo tergiversen ni lo malversen poni\u00e9ndolo a disposici\u00f3n de las empresas y estos organizamos infames\u201d. El titular de ATE Nacional advirti\u00f3 que \u201cNecesitamos construir en Latinoamericana un bloque de naciones y de pueblos soberanos que puedan discutir en igualdad de condiciones ante esas grandes empresas y esos gobiernos imperiales que quieren imponer la gobernabilidad global por encima de la soberan\u00eda popular\u201d.<\/p>\n<p><span style=\"font-weight: 400;\">nismos gobiernen por encima de las democracias, creemos que es posible construir una democracia diferente basada en las organizaciones libres del pueblo, donde quienes sean elegidos por el voto popular no lo tergiversen ni lo malversen poni\u00e9ndolo a disposici\u00f3n de las empresas y estos organizamos infames\u201d<\/span><\/p>\n<p style=\"font-weight: 400;\">La multitud march\u00f3 bajo 35 grados de calor por 9 de Julio. Un dato destacado y que concuerda con el clima de militarizaci\u00f3n que se vive en la Ciudad de Buenos Aires es que la marcha fue escoltada por un desproporcionado operativo de seguridad, con polic\u00edas y Gendarmer\u00eda con armas largas, perros y equipo antimotines, en clara actitud amenazante y provocadora. Horas previas a la apertura se dieron a conocer denuncias de periodistas y militantes internacionalistas, a quienes se les impidi\u00f3 el ingreso al pa\u00eds, con dos deportaciones incluidas.<\/p>\n<p style=\"font-weight: 400;\">El secretario de Relaciones Internacionales de la CTA Aut\u00f3noma, Vicepresidente de la CSA, y Secretario de Comunicaci\u00f3n del Consejo Directivo Nacional de ATE, Adolfo Aguirre&nbsp;abri\u00f3 el acto presentando la actividad y a las organizaciones presentes. Tomaron la palabra entre otros,&nbsp;el Secretario General Adjunto de CTA-A Nacional, Ricardo Peidro, y expres\u00f3: &#8220;estamos en la calle como se est\u00e1 haciendo en toda la regi\u00f3n para resistir a las supuestas &#8220;reformas&#8221; laborales, de salud, educaci\u00f3n y previsional, que no son m\u00e1s que adaptar la legislaci\u00f3n a los intereses de los poderosos a nivel global. La OMC est\u00e1 reunida para intentar decidir cu\u00e1l va a ser el futuro de nuestros pueblos. Nosotros venimos a plantear que el futuro lo decide nuestro pueblo, lo decide los trabajadores&#8221;. Peidr\u00f3 convoc\u00f3 a la unidad e hizo un llamamiento a redoblar los esfuerzos: &#8220;tenemos que construir la fuerza ofensiva que los derrote e imponer las leyes que defiendan a toda la clase&#8221;.<\/p>\n<p style=\"font-weight: 400;\">En representaci\u00f3n de la CLATE, hablaron Julio Fuentes y Mart\u00edn Pereira, presidente de la Confederaci\u00f3n de Organizaciones de Funcionarios del Estado (COFE). Fuentes rescat\u00f3 a trav\u00e9s del ejemplo de la Batalla de la Vuelta de Obligado, la resistencia hist\u00f3rica a la prepotencia imperialista: &#8220;aquel hecho tiene mucho que ver con lo que est\u00e1 sucediendo hoy. Entonces quer\u00edan imponernos el destino maldito de ser s\u00f3lo proveedores de materias primas y ellos manufacturar los productos. De eso se trata hoy otra vez esta cumbre de la OMC. Quieren sacrificar todo, cueste lo que cueste, en nuestro territorio, con la megaminer\u00eda, con la soja transg\u00e9nica, el glifosato y mano de obra barata. Hace 150 a\u00f1os vinieron con buques de guerra para que elimin\u00e1ramos nuestras aduanas y hoy vienen estos funcionarios. La gran diferencia es que entonces ten\u00edamos a Juan Manuel de Rosas gobernando y hoy tenemos a \u00e9stos que entregan todo&#8221;.&nbsp; Pereira por su parte, salud\u00f3 a la marcha y habl\u00f3 de la importancia de la lucha y de la unidad que se requiere para enfrentar a este gran enemigo com\u00fan. \u201cEs bueno ver marchar banderas de todos los colores en unidad\u201d. Y agreg\u00f3 que \u201cno vengan los yanquis a decirnos qu\u00e9 tenemos que hacer\u201d. En la delegaci\u00f3n de CLATE estuvieron presentes los secretarios de Organizaci\u00f3n Alterna, Terezinha Castro; de Administrativa y Finanzas, Matilde Abin; de Investigaci\u00f3n, Estad\u00edsticas y Estudios, Horacio Fern\u00e1ndez; y de Formaci\u00f3n Alterna, Mar\u00eda Teresa Romero. Y un importante n\u00famero de compa\u00f1eros y compa\u00f1eras de la COFE uruguaya.<\/p>\n<p style=\"font-weight: 400;\">Por su parte, el ex diputado Claudio Lozano, afirm\u00f3 que &#8220;est\u00e1n en Buenos Aires los productores y promotores de la desigualdad del mundo&#8221; y convoc\u00f3 a seguir movilizados. Lozano asever\u00f3 que el encuentro en la Ciudad de Buenos Aires es presentado por el Gobierno Nacional como un respaldo a sus pol\u00edticas y denunci\u00f3 que la represi\u00f3n del gobierno tambi\u00e9n se manifiesta en la prohibici\u00f3n de participar de la cumbre a m\u00e1s de 40 periodistas y militantes de organizaciones no gubernamentales. Tambi\u00e9n hizo hincapi\u00e9 en la militarizaci\u00f3n de la ciudad &#8220;para defender los intereses de las corporaciones&#8221;.<\/p>\n<p style=\"font-weight: 400;\">Myriam Liempe, Secretaria de Relaci\u00f3n con los Pueblos Originarios de CTA-A, asegur\u00f3: &#8220;Venimos a decir que este territorio que hoy se llama Argentina tiene mucho de sacrificio y mucho de poner el cuerpo y la sangre de los pueblos originarios y m\u00e1s recientemente de los 30 mil desaparecidos. Parece que al capitalismo le encanta chorrear sangre, ya que \u00faltimamente una vez m\u00e1s hemos tenido muertos en nuestros territorios. Tenemos que responder a este paradigma de hambre y muerte con organizaci\u00f3n y continuar la lucha con un nuevo paradigma de respeto a la vida&#8221;.<\/p>\n<p style=\"font-weight: 400;\"><b><strong style=\"font-style: inherit;\">La ministerial<\/strong><\/b><\/p>\n<p style=\"font-weight: 400;\">Para la XI Reuni\u00f3n Ministerial de la Organizaci\u00f3n Mundial del Comercio (OMC), llegaron a Buenos Aires altos funcionarios de las 164 naciones miembros de la organizaci\u00f3n. El intento de la cumbre es cerrar acuerdos para llevar a un mayor nivel de liberalizaci\u00f3n las pol\u00edticas arancelarias y aduaneras. Se buscar\u00e1n compromisos para anular la capacidad de los Estados de regular la econom\u00eda e imponer as\u00ed un orden de prelaci\u00f3n en donde los intereses de las corporaciones est\u00e9n por encima de cualquier naci\u00f3n.<\/p>\n<p style=\"font-weight: 400;\">En relaci\u00f3n a la Argentina, el gobierno ha mostrado inter\u00e9s en lograr un acuerdo de libre comercio entre el Mercosur y la Uni\u00f3n Europea. Esto ha generado tensiones y abierta oposici\u00f3n de algunos pa\u00edses ya que afirman que esto contradice los acuerdos regionales. El contexto internacional complejiza la discusi\u00f3n dado el evidente intento de Donald Trump de romper todas las instancias multilaterales de acuerdos. Adem\u00e1s, la econom\u00eda mundial en baja ha determinado que el comercio global ha perdido su din\u00e1mica de crecimiento.<\/p>\n<p style=\"font-weight: 400;\">Un tema destacado en la agenda de la reuni\u00f3n es el comercio electr\u00f3nico en donde empresas transnacionales como Amazon, Google, Microsoft y las locales OLX, Mercadolibre, entre otras, pretenden asegurarse bajas cargas arancelarias y libertad de acceso a la informaci\u00f3n de los usuarios que navegan por Internet.<\/p>\n<p style=\"font-weight: 400;\">La cumbre de la OMC, que fue inaugurada este domingo por Macri y sus pares Michel Temer (Brasil), Horacio Cartes (Paraguay) y Tabar\u00e9 V\u00e1squez (Uruguay), se extender\u00e1 hasta el pr\u00f3ximo jueves con una agenda de actividades, en tanto que se espera que contin\u00faen las protestas callejeras y actividades sociales a modo de &#8220;contra-cumbre&#8221;.<\/p>\n<p>&nbsp;<\/p><\/div>\n<\/div>\n<\/div>\n","protected":false},"excerpt":{"rendered":"<p>ATE y la CTA-A se movilizaron contra la Organizaci\u00f3n Mundial de Comercio. La CTA Aut\u00f3noma, ATE, la Corriente Clasista y Combativa, la Confederaci\u00f3n de Trabajadores de la Econom\u00eda Popular, Barrios de Pie y un gran n\u00famero de organizaciones sociales se congregaron en el Obelisco porte\u00f1o para manifestar su repudio a la reuni\u00f3n de la OMC [&hellip;]<\/p>\n","protected":false},"author":1,"featured_media":19220,"comment_status":"open","ping_status":"open","sticky":false,"template":"","format":"standard","meta":{"_exactmetrics_skip_tracking":false,"_exactmetrics_sitenote_active":false,"_exactmetrics_sitenote_note":"","_exactmetrics_sitenote_category":0,"jnews-multi-image_gallery":[],"jnews_single_post":[],"jnews_primary_category":[],"jnews_social_meta":[],"jnews_review":[],"enable_review":"","type":"","name":"","summary":"","brand":"","sku":"","good":[],"bad":[],"score_override":"","override_value":"","rating":[],"price":[],"jnews_override_counter":[],"jnews_post_split":[],"footnotes":""},"categories":[10],"tags":[],"class_list":["post-9434","post","type-post","status-publish","format-standard","has-post-thumbnail","hentry","category-accion-politica"],"jetpack_featured_media_url":"https:\/\/atecordoba.org\/wp-content\/uploads\/2020\/05\/logo-nuevochico-e1561581322808.png","_links":{"self":[{"href":"https:\/\/atecordoba.org\/index.php?rest_route=\/wp\/v2\/posts\/9434","targetHints":{"allow":["GET"]}}],"collection":[{"href":"https:\/\/atecordoba.org\/index.php?rest_route=\/wp\/v2\/posts"}],"about":[{"href":"https:\/\/atecordoba.org\/index.php?rest_route=\/wp\/v2\/types\/post"}],"author":[{"embeddable":true,"href":"https:\/\/atecordoba.org\/index.php?rest_route=\/wp\/v2\/users\/1"}],"replies":[{"embeddable":true,"href":"https:\/\/atecordoba.org\/index.php?rest_route=%2Fwp%2Fv2%2Fcomments&post=9434"}],"version-history":[{"count":0,"href":"https:\/\/atecordoba.org\/index.php?rest_route=\/wp\/v2\/posts\/9434\/revisions"}],"wp:featuredmedia":[{"embeddable":true,"href":"https:\/\/atecordoba.org\/index.php?rest_route=\/wp\/v2\/media\/19220"}],"wp:attachment":[{"href":"https:\/\/atecordoba.org\/index.php?rest_route=%2Fwp%2Fv2%2Fmedia&parent=9434"}],"wp:term":[{"taxonomy":"category","embeddable":true,"href":"https:\/\/atecordoba.org\/index.php?rest_route=%2Fwp%2Fv2%2Fcategories&post=9434"},{"taxonomy":"post_tag","embeddable":true,"href":"https:\/\/atecordoba.org\/index.php?rest_route=%2Fwp%2Fv2%2Ftags&post=9434"}],"curies":[{"name":"wp","href":"https:\/\/api.w.org\/{rel}","templated":true}]}}