{"id":9427,"date":"2017-12-11T16:59:54","date_gmt":"2017-12-11T19:59:54","guid":{"rendered":"http:\/\/www.atecordoba.org\/?p=9427"},"modified":"2017-12-11T16:59:54","modified_gmt":"2017-12-11T19:59:54","slug":"40-anos-de-la-fundacion-de-anusate","status":"publish","type":"post","link":"https:\/\/atecordoba.org\/?p=9427","title":{"rendered":"40 a\u00f1os de la fundaci\u00f3n de Anusate"},"content":{"rendered":"<p><em>Ayer 10 de diciembre se cumplieron cuatro d\u00e9cadas de la m\u00edtica reuni\u00f3n en un convento de Buenos Aires donde se fund\u00f3 la&nbsp;Agrupaci\u00f3n Nacional \u201cUnidad y Solidaridad\u201d de la Asociaci\u00f3n Trabajadores del Estado (ANUSATE). El documento .<\/em><\/p>\n<p><img loading=\"lazy\" decoding=\"async\" class=\"aligncenter size-full wp-image-9428\" src=\"http:\/\/www.atecordoba.org\/wp-content\/uploads\/2017\/12\/anusate-e1513021197568.jpg\" alt=\"\" width=\"550\" height=\"550\"><\/p>\n<p>Aquella reuni\u00f3n ser\u00eda el punto inicial de un camino recorrido que aun sigue dejando huella en ATE y en la historia del movimiento obrero. Escondi\u00e9ndose de la dictadura, que persegu\u00eda la resistencia obrera a sangre y fuego, un grupo de dirigentes y activistas, algunos con trabajo, otros exonerados del Estado por la persecuci\u00f3n, resolvieron iniciar la recuperaci\u00f3n de ATE de las ATE de una conducci\u00f3n c\u00f3mplice de los genocidas.&nbsp;<\/p>\n<p>Del plenario fundacional participaron&nbsp;H\u00e9ctor Quagliaro, V\u00edctor De Gennaro, Andr\u00e9s P\u00e9rez, Alberto Gi\u00fadice, Luis Vila, Cacho Mengarelli, Colacho Mart\u00ednez, Manuel Sbarbati, Miguel Peirano, N\u00e9stor Peysee, Luis Daldini, H\u00e9ctor Sanmartino, Walter Rodr\u00edguez, Eduardo De Gennaro, Hugo Contreras, Edgardo Cruz, \u00c1ngel Bardaro, Miguel Romero, Horacio Buccicardi y Germ\u00e1n Abdala.<\/p>\n<p>Dijo Quagliaro en la oportunidad:&nbsp;&#8220;estamos abriendo un cauce para que lo transiten miles de compa\u00f1eros que a\u00fan no conocemos&#8221;. Y efectivamente fueron miles los que se sumaron hasta constituir hoy <a href=\"http:\/\/www.ate.org.ar\/nota.asp?id=11226\">una de las organizaciones gremiales m\u00e1s grandes<\/a> de la Argentina.&nbsp;<\/p>\n<p><strong>D E C L A R A C I \u00d3 N &nbsp;D E &nbsp;P R I N C I P I O S<\/strong><\/p>\n<p>\u201cUn grupo importante de compa\u00f1eros que componen las diversas Seccionales de ATE, impulsados por la inquietud ante la magnitud de situaciones estructurales y econ\u00f3micas por la que atraviesan todos los trabajadores, han decidido autoconvocarse para analizar, a la luz de la realidad social y pol\u00edtica que nos circunda, el estado y la marcha de nuestra Organizaci\u00f3n. Partiendo de una fecha que irreversiblemente se inserta en la historia pol\u00edtica de nuestro pa\u00eds, y en especial en la vida del Movimiento Obrero, por ser \u00e9ste uno de los directos objetivos que se persiguen a partir del 24 de Marzo de 1976. La prohibici\u00f3n de la actividad gremial, la inconsulta reforma a toda la legislaci\u00f3n laboral, la cesant\u00eda de la mayor\u00eda de los cuadros gremiales de nuestra organizaci\u00f3n y la imposici\u00f3n de una pol\u00edtica econ\u00f3mica salarial lesiva al inter\u00e9s de los trabajadores con evidentes rasgos discriminatorios tanto en la Administraci\u00f3n P\u00fablica nacional como provincial y en las Empresas y Organismos del Estado. La incentivaci\u00f3n de la \u201cRacionalizaci\u00f3n Administrativa\u201d fundada en el repetido y gastado argumento de que la crisis que soportamos tiene su sustento en la maquinaria estatal, eludi\u00e9ndose otras razones m\u00e1s importantes y gravosas producto de una filosof\u00eda basada en la libre empresa y en la liquidaci\u00f3n de nuestros recursos b\u00e1sicos elementales, en desmedro de nuestra econom\u00eda y a favor de los pa\u00edses de gran poder\u00edo econ\u00f3mico y tecnol\u00f3gico. Frente a estas escuetas razones y otras que obviamos por ser por dem\u00e1s conocidas y que vivenciamos todos los d\u00edas, se produce paralelamente el paulatino desmembramiento de nuestra organizaci\u00f3n a nivel nacional. La incapacidad, el inmovilismo y el silencio c\u00f3mplice de la actual conducci\u00f3n nos obliga y compromete a reunir nuestros mejores y mayores esfuerzos para salvar a nuestra organizaci\u00f3n de su destrucci\u00f3n estableciendo enf\u00e1ticamente que, por encima de cualquier enfoque diferenciado sobre el particular, nos proponemos la defensa inclaudicable de la \u00fanica herramienta v\u00e1lida de autodefensa de los trabajadores: su organizaci\u00f3n gremial.<\/p>\n<p>Para exponer esta afirmaci\u00f3n partimos de que sus actuales y perimidos conductores se han asimilado a la situaci\u00f3n descripta y esgrimen, como una defensa para justificarse, el tramposo argumento de que nada puede hacerse en estas circunstancias. As\u00ed, entonces, no s\u00f3lo se tiende a la casi desaparici\u00f3n de nuestro cuerpo nacional representativo sino que, lo que es m\u00e1s grave a\u00fan, se renuncia en los hechos a la defensa de los intereses de nuestros representados violando principios filos\u00f3ficos y doctrinarios que han sido y deber\u00e1n ser el elemento principal que motorice el accionar de la dirigencia. Es por ello que, por encima de luchas personales e intereses, nos mueve el fervor militante de servir prioritariamente a nuestros compa\u00f1eros y por analog\u00eda a la comunidad toda sin pasiones descontroladas, sin intereses espurios o y sin fijarnos como objetivo final el solo confrontar en un acto electoral para reemplazar hombres.<\/p>\n<p>Queremos ofrecer un cauce que, aunque largo y dif\u00edcil, sirva para modificar conductas y pol\u00edticas, renovar lo caduco, garantizar idoneidad para la funci\u00f3n, evidenciar en el accionar permanente la lealtad en todos los aspectos, erradicar la irrepresentatividad y la antidemocracia sindical eliminando para siempre los tutelajes nocivos, los oportunismos pol\u00edticos coyunturales, la demagogia y el compromiso con la d\u00e1diva econ\u00f3mica que envilece. Como as\u00ed tambi\u00e9n las definiciones o razonamientos simplistas que siempre tienden a favorecer a quienes pretenden silenciar, atomizar e ir contra el Movimiento Obrero negando su necesaria e incuestionable presencia en nuestra sociedad.<\/p>\n<p>Este es el camino si realmente se aspira a concretar un verdadero proyecto liberador.<\/p>\n<p>Afirmados en estas breves y concretas premisas, conscientes de la tarea que emprendemos y convencidos de que los hechos y el tiempo hist\u00f3rico nos dar\u00e1n la raz\u00f3n, iniciamos esta empresa. Sin propuestas f\u00e1ciles y demag\u00f3gicas y sin actitudes altisonantes o emotivas, evitamos desde el inicio de este movimiento confundir a los Compa\u00f1eros y distorsionar los fines que perseguimos. Estamos convencidos de que s\u00f3lo seremos rechazados por los mediocres o comprometidos con la situaci\u00f3n actual y seremos combatidos por los detentadores permanentes de los cargos sindicales quienes nos pondr\u00e1n motes, r\u00f3tulos o intenciones subalternas para pretender sacarnos del medio. Y anticipando desde ya que a esta cruzada, al no pertenecer a nadie en particular sino al conjunto de nuestra organizaci\u00f3n, no podr\u00e1n frenarla ni impedir su crecimiento y podremos entre todos erradicar los reales problemas negativos que soportamos y que hemos descrito sint\u00e9ticamente.<\/p>\n<p>Estas y otras muchas razones que iremos haciendo p\u00fablicas fundamentan nuestra actitud y nos han decidido a constituir un organismo de expresi\u00f3n y aglutinamiento de todas aquellas voluntades que, convencidas de esta necesidad, decidan voluntaria y libremente transitar nuestro camino.<\/p>\n<p>Un camino en pos del objetivo com\u00fan que har\u00e1 posible restablecer para todos los Compa\u00f1eros la confianza perdida, canalizar la cr\u00edtica que observamos y vivimos en casi todas las Seccionales, galvanizar la fe en nuestras convicciones doctrinarias y fortalecer la deca\u00edda vida org\u00e1nica de nuestra Asociaci\u00f3n. Formulamos este llamamiento hoy para que nadie pueda alegar que no fue convocando a esta justa y necesaria iniciativa y porque queremos evitar que ma\u00f1ana sea tarde para salvar a una de las organizaciones pioneras del Movimiento Obrero Argentino\u201d.<\/p>\n<p>(Casa Nazareth. 10 de Diciembre de 1977. Agrupaci\u00f3n Nacional \u201cUnidad y Solidaridad\u201d de la Asociaci\u00f3n Trabajadores del Estado. ANUSATE).<\/p>\n<p>&nbsp;<\/p>\n","protected":false},"excerpt":{"rendered":"<p>Ayer 10 de diciembre se cumplieron cuatro d\u00e9cadas de la m\u00edtica reuni\u00f3n en un convento de Buenos Aires donde se fund\u00f3 la&nbsp;Agrupaci\u00f3n Nacional \u201cUnidad y Solidaridad\u201d de la Asociaci\u00f3n Trabajadores del Estado (ANUSATE). El documento . Aquella reuni\u00f3n ser\u00eda el punto inicial de un camino recorrido que aun sigue dejando huella en ATE y en [&hellip;]<\/p>\n","protected":false},"author":1,"featured_media":19220,"comment_status":"open","ping_status":"open","sticky":false,"template":"","format":"standard","meta":{"_exactmetrics_skip_tracking":false,"_exactmetrics_sitenote_active":false,"_exactmetrics_sitenote_note":"","_exactmetrics_sitenote_category":0,"jnews-multi-image_gallery":[],"jnews_single_post":[],"jnews_primary_category":[],"jnews_social_meta":[],"jnews_review":[],"enable_review":"","type":"","name":"","summary":"","brand":"","sku":"","good":[],"bad":[],"score_override":"","override_value":"","rating":[],"price":[],"jnews_override_counter":[],"jnews_post_split":[],"footnotes":""},"categories":[10],"tags":[],"class_list":["post-9427","post","type-post","status-publish","format-standard","has-post-thumbnail","hentry","category-accion-politica"],"jetpack_featured_media_url":"https:\/\/atecordoba.org\/wp-content\/uploads\/2020\/05\/logo-nuevochico-e1561581322808.png","_links":{"self":[{"href":"https:\/\/atecordoba.org\/index.php?rest_route=\/wp\/v2\/posts\/9427","targetHints":{"allow":["GET"]}}],"collection":[{"href":"https:\/\/atecordoba.org\/index.php?rest_route=\/wp\/v2\/posts"}],"about":[{"href":"https:\/\/atecordoba.org\/index.php?rest_route=\/wp\/v2\/types\/post"}],"author":[{"embeddable":true,"href":"https:\/\/atecordoba.org\/index.php?rest_route=\/wp\/v2\/users\/1"}],"replies":[{"embeddable":true,"href":"https:\/\/atecordoba.org\/index.php?rest_route=%2Fwp%2Fv2%2Fcomments&post=9427"}],"version-history":[{"count":0,"href":"https:\/\/atecordoba.org\/index.php?rest_route=\/wp\/v2\/posts\/9427\/revisions"}],"wp:featuredmedia":[{"embeddable":true,"href":"https:\/\/atecordoba.org\/index.php?rest_route=\/wp\/v2\/media\/19220"}],"wp:attachment":[{"href":"https:\/\/atecordoba.org\/index.php?rest_route=%2Fwp%2Fv2%2Fmedia&parent=9427"}],"wp:term":[{"taxonomy":"category","embeddable":true,"href":"https:\/\/atecordoba.org\/index.php?rest_route=%2Fwp%2Fv2%2Fcategories&post=9427"},{"taxonomy":"post_tag","embeddable":true,"href":"https:\/\/atecordoba.org\/index.php?rest_route=%2Fwp%2Fv2%2Ftags&post=9427"}],"curies":[{"name":"wp","href":"https:\/\/api.w.org\/{rel}","templated":true}]}}