{"id":9407,"date":"2017-12-07T13:07:43","date_gmt":"2017-12-07T16:07:43","guid":{"rendered":"http:\/\/www.atecordoba.org\/?p=9407"},"modified":"2017-12-07T13:07:43","modified_gmt":"2017-12-07T16:07:43","slug":"paro-nacional-una-masiva-movilizacion-convoco-a-estatales-sindicatos-y-organizaciones-sociales","status":"publish","type":"post","link":"https:\/\/atecordoba.org\/?p=9407","title":{"rendered":"Paro nacional: una masiva movilizaci\u00f3n convoc\u00f3 a estatales, sindicatos y organizaciones sociales"},"content":{"rendered":"<p><em>La respuesta a la convocatoria de ATE y CTA fue contundente. Se anunci\u00f3 la adhesi\u00f3n de decenas de organizaciones. El CDP march\u00f3 junto a las seccionales Villa Mar\u00eda y R\u00edo Tercero.<\/em><\/p>\n<p><img loading=\"lazy\" decoding=\"async\" class=\"aligncenter size-full wp-image-9409\" src=\"http:\/\/www.atecordoba.org\/wp-content\/uploads\/2017\/12\/IMG-20171206-WA0173-e1512661548209.jpg\" alt=\"\" width=\"550\" height=\"309\"><\/p>\n<p>\u201cContra la represi\u00f3n y la reforma laboral\u201d una multitudinaria movilizaci\u00f3n atraves\u00f3 el centro de C\u00f3rdoba para rechazar la pol\u00edtica del gobierno nacional.<\/p>\n<p>Trabajadores de nacionales de diversos organismos, provinciales y municipales salieron a la calle y se fundieron con compa\u00f1eros de decenas de organizaciones sociales y sindicatos aglutinados alrededor de un plan de lucha, que tiene por objetivo detener el plan de reformas proempresariales y precarizadoras de la administraci\u00f3n de Mauricio Macri.<\/p>\n<p>La columna parti\u00f3 de la sede de ATE en direcci\u00f3n a la esquina de Col\u00f3n y General Paz, donde estaba previsto el acto, encabezada por nuestra secretaria General, Mar\u00eda Liliana Salerno y el resto de la conducci\u00f3n del Consejo Directivo Provincial. Tambi\u00e9n se cont\u00f3 con la presencia de compa\u00f1eros de Villa Mar\u00eda y R\u00edo Tercero.<\/p>\n<p>En el camino se sumaron organizaciones territoriales como Barrios de Pie, la CCC y la CTEP, junto compa\u00f1eros del MTS que hab\u00edan estado realizando un corte en uno de los principales puentes de la ciudad.<\/p>\n<p>&nbsp;<\/p>\n<p><img loading=\"lazy\" decoding=\"async\" class=\"aligncenter size-full wp-image-9412\" src=\"http:\/\/www.atecordoba.org\/wp-content\/uploads\/2017\/12\/salerno-png.png\" alt=\"\" width=\"550\" height=\"366\"><\/p>\n<p style=\"text-align: center;\">(<em>foto Micka Hubeli<\/em>)<\/p>\n<div class=\"_4-u2 _2phz _4-u8\">\n<div id=\"u_fetchstream_2_0\">Se pudo contar con la participaci\u00f3n de compa\u00f1eros de Cispren, Aceiteros de Tancacha, Sutba, delegados de la empresa Aucor y delegadas de trolebuses de UTA, Sitosplad, UTS, la Corriente Clasista y Combativa, Barrios de Pie, la CTEP-Movimiento Evita, Foro Solidario C\u00f3rdoba, el Coordinadora Sindical Clasista, Corriente Sindical del MTS, Polo Obrero, Movimiento Octubre, Gremio Odontol\u00f3gico de C\u00f3rdoba, Centro de Vecinos Autoconvocados, la Mesa de Ciencia y T\u00e9cnica, La Casa de las Mujeres y la agrupaci\u00f3n universitaria AZUL &amp; ROJA (que preside el centro de estudiantes del IPEF), Coordinadora contra la Represi\u00f3n Policial e Institucional (Correpi), Agrupaci\u00f3n Montoneros, Frente Popular Dar\u00edo Santill\u00e1n (FPDS), Asociaci\u00f3n de Mujeres Meretrices de la Argentina (AMMAR), Agrupaci\u00f3n La Tuerca Volkswagen, Agrupaci\u00f3n Docente Azul y Blanca UEPC, Agrupaci\u00f3n Alternativa Docente UEPC, Tribuna Docente UEPC, Lista Fucsia SUOEM, Corriente Nacional Salvador Mazza, Feria Agroecol\u00f3gica C\u00f3rdoba, Feria Serrana Agroecol\u00f3gica, Frente Popular, junto a los partidos pol\u00edticos Unidad Popular, PTP-PCR, Partido Socialista, MST, Izquierda Socialista, Partido Obrero.<\/div>\n<\/div>\n<p>La marcha lleg\u00f3 a la esquina de Col\u00f3n y General Paz, donde ya estaban concentrados otros miles de compa\u00f1eros territoriales. Frente a la sede del Correo Argentino se instal\u00f3 el palco donde los oradores de las distintas organizaciones se dirigieron a la multitud, para celebrar esta muestra de unidad y pelea contra el ajuste.<\/p>\n<p>Primera a la hora de los discursos, Mar\u00eda Liliana Salerno afirm\u00f3 que \u201ccomo todos, venimos a esta movilizaci\u00f3n en contra de la reforma laboral, la previsional, el pacto fiscal, de los tarifazos. Estamos solicitando el cese de los despidos, que los compa\u00f1eros despedidos vuelvan inmediatamente a sus puestos de trabajo y el 82% m\u00f3vil para nuestros jubilados, que es una de las banderas hist\u00f3ricas de nuestro gremio\u201d.<\/p>\n<p><img loading=\"lazy\" decoding=\"async\" class=\"aligncenter size-full wp-image-9410\" src=\"http:\/\/www.atecordoba.org\/wp-content\/uploads\/2017\/12\/IMG-20171206-WA0133-e1512661581113.jpg\" alt=\"\" width=\"550\" height=\"413\"><\/p>\n<p>La dirigente describi\u00f3 la etapa que atravesamos los estatales como muy dif\u00edcil \u201cporque est\u00e1n en riesgo 90 mil contratos del Estado nacional que a\u00fan no sabemos qu\u00e9 destino tendr\u00e1n esos compa\u00f1eros. Esto se produce en el marco de una brutal pol\u00edtica de vaciamiento de determinados organismos del Estado como es el caso de Fabricaciones Militares. As\u00ed que ATE se va a mantener en la calle, construyendo unidad y resistiendo el ajuste\u201d.<\/p>\n<p>En esa l\u00ednea, la secretaria General de ATE anunci\u00f3 que la semana que el pr\u00f3ximo mi\u00e9rcoles 13 de diciembre se realizar\u00e1 una protesta de cuerpos org\u00e1nicos frente a la Legislatura, cuando se trate en segunda lectura el presupuesto para la provincia. \u201cRechazamos el 12% de pauta para los provinciales por insuficiente, ya que no representa una recomposici\u00f3n acorde a la inflaci\u00f3n, los tarifazos y la p\u00e9rdida de poder adquisitivo de los salarios que tuvimos en C\u00f3rdoba y adem\u00e1s lo que se proyecta para el 2018\u201d.<\/p>\n<p>Por \u00faltimo, Salerno asegur\u00f3 que \u201cest\u00e1 claro que todo lo que quiere hacer este gobierno es hambrear al pueblo. Sabemos que lo que no puedan imponer con sus acuerdos con los traidores que est\u00e1n en el congreso lo hacen con represi\u00f3n, como lo est\u00e1n sufriendo actualmente los compa\u00f1eros de la Patagonia. Repudiamos la represi\u00f3n a los mapuches\u201d, cerr\u00f3 con gran aplauso de los compa\u00f1eros.<\/p>\n<p><img loading=\"lazy\" decoding=\"async\" class=\"aligncenter size-full wp-image-9408\" src=\"http:\/\/www.atecordoba.org\/wp-content\/uploads\/2017\/12\/IMG-20171206-WA0034-e1512661515398.jpg\" alt=\"\" width=\"550\" height=\"413\"><\/p>\n<p>&nbsp;<\/p>\n<p>A su turno, el secretario General de Villa Mar\u00eda dirigi\u00f3 un mensaje de cr\u00edtica a las conducciones sindicales que \u201csin representar a los trabajadores, como lo hace el triunvirato, toman decisiones en nombre de todos los trabajadores, pero los trabajadores organizados sabemos el rumbo que debemos tomar. Y hoy una vez m\u00e1s en todo el pa\u00eds, junto a tantos compa\u00f1eros, marchamos para decirle no a las reformas y pedimos al reincorporaci\u00f3n de los despedidos\u201d.<\/p>\n<p>La lista de discursos, donde cada organizaci\u00f3n tuvo su momento, concluy\u00f3 con la palabra del secretario General de la CTA-A C\u00f3rdoba, Guido Dreizik, que afirm\u00f3 que \u201cel capitalismo tiene una rentabilidad de ganancia alt\u00edsima en nuestro pa\u00eds\u201d ya que de cada ocho horas diarias de trabajo \u201cs\u00f3lo una hora cincuenta lo destinan al salario y aportes previsionales, el resto son utilidades\u201d. Por eso el dirigente dijo que las reformas que el gobierno plantea para abaratar despidos modificar condiciones de la negociaci\u00f3n colectiva, favoreciendo a las empresas \u201cson lisa y llanamente el incremento de la transferencia de recursos que ya viene siendo extraordinaria\u201d.<\/p>\n<p>Dreizik le achac\u00f3 esta pol\u00edtica a \u201cuna oligarqu\u00eda que decidi\u00f3 gobernar en nombre propio\u201d y convoc\u00f3 a las organizaciones a participar de la protesta el 13 de diciembre, cuando se trate en la legislatura el presupuesto provincial. \u201cVamos a estar todos con los compa\u00f1eros de ATE\u201d, concluy\u00f3.<\/p>\n<p><strong>Villa Mar\u00eda<\/strong><\/p>\n<p>La seccional Villa Mar\u00eda se moviliz\u00f3 junto a sindicatos y organizaciones que integran la CTA-A, gremios que integran la la CGT, jubilados provinciales y organizaciones de DDHH.&nbsp;<\/p>\n<p><img loading=\"lazy\" decoding=\"async\" class=\"aligncenter size-full wp-image-9416\" src=\"http:\/\/www.atecordoba.org\/wp-content\/uploads\/2017\/12\/villa-maria-e1512664456562.jpeg\" alt=\"\" width=\"550\" height=\"413\"><\/p>\n<p>El acto se llev\u00f3 a cabo en la plaza centenario, donde el secretario General de la secicoinal, Fernando Mercado, asegur\u00f3 que frente a \u201cla reforma laboral, la previsional, el tarifazo y los despidos, le decimos a este Gobierno que por la memoria de Agust\u00edn Tosco, Germ\u00e1n Abdala y Atilio L\u00f3pez no se lo vamos a permitir\u201d.<\/p>\n<p><img loading=\"lazy\" decoding=\"async\" class=\"aligncenter size-full wp-image-9417\" src=\"http:\/\/www.atecordoba.org\/wp-content\/uploads\/2017\/12\/oso-e1512664525122.jpeg\" alt=\"\" width=\"550\" height=\"413\"><\/p>\n<p>Tambi\u00e9n habl\u00f3 a los trabajadores presentes Oscar Mengarelli, hist\u00f3rico dirigente de ATE y actualmente integrante de la conducci\u00f3n nacional de nuestro centro de jubilados, quien expres\u00f3 la preocupaci\u00f3n de la ciudad por el futuro de la F\u00e1brica Militar de P\u00f3lvora y Explosivos, donde ATE ejerce la representaci\u00f3n hegem\u00f3nica.&nbsp;&nbsp;\u201cEl polvor\u00edn tiene salida, para eso hay que recuperar los mercados que le entregaron a los privados\u201d, dijo Cacho, seg\u00fan registraron los medios de prensa locales.&nbsp;<\/p>\n<p><img loading=\"lazy\" decoding=\"async\" class=\"aligncenter size-full wp-image-9418\" src=\"http:\/\/www.atecordoba.org\/wp-content\/uploads\/2017\/12\/cacho-e1512664548188.jpeg\" alt=\"\" width=\"550\" height=\"413\"><\/p>\n<p><em>(fuente Diario del Centro del Pa\u00eds)<\/em><\/p>\n<p><strong>R\u00edo Cuarto<\/strong><\/p>\n<p>La seccional R\u00edo Cuarto, junto a la CTA-A del sur provincial, realiz\u00f3 una &nbsp;multitudinaria movilizaci\u00f3n junto a la&nbsp; CGT local, la Federaci\u00f3n Universitaria, organizaciones sociales, pol\u00edticas, culturales y sindicales para decirle no al paquete de ajustes de Macri.&nbsp;<\/p>\n<p>Los compa\u00f1eros coincidieron ayer en las calles en una multitudinaria movilizaci\u00f3n que recorri\u00f3 el centro de la ciudad en rechazo de las reformas previsional, laboral y tributaria.<\/p>\n<p>Los gremios se concentraron en la Plaza San Mart\u00edn y desde all\u00ed marcharon por Constituci\u00f3n hasta la Plaza Roca, donde dieron una vuelta para finalizar frente a la Catedral, donde se mont\u00f3 un escenario sobre un carro para que los principales dirigentes sindicales lanzaran duras cr\u00edticas sobre las pol\u00edticas de la Casa Rosada.<\/p>\n<p>Los espacios y el orden de los discursos fueron minuciosamente planificados para mantener un equilibrio entre las centrales obreras que decidieron marchar juntas en el marco de una jornada nacional de protesta. A lo largo de la columna de manifestantes hab\u00eda banderas e identificaciones de CTA y CGT, pero tambi\u00e9n del Partido Socialista, de la Izquierda Socialista, Barrios de Pie, Federaci\u00f3n Universitaria, Aturc, Asociaci\u00f3n Gremial Docente, Uni\u00f3n de Trabajadores de la Salud, Telef\u00f3nicos, ATE, Sadop, Uepc, Foecyt, Surrbac, Judiciales nacionales y Uolra, entre otros.<\/p>\n<p>\u201cNo vamos a permitir el ajuste que quiere Macri. Es una marcha hist\u00f3rica y tenemos que estar orgullosos del frente que conformamos\u201d, dijo Federico Giuliani, titular de la CTA, y quien abri\u00f3 la serie de discursos en la tarde de ayer.<\/p>\n<p><em>(fuente Diario Puntal)<\/em><\/p>\n<div class=\"epyt-video-wrapper\"><iframe loading=\"lazy\"  style=\"display: block; margin: 0px auto;\"  id=\"_ytid_67096\"  width=\"480\" height=\"270\"  data-origwidth=\"480\" data-origheight=\"270\" src=\"https:\/\/www.youtube.com\/embed\/HP-zyzf4vzw?enablejsapi=1&#038;autoplay=0&#038;cc_load_policy=0&#038;cc_lang_pref=&#038;iv_load_policy=3&#038;loop=0&#038;rel=0&#038;fs=1&#038;playsinline=0&#038;autohide=2&#038;theme=dark&#038;color=red&#038;controls=1&#038;disablekb=0&#038;\" class=\"__youtube_prefs__  epyt-is-override  no-lazyload\" title=\"YouTube player\"  allow=\"fullscreen; accelerometer; autoplay; clipboard-write; encrypted-media; gyroscope; picture-in-picture; web-share\" referrerpolicy=\"strict-origin-when-cross-origin\" allowfullscreen data-no-lazy=\"1\" data-skipgform_ajax_framebjll=\"\"><\/iframe><\/div>\n","protected":false},"excerpt":{"rendered":"<p>La respuesta a la convocatoria de ATE y CTA fue contundente. Se anunci\u00f3 la adhesi\u00f3n de decenas de organizaciones. El CDP march\u00f3 junto a las seccionales Villa Mar\u00eda y R\u00edo Tercero. \u201cContra la represi\u00f3n y la reforma laboral\u201d una multitudinaria movilizaci\u00f3n atraves\u00f3 el centro de C\u00f3rdoba para rechazar la pol\u00edtica del gobierno nacional. Trabajadores de [&hellip;]<\/p>\n","protected":false},"author":1,"featured_media":19220,"comment_status":"open","ping_status":"open","sticky":false,"template":"","format":"standard","meta":{"_exactmetrics_skip_tracking":false,"_exactmetrics_sitenote_active":false,"_exactmetrics_sitenote_note":"","_exactmetrics_sitenote_category":0,"jnews-multi-image_gallery":[],"jnews_single_post":[],"jnews_primary_category":[],"jnews_social_meta":[],"jnews_review":[],"enable_review":"","type":"","name":"","summary":"","brand":"","sku":"","good":[],"bad":[],"score_override":"","override_value":"","rating":[],"price":[],"jnews_override_counter":[],"jnews_post_split":[],"footnotes":""},"categories":[21],"tags":[],"class_list":["post-9407","post","type-post","status-publish","format-standard","has-post-thumbnail","hentry","category-paro-nacional"],"jetpack_featured_media_url":"https:\/\/atecordoba.org\/wp-content\/uploads\/2020\/05\/logo-nuevochico-e1561581322808.png","_links":{"self":[{"href":"https:\/\/atecordoba.org\/index.php?rest_route=\/wp\/v2\/posts\/9407","targetHints":{"allow":["GET"]}}],"collection":[{"href":"https:\/\/atecordoba.org\/index.php?rest_route=\/wp\/v2\/posts"}],"about":[{"href":"https:\/\/atecordoba.org\/index.php?rest_route=\/wp\/v2\/types\/post"}],"author":[{"embeddable":true,"href":"https:\/\/atecordoba.org\/index.php?rest_route=\/wp\/v2\/users\/1"}],"replies":[{"embeddable":true,"href":"https:\/\/atecordoba.org\/index.php?rest_route=%2Fwp%2Fv2%2Fcomments&post=9407"}],"version-history":[{"count":0,"href":"https:\/\/atecordoba.org\/index.php?rest_route=\/wp\/v2\/posts\/9407\/revisions"}],"wp:featuredmedia":[{"embeddable":true,"href":"https:\/\/atecordoba.org\/index.php?rest_route=\/wp\/v2\/media\/19220"}],"wp:attachment":[{"href":"https:\/\/atecordoba.org\/index.php?rest_route=%2Fwp%2Fv2%2Fmedia&parent=9407"}],"wp:term":[{"taxonomy":"category","embeddable":true,"href":"https:\/\/atecordoba.org\/index.php?rest_route=%2Fwp%2Fv2%2Fcategories&post=9407"},{"taxonomy":"post_tag","embeddable":true,"href":"https:\/\/atecordoba.org\/index.php?rest_route=%2Fwp%2Fv2%2Ftags&post=9407"}],"curies":[{"name":"wp","href":"https:\/\/api.w.org\/{rel}","templated":true}]}}