{"id":9404,"date":"2017-12-04T14:07:03","date_gmt":"2017-12-04T17:07:03","guid":{"rendered":"http:\/\/www.atecordoba.org\/?p=9404"},"modified":"2017-12-04T14:07:03","modified_gmt":"2017-12-04T17:07:03","slug":"el-miercoles-todos-al-paro-nacional-en-defensa-de-nuestros-derechos","status":"publish","type":"post","link":"https:\/\/atecordoba.org\/?p=9404","title":{"rendered":"El mi\u00e9rcoles todos al paro nacional en defensa de nuestros derechos"},"content":{"rendered":"<p><em>El Consejo Directivo Provincial convoca a los trabajadores estatales de C\u00f3rdoba, en los tres niveles de gobierno (nacional, provincial y municipal) a realizar el paro nacional de actividades del pr\u00f3ximo 6 de diciembre.<\/em><\/p>\n<p><img loading=\"lazy\" decoding=\"async\" class=\"aligncenter size-full wp-image-9405\" src=\"http:\/\/www.atecordoba.org\/wp-content\/uploads\/2017\/12\/paro-6-12-e1512407200330.jpeg\" alt=\"\" width=\"550\" height=\"912\"><\/p>\n<p>Motiva la medida de fuerza el rechazo a las reformas impulsadas por el gobierno nacional, que afectan directamente a los trabajadores en nuestros salarios, condiciones de trabajo y futuro jubilatorio. Esto es as\u00ed a partir de las pretendidas reformas laboral, previsional e impositiva en las provincias, donde siempre somos los trabajadores la variable de ajuste.<\/p>\n<p>Estos proyectos cuentan con el penoso apoyo expl\u00edcito de la gran mayor\u00eda de los gobiernos provinciales, en alianza con el gobierno nacional para aplicar el ajuste sobre los trabajadores.<\/p>\n<p>Adem\u00e1s, los estatales nos movilizamos en defensa de los puestos de trabajo, para garantizar la continuidad de los 90 mil trabajadores precarizados en el Estado nacional que actualmente se encuentran contratados y los miles que est\u00e1n en la misma situaci\u00f3n en la provincia de C\u00f3rdoba y en los municipios.<\/p>\n<p>Estos trabajadores sostienen muchos servicios y derechos de la comunidad que de otra forma estar\u00e1n en serio riesgo de continuidad. Nuestra lucha es en beneficio de la comunidad en general y en contra del desguace del Estado.<\/p>\n<p>&nbsp;<\/p>\n<p style=\"text-align: right;\">Mar\u00eda Liliana Salerno<\/p>\n<p style=\"text-align: right;\">Secretaria General<\/p>\n<p>&nbsp;<\/p>\n<p>&nbsp;<\/p>\n","protected":false},"excerpt":{"rendered":"<p>El Consejo Directivo Provincial convoca a los trabajadores estatales de C\u00f3rdoba, en los tres niveles de gobierno (nacional, provincial y municipal) a realizar el paro nacional de actividades del pr\u00f3ximo 6 de diciembre. Motiva la medida de fuerza el rechazo a las reformas impulsadas por el gobierno nacional, que afectan directamente a los trabajadores en [&hellip;]<\/p>\n","protected":false},"author":1,"featured_media":19220,"comment_status":"open","ping_status":"open","sticky":false,"template":"","format":"standard","meta":{"_exactmetrics_skip_tracking":false,"_exactmetrics_sitenote_active":false,"_exactmetrics_sitenote_note":"","_exactmetrics_sitenote_category":0,"jnews-multi-image_gallery":[],"jnews_single_post":[],"jnews_primary_category":[],"jnews_social_meta":[],"jnews_review":[],"enable_review":"","type":"","name":"","summary":"","brand":"","sku":"","good":[],"bad":[],"score_override":"","override_value":"","rating":[],"price":[],"jnews_override_counter":[],"jnews_post_split":[],"footnotes":""},"categories":[20,18,21,8],"tags":[],"class_list":["post-9404","post","type-post","status-publish","format-standard","has-post-thumbnail","hentry","category-municipales","category-nacionales","category-paro-nacional","category-provinciales"],"jetpack_featured_media_url":"https:\/\/atecordoba.org\/wp-content\/uploads\/2020\/05\/logo-nuevochico-e1561581322808.png","_links":{"self":[{"href":"https:\/\/atecordoba.org\/index.php?rest_route=\/wp\/v2\/posts\/9404","targetHints":{"allow":["GET"]}}],"collection":[{"href":"https:\/\/atecordoba.org\/index.php?rest_route=\/wp\/v2\/posts"}],"about":[{"href":"https:\/\/atecordoba.org\/index.php?rest_route=\/wp\/v2\/types\/post"}],"author":[{"embeddable":true,"href":"https:\/\/atecordoba.org\/index.php?rest_route=\/wp\/v2\/users\/1"}],"replies":[{"embeddable":true,"href":"https:\/\/atecordoba.org\/index.php?rest_route=%2Fwp%2Fv2%2Fcomments&post=9404"}],"version-history":[{"count":0,"href":"https:\/\/atecordoba.org\/index.php?rest_route=\/wp\/v2\/posts\/9404\/revisions"}],"wp:featuredmedia":[{"embeddable":true,"href":"https:\/\/atecordoba.org\/index.php?rest_route=\/wp\/v2\/media\/19220"}],"wp:attachment":[{"href":"https:\/\/atecordoba.org\/index.php?rest_route=%2Fwp%2Fv2%2Fmedia&parent=9404"}],"wp:term":[{"taxonomy":"category","embeddable":true,"href":"https:\/\/atecordoba.org\/index.php?rest_route=%2Fwp%2Fv2%2Fcategories&post=9404"},{"taxonomy":"post_tag","embeddable":true,"href":"https:\/\/atecordoba.org\/index.php?rest_route=%2Fwp%2Fv2%2Ftags&post=9404"}],"curies":[{"name":"wp","href":"https:\/\/api.w.org\/{rel}","templated":true}]}}