{"id":9399,"date":"2017-12-04T11:55:57","date_gmt":"2017-12-04T14:55:57","guid":{"rendered":"http:\/\/www.atecordoba.org\/?p=9399"},"modified":"2017-12-04T11:55:57","modified_gmt":"2017-12-04T14:55:57","slug":"ate-y-otras-70-organizaciones-marcharon-para-decirle-no-la-cus","status":"publish","type":"post","link":"https:\/\/atecordoba.org\/?p=9399","title":{"rendered":"ATE y otras 70 organizaciones marcharon para decirle \u201cno\u201d la CUS"},"content":{"rendered":"<p><em>El Movimiento por el Derecho a la Salud march\u00f3 en Capital Federal rechazando el ajuste que el gobierno nacional intenta imponer al sistema sanitario p\u00fablico gratuito.<\/em><\/p>\n<div class=\"epyt-video-wrapper\"><iframe loading=\"lazy\"  style=\"display: block; margin: 0px auto;\"  id=\"_ytid_16400\"  width=\"480\" height=\"270\"  data-origwidth=\"480\" data-origheight=\"270\" src=\"https:\/\/www.youtube.com\/embed\/JqbhuMCh7F4?enablejsapi=1&#038;autoplay=0&#038;cc_load_policy=0&#038;cc_lang_pref=&#038;iv_load_policy=3&#038;loop=0&#038;rel=0&#038;fs=1&#038;playsinline=0&#038;autohide=2&#038;theme=dark&#038;color=red&#038;controls=1&#038;disablekb=0&#038;\" class=\"__youtube_prefs__  epyt-is-override  no-lazyload\" title=\"YouTube player\"  allow=\"fullscreen; accelerometer; autoplay; clipboard-write; encrypted-media; gyroscope; picture-in-picture; web-share\" referrerpolicy=\"strict-origin-when-cross-origin\" allowfullscreen data-no-lazy=\"1\" data-skipgform_ajax_framebjll=\"\"><\/iframe><\/div>\n<p style=\"font-weight: 400;\">En la ma\u00f1ana del viernes, ATE junto a las m\u00e1s de 70 organizaciones sindicales y sociales de todo el pa\u00eds que integran el Movimiento por el Derecho a la Salud marcharon desde el Obelisco al Ministerio de Salud, para decirle \u201cno\u201d al avance de la falsa Cobertura Universal de Salud, cuya aplicaci\u00f3n va a implicar la destrucci\u00f3n del sistema de salud p\u00fablico. Adem\u00e1s, &nbsp;exigieron Verdad y Justicia por Rafael Nahuel y Santiago Maldonado, y repudiaron la brutal represi\u00f3n a los y las trabajadoras del Hospital Rend\u00f3n de ATE Neuqu\u00e9n.<\/p>\n<p style=\"font-weight: 400;\">La medida se da en el marco de una semana de lucha y formaci\u00f3n, que comenz\u00f3 ayer con el II Encuentro Nacional de Trabajadores y Trabajadoras de la Salud, y que contin\u00faa hasta ma\u00f1ana con el Congreso Internacional de Salud, en la Facultad de Ciencias Sociales de la UBA.<\/p>\n<p><img loading=\"lazy\" decoding=\"async\" class=\"aligncenter size-full wp-image-9400\" src=\"http:\/\/www.atecordoba.org\/wp-content\/uploads\/2017\/12\/11277_6512-e1512399254317.jpg\" alt=\"\" width=\"550\" height=\"367\"><\/p>\n<p style=\"font-weight: 400;\"><b><strong style=\"font-style: inherit;\">Una respuesta consensuada de los trabajadores<\/strong><\/b><\/p>\n<p style=\"font-weight: 400;\">Mar\u00eda Fernanda Boriotti, titular de Siprus- FESPROSA salud\u00f3 la construcci\u00f3n de una marcha \u201cverdaderamente federal\u201d as\u00ed como el fortalecimiento del Movimiento por el Derecho a la salud: \u201cun actor social que desde ahora va a influenciar en las pol\u00edticas sanitarias del pa\u00eds\u201d. La dirigente apunt\u00f3 que el avance de la CUS es parte del paquete de reformas que quiere aplicar el macrismo y que \u201cviene a quitarle derechos a los y las trabajadoras\u201d. Ante esto, resalt\u00f3 la decisi\u00f3n de FESPROSA de plegarse al Paro Nacional del 6 de diciembre.<\/p>\n<p style=\"font-weight: 400;\">Fernando Corsiglia, Presidente de la CICOP, &nbsp;se\u00f1al\u00f3: \u201cEstamos ac\u00e1 para decirle no a la CUS y tambi\u00e9n para denunciar el desmantelamiento de los hospitales, en los que falta personal e insumos. Ante esto hay que tener un plan consensuado de los trabajadores\u201d, destac\u00f3.<\/p>\n<p style=\"font-weight: 400;\"><b><strong style=\"font-style: inherit;\">La resistencia crece<\/strong><\/b><\/p>\n<p style=\"font-weight: 400;\">Por su parte, el dirigente de la CTEP, Esteban Castro se\u00f1al\u00f3: \u201cNo podemos luchar contra el imperialismo y estas medidas sino afianzamos la unidad pol\u00edtica en el territorio, en la calle, entre los trabajadores estatales y los de la econom\u00eda popular\u201d. Por ello, agreg\u00f3: \u201cEl 6 de diciembre vamos a estar en la calle para decirle no a cualquier tipo de reforma. No pasaran\u201d.<\/p>\n<p style=\"font-weight: 400;\">Marina Joski del Movimiento Popular la Dignidad expres\u00f3: \u201cVivimos en tiempos oscuros en los que vemos que el \u00fanico sur es la unidad como mirada estrat\u00e9gica\u201d.<\/p>\n<p><img loading=\"lazy\" decoding=\"async\" class=\"aligncenter size-full wp-image-9401\" src=\"http:\/\/www.atecordoba.org\/wp-content\/uploads\/2017\/12\/11277_6504-e1512399275301.jpg\" alt=\"\" width=\"550\" height=\"367\"><\/p>\n<p style=\"font-weight: 400;\">Pablo Maciel, de la Corriente Federal de Salud Salvador Mazza manifest\u00f3: \u201cLa presencia de 70 organizaciones, &nbsp;de 20 provincias, demuestra que la resistencia crece, que el pueblo argentino tiene memoria y que esta reforma en salud no va a pasar as\u00ed no m\u00e1s\u201d.<\/p>\n<p style=\"font-weight: 400;\"><b><strong style=\"font-style: inherit;\">Tender puentes con la comunidad<\/strong><\/b><\/p>\n<p style=\"font-weight: 400;\">El secretario general de ATE y CTA-A Provincia de Buenos Aires, Oscar De Isasi, reivindic\u00f3 la construcci\u00f3n del Movimiento a la Salud, que articula a trabajadores y trabajadoras del Estado con la comunidad a la que el Gobierno quiere convencer de que el negocio de la salud va a resolver sus problemas.<\/p>\n<p style=\"font-weight: 400;\">\u201cLos trabajadores tenemos autoridad porque tambi\u00e9n en la gesti\u00f3n anterior luchamos contra el vaciamiento del sistema p\u00fablico de salud. Ahora, la CUS va a transformar lo que estaba mal en un negocio en perjuicio de la salud del pueblo\u201d, dijo y agreg\u00f3 que desde ATE defienden un modelo p\u00fablico, que privilegie la prevenci\u00f3n, que revalorice la atenci\u00f3n primaria y re jerarquice los hospitales, al mismo tiempo que dignifique al trabajador de salud\u201d.<\/p>\n<p><img loading=\"lazy\" decoding=\"async\" class=\"aligncenter size-full wp-image-9402\" src=\"http:\/\/www.atecordoba.org\/wp-content\/uploads\/2017\/12\/11277_6507-e1512399313538.jpg\" alt=\"\" width=\"550\" height=\"367\"><\/p>\n<p>&nbsp;<\/p>\n<p style=\"font-weight: 400;\"><b><strong style=\"font-style: inherit;\">Una pol\u00edtica infame<\/strong><\/b><\/p>\n<p style=\"font-weight: 400;\">El cierre del acto estuvo a cargo del Secretario General de ATE Nacional, Hugo \u201cCachorro\u201d Godoy, quien record\u00f3 al hist\u00f3rico dirigente de ATE Salud, Carlos Cassinelli e indic\u00f3: \u201cA lo largo y a lo ancho del pa\u00eds nos estamos organizando en un movimiento para defender la dignidad del pueblo\u201d. As\u00ed, porque, \u201ccomo en los `90, quieren aplicar a sangre y fuego las recetas del Fondo Monetario Internacional y el Banco Mundial. Y la CUS es eso, un bello t\u00edtulo para un programa infame de destrucci\u00f3n de la salud p\u00fablica del pueblo\u201d.<\/p>\n<p style=\"font-weight: 400;\">Godoy tambi\u00e9n se refiri\u00f3 a la pol\u00edtica socio econ\u00f3mica actual, de concentraci\u00f3n econ\u00f3mica y extranjerizaci\u00f3n de la tierra y las riquezas. \u201cEso es lo que permite que los poderes econ\u00f3micos hagan estragos con la salud del pueblo\u201d, contextualiz\u00f3. Adem\u00e1s, exigi\u00f3 justicia por Rafael Nahuel, un joven al que \u201casesinaron por la espalda las balas del Estado que gobierna Mauricio Macri\u201d.<\/p>\n<p style=\"font-weight: 400;\">\u201cSolamente a sangre y fuego puede cerrar este plan econ\u00f3mico. No es solo un proyecto de ley de reforma laboral es un paquete de leyes que atenta contra los m\u00e1s pobres, jubilados y trabajadores y trabajadoras, los que tenemos empleo y los que se inventan el trabajo\u201d, concluy\u00f3 Godoy.<\/p>\n<p style=\"font-weight: 400;\">La gran caravana que recorri\u00f3 la Avenida 9 de julio estuvo nutrida por la Conducci\u00f3n Nacional de ATE, as\u00ed como dirigentes provinciales, trabajadores y trabajadoras de la salud de ATE, de todo el pa\u00eds y de los distintos niveles del Estado; quienes junto a la CTA Aut\u00f3noma, FESPROSA, CICOP,&nbsp; la CTEP y dem\u00e1s organizaciones del campo popular, se plantaron frente al Ministerio comandado por Adolfo Rubinstein, brazo ejecutor de la pol\u00edtica de desguace y privatizaci\u00f3n de la salud del oficialismo.<\/p>\n<p style=\"font-weight: 400;\">En el video participan:<\/p>\n<p style=\"font-weight: 400;\">Secretario General de ATE Nacional, Hugo \u201cCachorro\u201d Godoy<\/p>\n<p style=\"font-weight: 400;\">Secretario General de CTEP, Esteban Castro<\/p>\n<p style=\"font-weight: 400;\">Secretario General de ATE y CTA-A Provincia de Buenos Aires, Oscar De Isasi<\/p>\n<p style=\"font-weight: 400;\">Titular de Siprus- FESPROSA, Mar\u00eda Fernanda Boriotti<\/p>\n<p style=\"font-weight: 400;\">Presidente de la CICOP, Fernando Corsiglia<\/p>\n<p style=\"font-weight: 400;\">Corriente Federal de Salud Salvador Mazza, Pablo Maciel<\/p>\n<p style=\"font-weight: 400;\">Movimiento Popular la Dignidad, Marina Joski<\/p>\n<p style=\"font-weight: 400;\">Secretario General de Cicop, Guillermo Pacagnini<\/p>\n<p style=\"font-weight: 400;\">Referente del Partido Socialista, Mario Drisun<\/p>\n","protected":false},"excerpt":{"rendered":"<p>El Movimiento por el Derecho a la Salud march\u00f3 en Capital Federal rechazando el ajuste que el gobierno nacional intenta imponer al sistema sanitario p\u00fablico gratuito. En la ma\u00f1ana del viernes, ATE junto a las m\u00e1s de 70 organizaciones sindicales y sociales de todo el pa\u00eds que integran el Movimiento por el Derecho a la [&hellip;]<\/p>\n","protected":false},"author":1,"featured_media":19220,"comment_status":"open","ping_status":"open","sticky":false,"template":"","format":"standard","meta":{"_exactmetrics_skip_tracking":false,"_exactmetrics_sitenote_active":false,"_exactmetrics_sitenote_note":"","_exactmetrics_sitenote_category":0,"jnews-multi-image_gallery":[],"jnews_single_post":[],"jnews_primary_category":[],"jnews_social_meta":[],"jnews_review":[],"enable_review":"","type":"","name":"","summary":"","brand":"","sku":"","good":[],"bad":[],"score_override":"","override_value":"","rating":[],"price":[],"jnews_override_counter":[],"jnews_post_split":[],"footnotes":""},"categories":[7,102],"tags":[],"class_list":["post-9399","post","type-post","status-publish","format-standard","has-post-thumbnail","hentry","category-hospitales","category-salud-2"],"jetpack_featured_media_url":"https:\/\/atecordoba.org\/wp-content\/uploads\/2020\/05\/logo-nuevochico-e1561581322808.png","_links":{"self":[{"href":"https:\/\/atecordoba.org\/index.php?rest_route=\/wp\/v2\/posts\/9399","targetHints":{"allow":["GET"]}}],"collection":[{"href":"https:\/\/atecordoba.org\/index.php?rest_route=\/wp\/v2\/posts"}],"about":[{"href":"https:\/\/atecordoba.org\/index.php?rest_route=\/wp\/v2\/types\/post"}],"author":[{"embeddable":true,"href":"https:\/\/atecordoba.org\/index.php?rest_route=\/wp\/v2\/users\/1"}],"replies":[{"embeddable":true,"href":"https:\/\/atecordoba.org\/index.php?rest_route=%2Fwp%2Fv2%2Fcomments&post=9399"}],"version-history":[{"count":0,"href":"https:\/\/atecordoba.org\/index.php?rest_route=\/wp\/v2\/posts\/9399\/revisions"}],"wp:featuredmedia":[{"embeddable":true,"href":"https:\/\/atecordoba.org\/index.php?rest_route=\/wp\/v2\/media\/19220"}],"wp:attachment":[{"href":"https:\/\/atecordoba.org\/index.php?rest_route=%2Fwp%2Fv2%2Fmedia&parent=9399"}],"wp:term":[{"taxonomy":"category","embeddable":true,"href":"https:\/\/atecordoba.org\/index.php?rest_route=%2Fwp%2Fv2%2Fcategories&post=9399"},{"taxonomy":"post_tag","embeddable":true,"href":"https:\/\/atecordoba.org\/index.php?rest_route=%2Fwp%2Fv2%2Ftags&post=9399"}],"curies":[{"name":"wp","href":"https:\/\/api.w.org\/{rel}","templated":true}]}}