{"id":9393,"date":"2017-12-01T12:54:18","date_gmt":"2017-12-01T15:54:18","guid":{"rendered":"http:\/\/www.atecordoba.org\/?p=9393"},"modified":"2017-12-01T12:54:18","modified_gmt":"2017-12-01T15:54:18","slug":"repudio-a-la-represion-de-los-estatales-provinciales-en-neuquen","status":"publish","type":"post","link":"https:\/\/atecordoba.org\/?p=9393","title":{"rendered":"Repudio a la represi\u00f3n de los estatales provinciales en Neuqu\u00e9n"},"content":{"rendered":"<p><em>La polic\u00eda neuquina reprimi\u00f3 brutalmente con balas de plomo y de goma a trabajadores del Hospital Rend\u00f3n de la capital provincial.<\/em><\/p>\n<p>&nbsp;<\/p>\n<p><img loading=\"lazy\" decoding=\"async\" class=\"aligncenter size-full wp-image-9396\" src=\"http:\/\/www.atecordoba.org\/wp-content\/uploads\/2017\/12\/baleado-1-e1512143519733.jpg\" alt=\"\" width=\"550\" height=\"367\"><\/p>\n<p style=\"font-weight: 400;\">Ayer, la Polic\u00eda de la Provincia de Neuqu\u00e9n reprimi\u00f3 con gases lacrim\u00f3genos, balas de goma y balas de plomo a trabajadores y trabajadoras nucleados en ATE del Hospital Castro Rend\u00f3n de la capital neuquina.<\/p>\n<p style=\"font-weight: 400;\">Hace una semana que los trabajadores, tercerizados que prestan servicios de limpieza, maestranza y seguridad en los hospitales de la zona, llevan adelante un Paro en reclamo por la revisi\u00f3n de los pliegos de licitaci\u00f3n. Alrededor de las 15hs, se apost\u00f3 en el lugar y, en pocos minutos, comenzaron a desalojarlos por la fuerza.<\/p>\n<p style=\"font-weight: 400;\">\u201cEst\u00e1bamos manifest\u00e1ndonos frente a uno de los lavaderos que est\u00e1n en conflicto, fueron a desalojarlos con la polic\u00eda y ra\u00edz de esto se dio una situaci\u00f3n de represi\u00f3n. Vamos a seguir resistiendo. Intentamos que haya una mediaci\u00f3n, pero no hubo posibilidades\u201d, se\u00f1al\u00f3 el Secretario General de ATE Neuqu\u00e9n, Carlos Quintriqueo.<img loading=\"lazy\" decoding=\"async\" class=\"size-full wp-image-9395 alignright\" src=\"http:\/\/www.atecordoba.org\/wp-content\/uploads\/2017\/12\/combinado-e1512143555349.jpg\" alt=\"\" width=\"550\" height=\"365\"><\/p>\n<p>&nbsp;<\/p>\n<p style=\"font-weight: 400;\">M\u00e1s tarde, Jorge Marill\u00e1n, Secretario General Adjunto de ATE Neuqu\u00e9n, dijo: \u201cTenemos tres compa\u00f1eros en quir\u00f3fano, uno de ellos va a ser trasladado al Policl\u00ednico porque tiene, aparentemente, una herida de bala de plomo. Se trata de Juan Millap\u00e1n, compa\u00f1ero de la Junta Interna del Castro Rend\u00f3n\u201d. El dirigente adem\u00e1s agreg\u00f3: \u201cA otro compa\u00f1ero lo hirieron en el brazo y le sacaron parte de la masa producto de los disparos de corta distancia. A otro compa\u00f1ero lisa y llanamente le destrozaron los dedos del pie\u201d.<\/p>\n<p style=\"font-weight: 400;\">Desde el Consejo Directivo Nacional de ATE, el Secretario General del sindicato, Hugo \u2018Cachorro\u2019 Godoy,&nbsp; manifest\u00f3: \u201cQueremos expresar, desde el Consejo Directivo Nacional de ATE, nuestro absoluto repudio a la brutal represi\u00f3n que la Polic\u00eda de la Provincia de Neuqu\u00e9n ha desatado sobre los trabajadores estatales. Queremos tambi\u00e9n expresar la solidaridad plena con la lucha que vienen desarrollando los trabajadores de la Salud y todos los trabajadores estatales en defensa de sus leg\u00edtimos derechos. Queremos expresar tambi\u00e9n nuestra absoluta preocupaci\u00f3n por el estado de salud de los compa\u00f1eros heridos, algunos de los cuales est\u00e1n con graves heridas\u201d.<\/p>\n<p style=\"font-weight: 400;\">\u201cVamos a enviarle una carta de repudio y de exigencia de esclarecimiento inmediato de los hechos al Gobernador Guti\u00e9rrez, de esa provincia\u201d, apunt\u00f3 Godoy, que adem\u00e1s dijo: \u201cLa brutalidad de la represi\u00f3n de las fuerzas policiales solamente se explica si existe un aval o un respaldo de parte del Gobernador y de las autoridades pol\u00edticas de ese Estado provincial. Por lo tanto exigimos a ellos el inmediato cese de la represi\u00f3n, el esclarecimiento inmediato de los hechos y la asunci\u00f3n total de las responsabilidades para con la salud de los trabajadores y trabajadoras que han sido heridos\u201d.<\/p>\n<p><img loading=\"lazy\" decoding=\"async\" class=\"aligncenter size-full wp-image-9397\" src=\"http:\/\/www.atecordoba.org\/wp-content\/uploads\/2017\/12\/baleado-cara-e1512143596472.jpg\" alt=\"\" width=\"550\" height=\"367\"><\/p>\n<p style=\"font-weight: 400;\">\u201cAdem\u00e1s, exigimos que se genere de inmediato un espacio de di\u00e1logo que permita atender los justos reclamos de los trabajadores y que se le d\u00e9 soluci\u00f3n al conflicto por v\u00eda de respuestas a esas justas demandas, y no por la v\u00eda de la represi\u00f3n brutal y asesina que han desatado\u201d, cerr\u00f3 el dirigente nacional de ATE.<\/p>\n<p><img loading=\"lazy\" decoding=\"async\" class=\"aligncenter size-full wp-image-9394\" src=\"http:\/\/www.atecordoba.org\/wp-content\/uploads\/2017\/12\/baleado-pierna-e1512143613423.jpg\" alt=\"\" width=\"550\" height=\"413\"><\/p>\n","protected":false},"excerpt":{"rendered":"<p>La polic\u00eda neuquina reprimi\u00f3 brutalmente con balas de plomo y de goma a trabajadores del Hospital Rend\u00f3n de la capital provincial. &nbsp; Ayer, la Polic\u00eda de la Provincia de Neuqu\u00e9n reprimi\u00f3 con gases lacrim\u00f3genos, balas de goma y balas de plomo a trabajadores y trabajadoras nucleados en ATE del Hospital Castro Rend\u00f3n de la capital [&hellip;]<\/p>\n","protected":false},"author":1,"featured_media":19220,"comment_status":"open","ping_status":"open","sticky":false,"template":"","format":"standard","meta":{"_exactmetrics_skip_tracking":false,"_exactmetrics_sitenote_active":false,"_exactmetrics_sitenote_note":"","_exactmetrics_sitenote_category":0,"jnews-multi-image_gallery":[],"jnews_single_post":[],"jnews_primary_category":[],"jnews_social_meta":[],"jnews_review":[],"enable_review":"","type":"","name":"","summary":"","brand":"","sku":"","good":[],"bad":[],"score_override":"","override_value":"","rating":[],"price":[],"jnews_override_counter":[],"jnews_post_split":[],"footnotes":""},"categories":[10],"tags":[],"class_list":["post-9393","post","type-post","status-publish","format-standard","has-post-thumbnail","hentry","category-accion-politica"],"jetpack_featured_media_url":"https:\/\/atecordoba.org\/wp-content\/uploads\/2020\/05\/logo-nuevochico-e1561581322808.png","_links":{"self":[{"href":"https:\/\/atecordoba.org\/index.php?rest_route=\/wp\/v2\/posts\/9393","targetHints":{"allow":["GET"]}}],"collection":[{"href":"https:\/\/atecordoba.org\/index.php?rest_route=\/wp\/v2\/posts"}],"about":[{"href":"https:\/\/atecordoba.org\/index.php?rest_route=\/wp\/v2\/types\/post"}],"author":[{"embeddable":true,"href":"https:\/\/atecordoba.org\/index.php?rest_route=\/wp\/v2\/users\/1"}],"replies":[{"embeddable":true,"href":"https:\/\/atecordoba.org\/index.php?rest_route=%2Fwp%2Fv2%2Fcomments&post=9393"}],"version-history":[{"count":0,"href":"https:\/\/atecordoba.org\/index.php?rest_route=\/wp\/v2\/posts\/9393\/revisions"}],"wp:featuredmedia":[{"embeddable":true,"href":"https:\/\/atecordoba.org\/index.php?rest_route=\/wp\/v2\/media\/19220"}],"wp:attachment":[{"href":"https:\/\/atecordoba.org\/index.php?rest_route=%2Fwp%2Fv2%2Fmedia&parent=9393"}],"wp:term":[{"taxonomy":"category","embeddable":true,"href":"https:\/\/atecordoba.org\/index.php?rest_route=%2Fwp%2Fv2%2Fcategories&post=9393"},{"taxonomy":"post_tag","embeddable":true,"href":"https:\/\/atecordoba.org\/index.php?rest_route=%2Fwp%2Fv2%2Ftags&post=9393"}],"curies":[{"name":"wp","href":"https:\/\/api.w.org\/{rel}","templated":true}]}}