{"id":939,"date":"2011-04-20T17:51:31","date_gmt":"2011-04-20T20:51:31","guid":{"rendered":"http:\/\/www.atecordoba.org\/?p=939"},"modified":"2020-06-09T16:58:39","modified_gmt":"2020-06-09T19:58:39","slug":"importante-participacion-en-la-eleccion-de-delegados-municipales","status":"publish","type":"post","link":"https:\/\/atecordoba.org\/?p=939","title":{"rendered":"Importante participaci\u00f3n en la elecci\u00f3n de delegados municipales"},"content":{"rendered":"<div>\n<div dir=\"ltr\">\n<p style=\"text-align: center;\"><img loading=\"lazy\" decoding=\"async\" class=\"aligncenter  wp-image-945\" title=\"arton134\" src=\"http:\/\/www.atecordoba.org\/wp-content\/uploads\/2012\/07\/arton134-1024x764.jpg\" alt=\"\" width=\"502\" height=\"375\" \/><\/p>\n<p><strong>(C\u00f3rdoba, 20-4-2011) En continuidad con el ingreso de ATE en la Municipalidad R\u00edo Cuarto, ayer se realizaron elecciones de delegados. Participaron 298 trabajadores del sector, entre afiliados y no afiliados.<\/strong><\/p>\n<\/div>\n<\/div>\n<div>\n<div dir=\"ltr\">\n<p>Como resultado del acto eleccionario, resultaron elegidos los compa\u00f1eros Ricardo Antequera, Liliana Arias, Delvy Bilbao, Walter Cantarutti, Norma Gabosi, Diego Formia, Lu\u00eds Vazquez, Javier Murua y Juan Giuliodori.<\/p>\n<p>\u201cEstamos muy contentos por el nivel de participaci\u00f3n de los trabajadores. Esto expresa que ATE va por el buen camino, creciendo en afiliaciones y en representatividad, planteando las problem\u00e1ticas que m\u00e1s preocupan a los trabajadores y poniendo en pr\u00e1ctica el debate colectivo\u201d, se\u00f1al\u00f3 Rafaela Alcoba, secretaria adjunta de la seccional R\u00edo Cuarto.<\/p>\n<\/div>\n<\/div>\n","protected":false},"excerpt":{"rendered":"<p>(C\u00f3rdoba, 20-4-2011) En continuidad con el ingreso de ATE en la Municipalidad R\u00edo Cuarto, ayer se realizaron elecciones de delegados. Participaron 298 trabajadores del sector, entre afiliados y no afiliados. Como resultado del acto eleccionario, resultaron elegidos los compa\u00f1eros Ricardo Antequera, Liliana Arias, Delvy Bilbao, Walter Cantarutti, Norma Gabosi, Diego Formia, Lu\u00eds Vazquez, Javier Murua [&hellip;]<\/p>\n","protected":false},"author":1,"featured_media":19220,"comment_status":"open","ping_status":"open","sticky":false,"template":"","format":"standard","meta":{"_exactmetrics_skip_tracking":false,"_exactmetrics_sitenote_active":false,"_exactmetrics_sitenote_note":"","_exactmetrics_sitenote_category":0,"jnews-multi-image_gallery":[],"jnews_single_post":[],"jnews_primary_category":[],"jnews_social_meta":[],"jnews_review":[],"enable_review":"","type":"","name":"","summary":"","brand":"","sku":"","good":[],"bad":[],"score_override":"","override_value":"","rating":[],"price":[],"jnews_override_counter":[],"jnews_post_split":[],"footnotes":""},"categories":[12,34],"tags":[11,31,25],"class_list":["post-939","post","type-post","status-publish","format-standard","has-post-thumbnail","hentry","category-rio-cuarto","category-seccionales","tag-noticias-2","tag-provinciales-2","tag-rio-cuarto-2"],"jetpack_featured_media_url":"https:\/\/atecordoba.org\/wp-content\/uploads\/2020\/05\/logo-nuevochico-e1561581322808.png","_links":{"self":[{"href":"https:\/\/atecordoba.org\/index.php?rest_route=\/wp\/v2\/posts\/939","targetHints":{"allow":["GET"]}}],"collection":[{"href":"https:\/\/atecordoba.org\/index.php?rest_route=\/wp\/v2\/posts"}],"about":[{"href":"https:\/\/atecordoba.org\/index.php?rest_route=\/wp\/v2\/types\/post"}],"author":[{"embeddable":true,"href":"https:\/\/atecordoba.org\/index.php?rest_route=\/wp\/v2\/users\/1"}],"replies":[{"embeddable":true,"href":"https:\/\/atecordoba.org\/index.php?rest_route=%2Fwp%2Fv2%2Fcomments&post=939"}],"version-history":[{"count":1,"href":"https:\/\/atecordoba.org\/index.php?rest_route=\/wp\/v2\/posts\/939\/revisions"}],"predecessor-version":[{"id":20184,"href":"https:\/\/atecordoba.org\/index.php?rest_route=\/wp\/v2\/posts\/939\/revisions\/20184"}],"wp:featuredmedia":[{"embeddable":true,"href":"https:\/\/atecordoba.org\/index.php?rest_route=\/wp\/v2\/media\/19220"}],"wp:attachment":[{"href":"https:\/\/atecordoba.org\/index.php?rest_route=%2Fwp%2Fv2%2Fmedia&parent=939"}],"wp:term":[{"taxonomy":"category","embeddable":true,"href":"https:\/\/atecordoba.org\/index.php?rest_route=%2Fwp%2Fv2%2Fcategories&post=939"},{"taxonomy":"post_tag","embeddable":true,"href":"https:\/\/atecordoba.org\/index.php?rest_route=%2Fwp%2Fv2%2Ftags&post=939"}],"curies":[{"name":"wp","href":"https:\/\/api.w.org\/{rel}","templated":true}]}}