{"id":9365,"date":"2017-11-27T12:27:05","date_gmt":"2017-11-27T15:27:05","guid":{"rendered":"http:\/\/www.atecordoba.org\/?p=9365"},"modified":"2017-11-27T12:27:05","modified_gmt":"2017-11-27T15:27:05","slug":"ate-repudia-otro-asesinato-en-el-medio-de-la-represion-a-la-protesta-social","status":"publish","type":"post","link":"https:\/\/atecordoba.org\/?p=9365","title":{"rendered":"ATE repudia otro asesinato, en el medio de la represi\u00f3n a la protesta social"},"content":{"rendered":"<p><em>El Consejo Directivo Provincial repudia la represi\u00f3n a los mapuches en el Lago Mascardi y el asesinato de joven Rafael Nahuel, en el marco de la brutalidad con que est\u00e1n actuando hace tiempo las fuerzas de seguridad en la regi\u00f3n.<\/em><\/p>\n<p><img loading=\"lazy\" decoding=\"async\" class=\"aligncenter size-full wp-image-9366\" src=\"http:\/\/www.atecordoba.org\/wp-content\/uploads\/2017\/11\/gendarmeria-e1511796370370.jpg\" alt=\"\" width=\"550\" height=\"309\"><\/p>\n<p>ATE viene solidariz\u00e1ndose con los compa\u00f1eros de las comunidades originarias que en diversos puntos del pa\u00eds que sufren la violencia de los distintos gobiernos a los largo del tiempo, y cuya expresi\u00f3n m\u00e1s palpable y conocida fue la que produjo recientemente el asesinato de Santiago Maldonado.<\/p>\n<p>Ahora se trata de otro grupo de compa\u00f1eros que pelea por recuperar la tierra que la Constituci\u00f3n Nacional le deber\u00eda garantizar y que ninguno de los niveles del Estado ha efectivizado de manera plena.<\/p>\n<p>A este panorama se suma el paradigma oficial del gobierno macrista, que resuelve a sangre y fuego el conflicto social, trayendo del arc\u00f3n de los recuerdos m\u00e1s t\u00e9tricos de nuestra historia figuras como la de los \u2018terroristas\u2019 para justificar el accionar represivo de fuerzas militarizadas, como gendarmer\u00eda o prefectura en este caso, que dio muerte al joven Nahuel.<\/p>\n<p>Con el agravante que se trata de un desalojo ordenado por un juez despu\u00e9s que el Congreso Nacional aprobara la ley que prorroga la prohibici\u00f3n de desalojos las comunidades ind\u00edgenas de los territorios en disputa, adem\u00e1s producido en un parque nacional, de jurisdicci\u00f3n federal.<\/p>\n<p>Todo este cuadro, ahora sumado a terrible asesinato de un joven baleado por la espalda, en evidente actitud de huida y no de enfrentamiento como pretenden hacernos creer desde las usinas de propaganda oficial.<\/p>\n<p>Compa\u00f1eros de ATE de todas las regiones estamos comprometidos con el respaldo, la solidaridad y el trabajo cotidiano con las comunidades originarias, tal como lo demostr\u00f3 este fin de semana la conducci\u00f3n de la seccional El Bols\u00f3n de nuestra organizaci\u00f3n y con el apoyo de la conducci\u00f3n provincial, que decret\u00f3 un paro de actividad para hoy en toda la provincia, y de la conducci\u00f3n nacional.<\/p>\n<p>R\u00edo Negro es una de las jurisdicciones donde el gobierno aplica la represi\u00f3n con mayor brutalidad y constancia. La judicializaci\u00f3n de la protesta es moneda de cada d\u00eda y puede dar fe de ello el compa\u00f1ero Aguiar, secretario General de ATE R\u00edo Negro, detenido en m\u00e1s de una oportunidad este a\u00f1o.<\/p>\n<p>Desde ATE instamos al gobierno nacional a terminar con un programa represivo que solo va a traer m\u00e1s dolor al pueblo, porque las protestas no se van a detener mientras las injusticias sigan presentes.<\/p>\n<p>Mar\u00eda Liliana Salerno<\/p>\n<p>Secretaria General<\/p>\n","protected":false},"excerpt":{"rendered":"<p>El Consejo Directivo Provincial repudia la represi\u00f3n a los mapuches en el Lago Mascardi y el asesinato de joven Rafael Nahuel, en el marco de la brutalidad con que est\u00e1n actuando hace tiempo las fuerzas de seguridad en la regi\u00f3n. ATE viene solidariz\u00e1ndose con los compa\u00f1eros de las comunidades originarias que en diversos puntos del [&hellip;]<\/p>\n","protected":false},"author":1,"featured_media":19220,"comment_status":"open","ping_status":"open","sticky":false,"template":"","format":"standard","meta":{"_exactmetrics_skip_tracking":false,"_exactmetrics_sitenote_active":false,"_exactmetrics_sitenote_note":"","_exactmetrics_sitenote_category":0,"jnews-multi-image_gallery":[],"jnews_single_post":[],"jnews_primary_category":[],"jnews_social_meta":[],"jnews_review":[],"enable_review":"","type":"","name":"","summary":"","brand":"","sku":"","good":[],"bad":[],"score_override":"","override_value":"","rating":[],"price":[],"jnews_override_counter":[],"jnews_post_split":[],"footnotes":""},"categories":[10],"tags":[],"class_list":["post-9365","post","type-post","status-publish","format-standard","has-post-thumbnail","hentry","category-accion-politica"],"jetpack_featured_media_url":"https:\/\/atecordoba.org\/wp-content\/uploads\/2020\/05\/logo-nuevochico-e1561581322808.png","_links":{"self":[{"href":"https:\/\/atecordoba.org\/index.php?rest_route=\/wp\/v2\/posts\/9365","targetHints":{"allow":["GET"]}}],"collection":[{"href":"https:\/\/atecordoba.org\/index.php?rest_route=\/wp\/v2\/posts"}],"about":[{"href":"https:\/\/atecordoba.org\/index.php?rest_route=\/wp\/v2\/types\/post"}],"author":[{"embeddable":true,"href":"https:\/\/atecordoba.org\/index.php?rest_route=\/wp\/v2\/users\/1"}],"replies":[{"embeddable":true,"href":"https:\/\/atecordoba.org\/index.php?rest_route=%2Fwp%2Fv2%2Fcomments&post=9365"}],"version-history":[{"count":0,"href":"https:\/\/atecordoba.org\/index.php?rest_route=\/wp\/v2\/posts\/9365\/revisions"}],"wp:featuredmedia":[{"embeddable":true,"href":"https:\/\/atecordoba.org\/index.php?rest_route=\/wp\/v2\/media\/19220"}],"wp:attachment":[{"href":"https:\/\/atecordoba.org\/index.php?rest_route=%2Fwp%2Fv2%2Fmedia&parent=9365"}],"wp:term":[{"taxonomy":"category","embeddable":true,"href":"https:\/\/atecordoba.org\/index.php?rest_route=%2Fwp%2Fv2%2Fcategories&post=9365"},{"taxonomy":"post_tag","embeddable":true,"href":"https:\/\/atecordoba.org\/index.php?rest_route=%2Fwp%2Fv2%2Ftags&post=9365"}],"curies":[{"name":"wp","href":"https:\/\/api.w.org\/{rel}","templated":true}]}}