{"id":9355,"date":"2017-11-23T10:12:53","date_gmt":"2017-11-23T13:12:53","guid":{"rendered":"http:\/\/www.atecordoba.org\/?p=9355"},"modified":"2017-11-23T10:12:53","modified_gmt":"2017-11-23T13:12:53","slug":"ate-fabricaciones-militares-en-la-comision-de-defensa-de-la-camara-de-diputados","status":"publish","type":"post","link":"https:\/\/atecordoba.org\/?p=9355","title":{"rendered":"ATE Fabricaciones Militares en la Comisi\u00f3n de Defensa de la C\u00e1mara de Diputados"},"content":{"rendered":"<p><em>Los Delegados concurrieron al Congreso de la Naci\u00f3n para transmitir su preocupaci\u00f3n por el futuro del sector y de los trabajadores.<\/em><\/p>\n<p><img loading=\"lazy\" decoding=\"async\" class=\"aligncenter size-full wp-image-9356\" src=\"http:\/\/www.atecordoba.org\/wp-content\/uploads\/2017\/11\/3673e3c43710f941bd18a866b378e4c2_m-e1511442656375.jpg\" alt=\"\" width=\"550\" height=\"367\"><\/p>\n<p>Trabajadores y Delegados de ATE Fabricaciones Militares, as\u00ed como dirigentes de ATE Villa Mar\u00eda y de ATE Nacional participaron el martes pasado de una reuni\u00f3n de la Comisi\u00f3n de Defensa Nacional de la C\u00e1mara de Diputados. Para comenzar la sesi\u00f3n, la Diputada Nilda Garr\u00e9, Presidente de dicha comisi\u00f3n, manifest\u00f3: \u201cRecibimos una nota de los empleados de Fabricaciones Militares, en la que planteaban la necesidad de explicarnos la situaci\u00f3n de la empresa y de las distintas secciones que tiene; y la situaci\u00f3n de los trabajadores, de las pol\u00edticas, del abandono de algunos proyectos, como el de la fabricaci\u00f3n de vagones, que fue reemplazado por el de la fabricaci\u00f3n de vallas. Espero que no sean para contener manifestaciones aplicando represi\u00f3n a la protesta social\u201d.<\/p>\n<p>Jos\u00e9 Goroso, de ATE Villa Mar\u00eda; Orestes \u2018Beto\u2019 Galeano, de ATE Nacional; y los trabajadores del sector Juan Arag\u00f3n, Fernando Peirano, Dami\u00e1n Albornoz y Juan Cacace se sentaron, en representaci\u00f3n del resto de los compa\u00f1eros que participaron como espectadores, frente a los diputados y diputadas presentes. All\u00ed, los compa\u00f1eros hablaron del duro presente y del incierto futuro del sector de Fabricaciones Militares.<\/p>\n<p>&nbsp;<\/p>\n<p>El compa\u00f1ero Jos\u00e9 Goroso, de ATE Villa Mar\u00eda, agradeci\u00f3 a la Comisi\u00f3n por recibir a los trabajadores y dijo: \u201cVenimos a exponer la situaci\u00f3n que venimos atravesando los trabajadores de Fabricaciones Militares desde hace un tiempo. Esencialmente desde el comienzo de la actual gesti\u00f3n. Aqu\u00ed hay representantes y trabajadores de las F\u00e1bricas Militares de R\u00edo Tercero, de Villa Mar\u00eda, de la Sede Central que est\u00e1 aqu\u00ed en Capital Federal, de Fray Luis Beltr\u00e1n, y de Azul\u201d.<\/p>\n<p><img loading=\"lazy\" decoding=\"async\" class=\"size-full wp-image-9357 alignleft\" src=\"http:\/\/www.atecordoba.org\/wp-content\/uploads\/2017\/11\/11165_6367-e1511442679349.jpg\" alt=\"\" width=\"550\" height=\"367\">El dirigente luego describi\u00f3: \u201cA la fecha, ninguna de las cuatro f\u00e1bricas, m\u00e1s la que se encuentra en la ciudad de J\u00e1chal, superan un 20 por ciento de su capacidad de producci\u00f3n. El 28 de enero de 2016 hubo 140 despidos. El 31 de diciembre de este a\u00f1o vencen 1.684 contratos de compa\u00f1eros que tienen entre 4 y 18 a\u00f1os de antig\u00fcedad como contratados\u201d. Goroso adem\u00e1s dijo que s\u00f3lo hay 330 trabajadores de planta permanente, pero que incluso los puestos de trabajo de esos compa\u00f1eros de planta corre riesgo, ya que \u201cla no renovaci\u00f3n de los contratos de esos compa\u00f1eros significar\u00eda el cierre de Fabricaciones Militares, porque con 330 compa\u00f1eros no se puede operar ninguna de las f\u00e1bricas que tiene el complejo\u201d.<\/p>\n<p>El compa\u00f1ero de ATE Villa Mar\u00eda tambi\u00e9n detall\u00f3 las actividades de cada una de las f\u00e1bricas y describi\u00f3 la desinversi\u00f3n y el vaciamiento que el Gobierno Nacional est\u00e1 realizando con esa estrat\u00e9gica \u00e1rea.<\/p>\n<p>&nbsp;<\/p>\n<p>Fue el turno luego de Orestes \u2018Beto\u2019 Galeano, de ATE Nacional, quien expres\u00f3: \u201cParece un absurdo, pero no venimos a pedirles que nos ayuden a conseguir aumentos de salarios ni pases a planta permanente, a pesar de que la mayor\u00eda de los trabajadores de Fabricaciones Militares est\u00e1n precarizados. Venimos a plantear, de vuelta y como muchas veces en la historia de nuestro pa\u00eds, nuestra necesidad de seguir trabajando. Es absurdo que un pa\u00eds elimine las pocas pol\u00edticas de defensa que tiene, que no se produzca para esa defensa. Pareciera que Manuel Savio estaba completamente equivocado cuando fund\u00f3 las f\u00e1bricas y que su visi\u00f3n de la defensa nacional era err\u00f3nea. Hoy parece que, como dec\u00eda Mart\u00ednez de Hoz, da lo mismo producir acero que producir caramelos\u201d.<\/p>\n<p>\u201cComo trabajadores del Estado organizados hoy no venimos a plantear necesidades salariales, sino que venimos a plantear la importancia de que podamos seguir trabajando por la defensa de nuestro pa\u00eds. Nosotros venimos de ser cr\u00edticos en los planes de desarrollo de la gesti\u00f3n anterior, pero exist\u00edan planes de desarrollo. Uno ten\u00eda matices en la discusi\u00f3n, e insist\u00edamos en la necesidad de pase a planta permanente de los compa\u00f1eros, pero no discut\u00edamos despidos. Discut\u00edamos salarios y otras cosas, pero no despidos. Hoy, igual que en los \u201990, tenemos que discutir la necesidad de conservar las fuentes de trabajo, la necesidad de mantener las f\u00e1bricas abiertas. Esas mismas f\u00e1bricas que se mantuvieron abiertas por el esfuerzo de cientos de trabajadores que se negaron a abandonarlas y que resistieron\u201d, agreg\u00f3 Galeano.<\/p>\n","protected":false},"excerpt":{"rendered":"<p>Los Delegados concurrieron al Congreso de la Naci\u00f3n para transmitir su preocupaci\u00f3n por el futuro del sector y de los trabajadores. Trabajadores y Delegados de ATE Fabricaciones Militares, as\u00ed como dirigentes de ATE Villa Mar\u00eda y de ATE Nacional participaron el martes pasado de una reuni\u00f3n de la Comisi\u00f3n de Defensa Nacional de la C\u00e1mara [&hellip;]<\/p>\n","protected":false},"author":1,"featured_media":19220,"comment_status":"open","ping_status":"open","sticky":false,"template":"","format":"standard","meta":{"_exactmetrics_skip_tracking":false,"_exactmetrics_sitenote_active":false,"_exactmetrics_sitenote_note":"","_exactmetrics_sitenote_category":0,"jnews-multi-image_gallery":[],"jnews_single_post":[],"jnews_primary_category":[],"jnews_social_meta":[],"jnews_review":[],"enable_review":"","type":"","name":"","summary":"","brand":"","sku":"","good":[],"bad":[],"score_override":"","override_value":"","rating":[],"price":[],"jnews_override_counter":[],"jnews_post_split":[],"footnotes":""},"categories":[10,17],"tags":[],"class_list":["post-9355","post","type-post","status-publish","format-standard","has-post-thumbnail","hentry","category-accion-politica","category-fabricaciones-militares"],"jetpack_featured_media_url":"https:\/\/atecordoba.org\/wp-content\/uploads\/2020\/05\/logo-nuevochico-e1561581322808.png","_links":{"self":[{"href":"https:\/\/atecordoba.org\/index.php?rest_route=\/wp\/v2\/posts\/9355","targetHints":{"allow":["GET"]}}],"collection":[{"href":"https:\/\/atecordoba.org\/index.php?rest_route=\/wp\/v2\/posts"}],"about":[{"href":"https:\/\/atecordoba.org\/index.php?rest_route=\/wp\/v2\/types\/post"}],"author":[{"embeddable":true,"href":"https:\/\/atecordoba.org\/index.php?rest_route=\/wp\/v2\/users\/1"}],"replies":[{"embeddable":true,"href":"https:\/\/atecordoba.org\/index.php?rest_route=%2Fwp%2Fv2%2Fcomments&post=9355"}],"version-history":[{"count":0,"href":"https:\/\/atecordoba.org\/index.php?rest_route=\/wp\/v2\/posts\/9355\/revisions"}],"wp:featuredmedia":[{"embeddable":true,"href":"https:\/\/atecordoba.org\/index.php?rest_route=\/wp\/v2\/media\/19220"}],"wp:attachment":[{"href":"https:\/\/atecordoba.org\/index.php?rest_route=%2Fwp%2Fv2%2Fmedia&parent=9355"}],"wp:term":[{"taxonomy":"category","embeddable":true,"href":"https:\/\/atecordoba.org\/index.php?rest_route=%2Fwp%2Fv2%2Fcategories&post=9355"},{"taxonomy":"post_tag","embeddable":true,"href":"https:\/\/atecordoba.org\/index.php?rest_route=%2Fwp%2Fv2%2Ftags&post=9355"}],"curies":[{"name":"wp","href":"https:\/\/api.w.org\/{rel}","templated":true}]}}