{"id":9351,"date":"2017-11-23T10:07:40","date_gmt":"2017-11-23T13:07:40","guid":{"rendered":"http:\/\/www.atecordoba.org\/?p=9351"},"modified":"2017-11-23T10:07:40","modified_gmt":"2017-11-23T13:07:40","slug":"ate-y-la-cta-a-en-el-vaticano-es-una-verguenza-el-acuerdo-firmado-por-la-cgt","status":"publish","type":"post","link":"https:\/\/atecordoba.org\/?p=9351","title":{"rendered":"ATE y la CTA-A en el Vaticano: \u201cEs una verg\u00fcenza el acuerdo firmado por la CGT\u201d"},"content":{"rendered":"<p><em>En Roma los dirigentes de ATE y la CTA-A expondr\u00e1n sobre la problem\u00e1tica situaci\u00f3n argentina frente a la reforma laboral.<\/em><\/p>\n<p><img loading=\"lazy\" decoding=\"async\" class=\"aligncenter size-full wp-image-9352\" src=\"http:\/\/www.atecordoba.org\/wp-content\/uploads\/2017\/11\/8aef9d3ff1b633ac1cfaf27d3f183d2a_m-e1511442387302.jpg\" alt=\"\" width=\"550\" height=\"310\"><\/p>\n<p>El encuentro que se realizar\u00e1 los d\u00edas 23 y 24 de noviembre, est\u00e1 organizado por el Dicasterio para el Servicio del Desarrollo Humano Integral del Vaticano y contar\u00e1 con la presencia de representantes sindicales de m\u00e1s de 160 pa\u00edses del mundo.<\/p>\n<p>En el mismo se debatir\u00e1 respecto de &#8220;El trabajo y el Movimiento de los Trabajadores en el Centro del Desarrollo humano integral, sostenible y solidario&#8221;. Las sesiones comienzan este jueves y el viernes por la tarde cerrar\u00e1 la asamblea el Papa Francisco.<\/p>\n<p>La delegaci\u00f3n est\u00e1 compuesta por Ricardo Peidro, Secretario General Adjunto de la CTA Aut\u00f3noma; Hugo &#8220;Cachorro&#8221; Godoy, Secretario General de ATE nacional; Carlos Custer, hist\u00f3rico dirigente de la CTA y ex embajador argentino en el Vaticano y Julio Fuentes,&nbsp; Presidente de la CLATE y Secretario General adjunto de ATE nacional.<\/p>\n<p><img loading=\"lazy\" decoding=\"async\" class=\"aligncenter size-full wp-image-9353\" src=\"http:\/\/www.atecordoba.org\/wp-content\/uploads\/2017\/11\/11186_6375-e1511442421177.jpg\" alt=\"\" width=\"550\" height=\"351\"><\/p>\n<p>En ese marco, Hugo Godoy, expres\u00f3 que ATE expondr\u00e1 en dicho encuentro sobre la problem\u00e1tica situaci\u00f3n argentina con respecto a las reformas que intenta imponer el gobierno de Mauricio Macri.<\/p>\n<p>\u201cHemos hecho una convocatoria popular para el 6 de diciembre porque es una verg\u00fcenza el acuerdo firmado con el gobierno por sindicalistas de la CGT\u201d, explic\u00f3 Godoy.<\/p>\n<p>Y denunci\u00f3 adem\u00e1s que la reforma \u201csignifica p\u00e9rdidas de derechos colectivos\u201d y que \u201csi no frenamos estas medidas regresivas vamos a retrasar la vida de nuestro pueblo y las relaciones sociales\u201d.<\/p>\n<p><strong>Prensa ATE<\/strong><\/p>\n","protected":false},"excerpt":{"rendered":"<p>En Roma los dirigentes de ATE y la CTA-A expondr\u00e1n sobre la problem\u00e1tica situaci\u00f3n argentina frente a la reforma laboral. El encuentro que se realizar\u00e1 los d\u00edas 23 y 24 de noviembre, est\u00e1 organizado por el Dicasterio para el Servicio del Desarrollo Humano Integral del Vaticano y contar\u00e1 con la presencia de representantes sindicales de [&hellip;]<\/p>\n","protected":false},"author":1,"featured_media":19220,"comment_status":"open","ping_status":"open","sticky":false,"template":"","format":"standard","meta":{"_exactmetrics_skip_tracking":false,"_exactmetrics_sitenote_active":false,"_exactmetrics_sitenote_note":"","_exactmetrics_sitenote_category":0,"jnews-multi-image_gallery":[],"jnews_single_post":[],"jnews_primary_category":[],"jnews_social_meta":[],"jnews_review":[],"enable_review":"","type":"","name":"","summary":"","brand":"","sku":"","good":[],"bad":[],"score_override":"","override_value":"","rating":[],"price":[],"jnews_override_counter":[],"jnews_post_split":[],"footnotes":""},"categories":[10],"tags":[],"class_list":["post-9351","post","type-post","status-publish","format-standard","has-post-thumbnail","hentry","category-accion-politica"],"jetpack_featured_media_url":"https:\/\/atecordoba.org\/wp-content\/uploads\/2020\/05\/logo-nuevochico-e1561581322808.png","_links":{"self":[{"href":"https:\/\/atecordoba.org\/index.php?rest_route=\/wp\/v2\/posts\/9351","targetHints":{"allow":["GET"]}}],"collection":[{"href":"https:\/\/atecordoba.org\/index.php?rest_route=\/wp\/v2\/posts"}],"about":[{"href":"https:\/\/atecordoba.org\/index.php?rest_route=\/wp\/v2\/types\/post"}],"author":[{"embeddable":true,"href":"https:\/\/atecordoba.org\/index.php?rest_route=\/wp\/v2\/users\/1"}],"replies":[{"embeddable":true,"href":"https:\/\/atecordoba.org\/index.php?rest_route=%2Fwp%2Fv2%2Fcomments&post=9351"}],"version-history":[{"count":0,"href":"https:\/\/atecordoba.org\/index.php?rest_route=\/wp\/v2\/posts\/9351\/revisions"}],"wp:featuredmedia":[{"embeddable":true,"href":"https:\/\/atecordoba.org\/index.php?rest_route=\/wp\/v2\/media\/19220"}],"wp:attachment":[{"href":"https:\/\/atecordoba.org\/index.php?rest_route=%2Fwp%2Fv2%2Fmedia&parent=9351"}],"wp:term":[{"taxonomy":"category","embeddable":true,"href":"https:\/\/atecordoba.org\/index.php?rest_route=%2Fwp%2Fv2%2Fcategories&post=9351"},{"taxonomy":"post_tag","embeddable":true,"href":"https:\/\/atecordoba.org\/index.php?rest_route=%2Fwp%2Fv2%2Ftags&post=9351"}],"curies":[{"name":"wp","href":"https:\/\/api.w.org\/{rel}","templated":true}]}}