{"id":9348,"date":"2017-11-23T10:03:30","date_gmt":"2017-11-23T13:03:30","guid":{"rendered":"http:\/\/www.atecordoba.org\/?p=9348"},"modified":"2017-11-23T10:03:30","modified_gmt":"2017-11-23T13:03:30","slug":"ate-moviliza-al-ministerio-de-energia-contra-las-privatizaciones-y-los-despidos","status":"publish","type":"post","link":"https:\/\/atecordoba.org\/?p=9348","title":{"rendered":"ATE moviliza al Ministerio de Energ\u00eda contra las privatizaciones y los despidos"},"content":{"rendered":"<p><em>Trabajadores de distintos sectores energ\u00e9ticos del pa\u00eds protestaran ma\u00f1ana contra los recortes en las empresas estatales.<\/em><\/p>\n<p><img loading=\"lazy\" decoding=\"async\" class=\"aligncenter size-full wp-image-9349\" src=\"http:\/\/www.atecordoba.org\/wp-content\/uploads\/2017\/11\/1651ca05e351eb16b9c17eb7fb2b1725_m-e1511442169386.jpg\" alt=\"\" width=\"550\" height=\"367\"><\/p>\n<p>Este jueves 23 de noviembre, desde las 11 horas, trabajadores de empresas estatales de energ\u00eda de todo el pa\u00eds nucleados en ATE encabezar\u00e1n, junto a afiliados de otros sindicatos del sector, una movilizaci\u00f3n a la cartera nacional que conduce el Ministro Juan Jos\u00e9 Aranguren, para rechazar las polic\u00edas de ajuste, los recortes y las privatizaciones impulsadas por el gobierno nacional.<\/p>\n<p>La acci\u00f3n conjunta ser\u00e1 en protesta contra la privatizaci\u00f3n de Doxitek y todas las empresas estatales de energ\u00eda; contra los despidos en NASA (Nucleoel\u00e9ctrica Argentina Sociedad An\u00f3nima), y en el Ministerio de Energ\u00eda y Miner\u00eda; por m\u00e1s presupuesto para CNEA (Comisi\u00f3n Nacional de Energ\u00eda At\u00f3mica); por la Carbo-el\u00e9ctrica estatal en R\u00edo Turbio; por la defensa de los Convenios Colectivos de Trabajo; por el inicio de las obras en la cuarta Central Nuclear de Zarate; y por el fin de la precarizaci\u00f3n laboral. &nbsp;<\/p>\n<p>La actividad se enmarca en las acciones de la Asociaci\u00f3n Trabajadores del Estado contra la nueva ola de despidos en el Estado nacional y contra la reforma laboral de Macri.<\/p>\n<p><strong>No a la entrega de la soberan\u00eda energ\u00e9tica!!&nbsp;<\/strong><\/p>\n<p><strong>Prensa ATE<\/strong><\/p>\n<p>&nbsp;<\/p>\n","protected":false},"excerpt":{"rendered":"<p>Trabajadores de distintos sectores energ\u00e9ticos del pa\u00eds protestaran ma\u00f1ana contra los recortes en las empresas estatales. Este jueves 23 de noviembre, desde las 11 horas, trabajadores de empresas estatales de energ\u00eda de todo el pa\u00eds nucleados en ATE encabezar\u00e1n, junto a afiliados de otros sindicatos del sector, una movilizaci\u00f3n a la cartera nacional que conduce [&hellip;]<\/p>\n","protected":false},"author":1,"featured_media":19220,"comment_status":"open","ping_status":"open","sticky":false,"template":"","format":"standard","meta":{"_exactmetrics_skip_tracking":false,"_exactmetrics_sitenote_active":false,"_exactmetrics_sitenote_note":"","_exactmetrics_sitenote_category":0,"jnews-multi-image_gallery":[],"jnews_single_post":[],"jnews_primary_category":[],"jnews_social_meta":[],"jnews_review":[],"enable_review":"","type":"","name":"","summary":"","brand":"","sku":"","good":[],"bad":[],"score_override":"","override_value":"","rating":[],"price":[],"jnews_override_counter":[],"jnews_post_split":[],"footnotes":""},"categories":[140,135],"tags":[],"class_list":["post-9348","post","type-post","status-publish","format-standard","has-post-thumbnail","hentry","category-cnea","category-dioxitek"],"jetpack_featured_media_url":"https:\/\/atecordoba.org\/wp-content\/uploads\/2020\/05\/logo-nuevochico-e1561581322808.png","_links":{"self":[{"href":"https:\/\/atecordoba.org\/index.php?rest_route=\/wp\/v2\/posts\/9348","targetHints":{"allow":["GET"]}}],"collection":[{"href":"https:\/\/atecordoba.org\/index.php?rest_route=\/wp\/v2\/posts"}],"about":[{"href":"https:\/\/atecordoba.org\/index.php?rest_route=\/wp\/v2\/types\/post"}],"author":[{"embeddable":true,"href":"https:\/\/atecordoba.org\/index.php?rest_route=\/wp\/v2\/users\/1"}],"replies":[{"embeddable":true,"href":"https:\/\/atecordoba.org\/index.php?rest_route=%2Fwp%2Fv2%2Fcomments&post=9348"}],"version-history":[{"count":0,"href":"https:\/\/atecordoba.org\/index.php?rest_route=\/wp\/v2\/posts\/9348\/revisions"}],"wp:featuredmedia":[{"embeddable":true,"href":"https:\/\/atecordoba.org\/index.php?rest_route=\/wp\/v2\/media\/19220"}],"wp:attachment":[{"href":"https:\/\/atecordoba.org\/index.php?rest_route=%2Fwp%2Fv2%2Fmedia&parent=9348"}],"wp:term":[{"taxonomy":"category","embeddable":true,"href":"https:\/\/atecordoba.org\/index.php?rest_route=%2Fwp%2Fv2%2Fcategories&post=9348"},{"taxonomy":"post_tag","embeddable":true,"href":"https:\/\/atecordoba.org\/index.php?rest_route=%2Fwp%2Fv2%2Ftags&post=9348"}],"curies":[{"name":"wp","href":"https:\/\/api.w.org\/{rel}","templated":true}]}}