{"id":9345,"date":"2017-11-23T09:59:51","date_gmt":"2017-11-23T12:59:51","guid":{"rendered":"http:\/\/www.atecordoba.org\/?p=9345"},"modified":"2017-11-23T09:59:51","modified_gmt":"2017-11-23T12:59:51","slug":"en-cnea-se-avanza-contra-la-precarizacion","status":"publish","type":"post","link":"https:\/\/atecordoba.org\/?p=9345","title":{"rendered":"En CNEA se organiza contra la precarizaci\u00f3n"},"content":{"rendered":"<p><em>Los trabajadores se organizan contra la Reforma Laboral, las privatizaciones en el Sector Nuclear y por los pases a planta de precarizados.<\/em><\/p>\n<p><img loading=\"lazy\" decoding=\"async\" class=\"aligncenter size-full wp-image-9346\" src=\"http:\/\/www.atecordoba.org\/wp-content\/uploads\/2017\/11\/CNEA-en-lucha-e1511441923860.jpg\" alt=\"\" width=\"550\" height=\"400\"><\/p>\n<p>Frente a los anuncios del gobierno sobre la Reforma Laboral pactada con la CGT las y los trabajadores de la CNEA no bajan los brazos y siguen luchando para frenar la pol\u00edtica de ajuste y entrega del gobierno. La sectorial sostienen que \u201ceste anuncio se da en un contexto en el cual existe la amenaza de una nueva ola de despidos en los organismos descentralizados del Estado, basados en los resultados de los an\u00e1lisis de Dotaci\u00f3n \u00d3ptima llevados a delante por el Ministerio de Modernizaci\u00f3n\u201d.<\/p>\n<p>Es en este contexto que las Autoridades de CNEA finalmente anunciaron nuevos pasos para el pase a planta de becarios y pases a contrato a plazo fijo de los monotributistas. \u201cEste logro surge en gran parte luego de haber sostenido la pelea durante los \u00faltimos a\u00f1os, de haberla estado peleando todo este tiempo con el protagonismo de las y los trabajadores precarizados desde BCyM y junto con ATE. Es sin duda un avance en las condiciones laborales para una gran cantidad de trabajadores precarizados. Por eso, es necesario seguir de cerca este proceso y su implementaci\u00f3n, para que ning\u00fan precarizado quede excluido, y seguir luchando al mismo tiempo para terminar de fondo con la precarizaci\u00f3n laboral\u201d, subrayaron a trav\u00e9s de un comunicado de prensa. &nbsp;<\/p>\n<p>Asimismo agregaron que \u201cpor otro lado, resulta llamativo en el anuncio el silencio absoluto sobre los pases a planta permanente de los 1095 Contratados, de los cuales m\u00e1s de la mitad ya cumplieron m\u00e1s de 5 a\u00f1os en esa modalidad. Por eso exigimos el inmediato llamado a convocatoria interna para las vacantes de Planta Permanente disponibles\u201d.<\/p>\n<p>Por \u00faltimo, sostiene el comunicado sectorial \u201cla cuesti\u00f3n presupuestaria y salarial sigue siendo una cuesti\u00f3n sin resolver. De la mano de avanzar contra la precarizaci\u00f3n en CNEA las y los trabajadores necesitamos avanzar tambi\u00e9n con nuestros salarios y condiciones laborales. Con sueldos desintegrados por la inflaci\u00f3n, condicionados al castigo del presentismo que avasalla derechos y licencias, y con categor\u00edas totalmente atrasadas desde el a\u00f1o 2012, es muy dif\u00edcil llegar a fin de mes. Por eso, reclamamos la recategorizaci\u00f3n inmediata para la planta permanente y para todos los precarizados, de la mano de una recomposici\u00f3n salarial mediante un aumento de la Unidad Retributiva que equipare la categor\u00eda m\u00e1s baja con la canasta familiar\u201d.<\/p>\n<p>As\u00ed como han conseguido avanzar contra la precarizaci\u00f3n, los trabajadores de la CNEA, enfatizaron que \u201csosteniendo la lucha, lo seguimos haciendo en unidad para enfrentar la Reforma Laboral que pretende impulsar el gobierno, las privatizaciones en el Sector Nuclear, el ajuste presupuestario y los despidos en el Estado, de la mano de todos los y las trabajadoras del sector de la Energ\u00eda y de la Ciencia y T\u00e9cnica\u201d.<\/p>\n<p><strong style=\"font-style: inherit;\">ATE CNEA<\/strong><\/p>\n","protected":false},"excerpt":{"rendered":"<p>Los trabajadores se organizan contra la Reforma Laboral, las privatizaciones en el Sector Nuclear y por los pases a planta de precarizados. Frente a los anuncios del gobierno sobre la Reforma Laboral pactada con la CGT las y los trabajadores de la CNEA no bajan los brazos y siguen luchando para frenar la pol\u00edtica de [&hellip;]<\/p>\n","protected":false},"author":1,"featured_media":19220,"comment_status":"open","ping_status":"open","sticky":false,"template":"","format":"standard","meta":{"_exactmetrics_skip_tracking":false,"_exactmetrics_sitenote_active":false,"_exactmetrics_sitenote_note":"","_exactmetrics_sitenote_category":0,"jnews-multi-image_gallery":[],"jnews_single_post":[],"jnews_primary_category":[],"jnews_social_meta":[],"jnews_review":[],"enable_review":"","type":"","name":"","summary":"","brand":"","sku":"","good":[],"bad":[],"score_override":"","override_value":"","rating":[],"price":[],"jnews_override_counter":[],"jnews_post_split":[],"footnotes":""},"categories":[140,135],"tags":[],"class_list":["post-9345","post","type-post","status-publish","format-standard","has-post-thumbnail","hentry","category-cnea","category-dioxitek"],"jetpack_featured_media_url":"https:\/\/atecordoba.org\/wp-content\/uploads\/2020\/05\/logo-nuevochico-e1561581322808.png","_links":{"self":[{"href":"https:\/\/atecordoba.org\/index.php?rest_route=\/wp\/v2\/posts\/9345","targetHints":{"allow":["GET"]}}],"collection":[{"href":"https:\/\/atecordoba.org\/index.php?rest_route=\/wp\/v2\/posts"}],"about":[{"href":"https:\/\/atecordoba.org\/index.php?rest_route=\/wp\/v2\/types\/post"}],"author":[{"embeddable":true,"href":"https:\/\/atecordoba.org\/index.php?rest_route=\/wp\/v2\/users\/1"}],"replies":[{"embeddable":true,"href":"https:\/\/atecordoba.org\/index.php?rest_route=%2Fwp%2Fv2%2Fcomments&post=9345"}],"version-history":[{"count":0,"href":"https:\/\/atecordoba.org\/index.php?rest_route=\/wp\/v2\/posts\/9345\/revisions"}],"wp:featuredmedia":[{"embeddable":true,"href":"https:\/\/atecordoba.org\/index.php?rest_route=\/wp\/v2\/media\/19220"}],"wp:attachment":[{"href":"https:\/\/atecordoba.org\/index.php?rest_route=%2Fwp%2Fv2%2Fmedia&parent=9345"}],"wp:term":[{"taxonomy":"category","embeddable":true,"href":"https:\/\/atecordoba.org\/index.php?rest_route=%2Fwp%2Fv2%2Fcategories&post=9345"},{"taxonomy":"post_tag","embeddable":true,"href":"https:\/\/atecordoba.org\/index.php?rest_route=%2Fwp%2Fv2%2Ftags&post=9345"}],"curies":[{"name":"wp","href":"https:\/\/api.w.org\/{rel}","templated":true}]}}