{"id":9340,"date":"2017-11-21T11:37:33","date_gmt":"2017-11-21T14:37:33","guid":{"rendered":"http:\/\/www.atecordoba.org\/?p=9340"},"modified":"2017-11-21T11:37:33","modified_gmt":"2017-11-21T14:37:33","slug":"contundente-rechazo-de-ate-al-pedido-de-macri-para-bajar-salarios-estatales","status":"publish","type":"post","link":"https:\/\/atecordoba.org\/?p=9340","title":{"rendered":"Contundente rechazo de ATE al pedido de Macri para bajar salarios estatales"},"content":{"rendered":"<p><em>El Secretario General Hugo Godoy cuestion\u00f3 duramente las declaraciones del Presidente a los gobernadores provinciales.<\/em><\/p>\n<p><img loading=\"lazy\" decoding=\"async\" class=\"aligncenter size-full wp-image-9341\" src=\"http:\/\/www.atecordoba.org\/wp-content\/uploads\/2017\/11\/GESTAS-e1511274957548.jpg\" alt=\"\" width=\"550\" height=\"367\"><\/p>\n<p style=\"font-weight: 400;\">En la reuni\u00f3n de ayer en Casa Rosada, el presidente Mauricio Macri sugiri\u00f3 a los gobernadores que los salarios de los empleados p\u00fablicos son muy altos y que impiden las inversiones del sector privado.<\/p>\n<p style=\"font-weight: 400;\">En el audio que tom\u00f3 estado p\u00fablico, se escucha al primer mandatario explicar a los gobernadores que una de \u201clas cosas que faltan\u201d es resolver el \u201ctema del empleo p\u00fablico, y el nivel de salarios, porque si estamos creando todas estas condiciones para que se genere trabajo en el sector privado, el problema es que si le competimos con salarios m\u00e1s altos el sector privado no va a poder generar la mano de obra que necesita para su crecimiento\u201d. Finalmente el Jefe de Estado intim\u00f3 a los mandatarios diciendo que \u201ctenemos que lograr que esto se regularice en un nivel razonable y equilibrado, sobre todo teniendo en cuenta que tenemos una paritaria por delante, que siempre nos da una oportunidad\u201d.<\/p>\n<p style=\"font-weight: 400;\">La Asociaci\u00f3n Trabajadores del Estado rechaza contundentemente el ataque del Presidente de la Naci\u00f3n a los empleados estatales. &nbsp;<\/p>\n<p style=\"font-weight: 400;\">Consultado sobre la bajada de l\u00ednea del gobierno nacional a las provincias, el&nbsp;Secretario General del Consejo Directivo Nacional del sindicato, Hugo Cachorro Godoy, aclar\u00f3 que el presidente habl\u00f3 \u201cde manera absolutamente impune, con una logia de gobernadores y sindicalistas que lo cubren, pero eso demuestra cabalmente como es la pol\u00edtica econ\u00f3mica del gobierno, el ajuste en las provincias; m\u00e1s la hipocres\u00eda, porque los salarios de los trabajadores municipales y provinciales son lo m\u00e1s bajo de la escala salarial en la argentina, hay m\u00e1s de 300 mil municipales que perciben ingresos por debajo del salario m\u00ednimo vital y m\u00f3vil, y m\u00e1s de la mitad de las provincias de nuestro pa\u00eds tienen sueldos menores a 15 mil pesos\u201d, nivel de pobreza reconocido por el INDEC. &nbsp;<\/p>\n<p style=\"font-weight: 400;\">\u201cLo que alienta Macri es la idea de que los trabajadores estatales tenemos que ser los&nbsp;<em style=\"font-style: inherit; font-weight: inherit;\">conejillos de indias<\/em>, \u00e9l quiere una pol\u00edtica de reducci\u00f3n de salarios, y precariedad laboral en el sector privado, y fuerza a que el Estado sea un ejemplo en esa direcci\u00f3n\u201d, asegur\u00f3 Godoy.<\/p>\n<p style=\"font-weight: 400;\">El pedido del presidente se dio en el marco de la reuni\u00f3n con los mandatarios provinciales para la firma del acuerdo fiscal.<\/p>\n<p style=\"font-weight: 400;\">El titular de ATE Nacional finalmente explic\u00f3 que \u201cEl ajuste en las provincias recae sobre la vida de los pueblos de la mayor\u00eda de las provincias, y por otro lado va a haber una creciente conflictividad de los trabajadores estatales en unidad con otros sectores de la comunidad, que van a plantear un rol m\u00e1s activo y protag\u00f3nico del Estado para resolver los problemas de la crisis social que estamos atravesando\u201d &nbsp;<\/p>\n<p style=\"font-weight: 400;\"><b><strong style=\"font-style: inherit;\">ATE Nacional<\/strong><\/b><\/p>\n","protected":false},"excerpt":{"rendered":"<p>El Secretario General Hugo Godoy cuestion\u00f3 duramente las declaraciones del Presidente a los gobernadores provinciales. En la reuni\u00f3n de ayer en Casa Rosada, el presidente Mauricio Macri sugiri\u00f3 a los gobernadores que los salarios de los empleados p\u00fablicos son muy altos y que impiden las inversiones del sector privado. En el audio que tom\u00f3 estado [&hellip;]<\/p>\n","protected":false},"author":1,"featured_media":19220,"comment_status":"open","ping_status":"open","sticky":false,"template":"","format":"standard","meta":{"_exactmetrics_skip_tracking":false,"_exactmetrics_sitenote_active":false,"_exactmetrics_sitenote_note":"","_exactmetrics_sitenote_category":0,"jnews-multi-image_gallery":[],"jnews_single_post":[],"jnews_primary_category":[],"jnews_social_meta":[],"jnews_review":[],"enable_review":"","type":"","name":"","summary":"","brand":"","sku":"","good":[],"bad":[],"score_override":"","override_value":"","rating":[],"price":[],"jnews_override_counter":[],"jnews_post_split":[],"footnotes":""},"categories":[10],"tags":[],"class_list":["post-9340","post","type-post","status-publish","format-standard","has-post-thumbnail","hentry","category-accion-politica"],"jetpack_featured_media_url":"https:\/\/atecordoba.org\/wp-content\/uploads\/2020\/05\/logo-nuevochico-e1561581322808.png","_links":{"self":[{"href":"https:\/\/atecordoba.org\/index.php?rest_route=\/wp\/v2\/posts\/9340","targetHints":{"allow":["GET"]}}],"collection":[{"href":"https:\/\/atecordoba.org\/index.php?rest_route=\/wp\/v2\/posts"}],"about":[{"href":"https:\/\/atecordoba.org\/index.php?rest_route=\/wp\/v2\/types\/post"}],"author":[{"embeddable":true,"href":"https:\/\/atecordoba.org\/index.php?rest_route=\/wp\/v2\/users\/1"}],"replies":[{"embeddable":true,"href":"https:\/\/atecordoba.org\/index.php?rest_route=%2Fwp%2Fv2%2Fcomments&post=9340"}],"version-history":[{"count":0,"href":"https:\/\/atecordoba.org\/index.php?rest_route=\/wp\/v2\/posts\/9340\/revisions"}],"wp:featuredmedia":[{"embeddable":true,"href":"https:\/\/atecordoba.org\/index.php?rest_route=\/wp\/v2\/media\/19220"}],"wp:attachment":[{"href":"https:\/\/atecordoba.org\/index.php?rest_route=%2Fwp%2Fv2%2Fmedia&parent=9340"}],"wp:term":[{"taxonomy":"category","embeddable":true,"href":"https:\/\/atecordoba.org\/index.php?rest_route=%2Fwp%2Fv2%2Fcategories&post=9340"},{"taxonomy":"post_tag","embeddable":true,"href":"https:\/\/atecordoba.org\/index.php?rest_route=%2Fwp%2Fv2%2Ftags&post=9340"}],"curies":[{"name":"wp","href":"https:\/\/api.w.org\/{rel}","templated":true}]}}