{"id":9334,"date":"2017-11-21T11:02:52","date_gmt":"2017-11-21T14:02:52","guid":{"rendered":"http:\/\/www.atecordoba.org\/?p=9334"},"modified":"2017-11-21T11:02:52","modified_gmt":"2017-11-21T14:02:52","slug":"idep-salud-repudio-las-modificaciones-a-la-ley-de-salud-mental","status":"publish","type":"post","link":"https:\/\/atecordoba.org\/?p=9334","title":{"rendered":"IDEP SALUD repudi\u00f3 las modificaciones a la ley de salud mental"},"content":{"rendered":"<p><em>El&nbsp;Instituto de Estudios sobre Pol\u00edticas sobre la Salud P\u00fablica alert\u00f3 frente a la pretensi\u00f3n del Gobierno Nacional de&nbsp;retroceder en a los avances conquistados por la lucha del campo de la Salud Mental de la Argentina. Un taller en R\u00edo Ceballos sobre la problem\u00e1tica convoc\u00f3 a numerosos compa\u00f1eros de las Sierras Chicas.<\/em><\/p>\n<p><img loading=\"lazy\" decoding=\"async\" class=\"aligncenter size-full wp-image-9335\" src=\"http:\/\/www.atecordoba.org\/wp-content\/uploads\/2017\/11\/idep-salud-godoy-daniel-e1511272749866.jpg\" alt=\"\" width=\"550\" height=\"309\"><\/p>\n<p>Con la firma Celina Pochettino y Daniel Godoy, el organismo emiti\u00f3 un comunicado donde se\u00f1ala que acaba de tomar estado p\u00fablico un proyecto de decreto reglamentario de la Ley Nacional de Salud Mental n\u00ba 26.657 (Expte Min. Sal.120020000024933166) que contradice el esp\u00edritu de la norma que pretende reglamentar, y evita generar el debate en el Congreso de la Naci\u00f3n, \u00e1mbito institucional natural para modificaciones de este tenor.<\/p>\n<p>La pol\u00edtica de este gobierno nacional se jacta de \u201ctransparente\u201d y \u201cmodernizadora\u201d. Su pretendida manera de legislar evitando el debate parlamentario y los mecanismos de participaci\u00f3n ciudadana renuevan la alerta en la misma l\u00ednea que defini\u00f3 del decreto de \u201cnecesidad y urgencia\u201d que propone la enga\u00f1osa \u201cCobertura Universal de Salud\u201d 908\/16.<\/p>\n<p>Consideramos que la necesidad y urgencia de estos decretos responden directamente a abrir las puertas de los mercados de la salud y, en este caso espec\u00edfico, los de la salud mental.<\/p>\n<p>Vemos con alarma las afrentas a reformistas al campo de los derechos sociales: las reformas laboral, previsional, fiscal, tributaria, la salud, el campo del trabajo, de la educaci\u00f3n, etc.<\/p>\n<p>Las pol\u00edticas de este gobierno nacional y sus formas, desaf\u00edan nuestras estrategias colectivas y de resistencia. Estamos frente al despliegue de una ret\u00f3rica pensada para ocultar y disimular pol\u00edticas que encubren y refuerzan privilegios de sectores concentrados del poder pol\u00edtico-econ\u00f3mico.<\/p>\n<p>La pretensi\u00f3n de modificar el decreto reglamentario 603\/3 en el sentido planteado por el ejecutivo en el expediente (Expte Min. Sal.120020000024933166) atenta contra los principales avances logrados en la Ley Nacional 26657: respecto a la concepci\u00f3n de sujeto de derecho, del modo de entender los padecimientos ps\u00edquicos de la poblaci\u00f3n, respecto del modelo de atenci\u00f3n sustitutivo a lo manicomial (o l\u00f3gicas de encierro), as\u00ed como a las garant\u00edas de autonom\u00eda e independencia del \u00d3rgano de Revisi\u00f3n y los mecanismos previstos para velar por asistencia digna en el marco del ejercicio de los derechos en el campo de la salud Mental.<\/p>\n<p>Pretendiendo instalar desde una perspectiva biologista, medicalizante, clasificatoria de los sujetos, un paradigma vinculado a la privatizaci\u00f3n de la salud, a los negocios de la enfermedad y, totalmente alejado del derecho a la salud.<\/p>\n<p>Nos pronunciamos rechazando este pretendido decreto as\u00ed como continuaremos construyendo en conjunto con las organizaciones del campo popular condiciones para un sistema p\u00fablico universal, gratuito y de calidad que garantice el acceso al derecho constitucional a la salud de nuestras poblaciones.<\/p>\n<p>En esa l\u00ednea, en C\u00f3rdoba se llev\u00f3 a cabo <a href=\"https:\/\/ctacordoba.org\/2017\/11\/17\/se-reunio-en-cta-el-movimiento-por-el-derecho-a-la-salud-para-organizar-el-rechazo-a-la-cus-en-cordoba\/\">una reuni\u00f3n<\/a> del Movimiento por el Derecho a la Salud en la CTA Aut\u00f3noma de C\u00f3rdoba, con la presencia de sectores representativos de la salud p\u00fablica en la provincia.&nbsp;<\/p>\n<p><strong>En R\u00edo Ceballos<\/strong><\/p>\n<p>Por otro lado, el pasado 10 de noviembre se llev\u00f3 a cabo la charla sobre la CUS&nbsp;en la localidad de R\u00edo Ceballos, dictada por la compa\u00f1era Raquel Pizzirussi, integrante del equipo de la Secretaria de Formaci\u00f3n del CDP.<\/p>\n<p><img loading=\"lazy\" decoding=\"async\" class=\"aligncenter size-full wp-image-9336\" src=\"http:\/\/www.atecordoba.org\/wp-content\/uploads\/2017\/11\/rio-ceballos-e1511272882787.jpg\" alt=\"\" width=\"550\" height=\"310\"><\/p>\n<p>Se trat\u00f3 de una actividad con gran respuesta de los compa\u00f1eros de las Sierras Chicas, y cont\u00f3 con la presencia del secretario de Interior del CDP, Alejandro Mur\u00faa.<\/p>\n<p>La reforma constituye parte fundamental de la pol\u00edtica de salud del Gobierno Nacional que fuera presentada como \u201cmodernizaci\u00f3n del sistema de salud p\u00fablica que busca que el mismo sea m\u00e1s equitativo\u201d y que, a decir verdad, apunta a la privatizaci\u00f3n encubierta del sistema sanitario p\u00fablico.<\/p>\n<p>ATE lleva adelante desde hace meses en todo el pa\u00eds la campa\u00f1a \u201cNO A LA CUS\u201d con la intenci\u00f3n de aportar al esclarecimiento y la sensibilizaci\u00f3n frente a la canasta b\u00e1sica de prestaciones con la que se pretende reemplazar el derecho a la salud. Por ello el grupo de compa\u00f1eros, que est\u00e1 promoviendo la conformaci\u00f3n de la Seccional C\u00f3rdoba Norte, organiz\u00f3 esta actividad.<\/p>\n<p>Pizzirussi describi\u00f3 como \u201cla canasta\u201d a aquellos servicios que la podr\u00e1n brindar tanto los Hospitales como los privados, transfiriendo o direccionando por esta v\u00eda los fondos de la salud p\u00fablica a los sectores de la especulaci\u00f3n y el negocio de la enfermedad, seg\u00fan describi\u00f3 la compa\u00f1era.<\/p>\n<p>Los cuestionamientos de ATE, elaborados por un equipo que viene trabajando hace a\u00f1os en temas sociosanitarios, apuntan tambi\u00e9n a que el plan generar\u00e1 un esquema de organizaci\u00f3n del sistema que favorezca las formas de precarizaci\u00f3n de las trabajadoras y trabajadores, achicando planteles, ofreciendo otras formas de pago, como c\u00e1pitas, rendimientos, etc\u00e9tera. \u201cEn definitiva, debilitar el rol del Estado asimilando las recetas neoliberales del Estado M\u00ednimo\u201d, describi\u00f3 la compa\u00f1era.<\/p>\n<p>\u201cDesde ATE&nbsp; entendemos que la CUS es un golpe al derecho a la salud, al acceso universal y a la estabilidad de los trabajadores y trabajadoras y decirle NO a la CUS es una forma de preservar el Sistema P\u00fablico, a sus trabajadores y la equidad en la atenci\u00f3n\u201d, concluy\u00f3.<\/p>\n<p>La campa\u00f1a consta de una masificaci\u00f3n de documentos explicativos, videos, difusi\u00f3n en la redes bajo el hashtag #NOALACUS y talleres en la provincias y en las seccionales.<\/p>\n<p>&nbsp;<\/p>\n<p>Mayor informaci\u00f3n en:<\/p>\n<p>&nbsp;<\/p>\n<p>https:\/\/www.youtube.com\/watch? v=BpAVIkpTy28&amp;feature=youtu.be<\/p>\n","protected":false},"excerpt":{"rendered":"<p>El&nbsp;Instituto de Estudios sobre Pol\u00edticas sobre la Salud P\u00fablica alert\u00f3 frente a la pretensi\u00f3n del Gobierno Nacional de&nbsp;retroceder en a los avances conquistados por la lucha del campo de la Salud Mental de la Argentina. Un taller en R\u00edo Ceballos sobre la problem\u00e1tica convoc\u00f3 a numerosos compa\u00f1eros de las Sierras Chicas. Con la firma Celina [&hellip;]<\/p>\n","protected":false},"author":1,"featured_media":19220,"comment_status":"open","ping_status":"open","sticky":false,"template":"","format":"standard","meta":{"_exactmetrics_skip_tracking":false,"_exactmetrics_sitenote_active":false,"_exactmetrics_sitenote_note":"","_exactmetrics_sitenote_category":0,"jnews-multi-image_gallery":[],"jnews_single_post":[],"jnews_primary_category":[],"jnews_social_meta":[],"jnews_review":[],"enable_review":"","type":"","name":"","summary":"","brand":"","sku":"","good":[],"bad":[],"score_override":"","override_value":"","rating":[],"price":[],"jnews_override_counter":[],"jnews_post_split":[],"footnotes":""},"categories":[102],"tags":[],"class_list":["post-9334","post","type-post","status-publish","format-standard","has-post-thumbnail","hentry","category-salud-2"],"jetpack_featured_media_url":"https:\/\/atecordoba.org\/wp-content\/uploads\/2020\/05\/logo-nuevochico-e1561581322808.png","_links":{"self":[{"href":"https:\/\/atecordoba.org\/index.php?rest_route=\/wp\/v2\/posts\/9334","targetHints":{"allow":["GET"]}}],"collection":[{"href":"https:\/\/atecordoba.org\/index.php?rest_route=\/wp\/v2\/posts"}],"about":[{"href":"https:\/\/atecordoba.org\/index.php?rest_route=\/wp\/v2\/types\/post"}],"author":[{"embeddable":true,"href":"https:\/\/atecordoba.org\/index.php?rest_route=\/wp\/v2\/users\/1"}],"replies":[{"embeddable":true,"href":"https:\/\/atecordoba.org\/index.php?rest_route=%2Fwp%2Fv2%2Fcomments&post=9334"}],"version-history":[{"count":0,"href":"https:\/\/atecordoba.org\/index.php?rest_route=\/wp\/v2\/posts\/9334\/revisions"}],"wp:featuredmedia":[{"embeddable":true,"href":"https:\/\/atecordoba.org\/index.php?rest_route=\/wp\/v2\/media\/19220"}],"wp:attachment":[{"href":"https:\/\/atecordoba.org\/index.php?rest_route=%2Fwp%2Fv2%2Fmedia&parent=9334"}],"wp:term":[{"taxonomy":"category","embeddable":true,"href":"https:\/\/atecordoba.org\/index.php?rest_route=%2Fwp%2Fv2%2Fcategories&post=9334"},{"taxonomy":"post_tag","embeddable":true,"href":"https:\/\/atecordoba.org\/index.php?rest_route=%2Fwp%2Fv2%2Ftags&post=9334"}],"curies":[{"name":"wp","href":"https:\/\/api.w.org\/{rel}","templated":true}]}}