{"id":9331,"date":"2017-11-21T11:02:17","date_gmt":"2017-11-21T14:02:17","guid":{"rendered":"http:\/\/www.atecordoba.org\/?p=9331"},"modified":"2017-11-21T11:02:17","modified_gmt":"2017-11-21T14:02:17","slug":"no-a-la-privatizacion-de-dioxitek-y-demas-empresas-de-energia","status":"publish","type":"post","link":"https:\/\/atecordoba.org\/?p=9331","title":{"rendered":"No a la privatizaci\u00f3n de Dioxitek y dem\u00e1s empresas de energ\u00eda"},"content":{"rendered":"<p><em>ATE rechaza el decreto le transfiere el 51% de las acciones de Dioxitek SA, hasta hoy en manos CNEA, al Ministerio de Energ\u00eda, antesala de su privatizaci\u00f3n.<\/em><\/p>\n<p><img loading=\"lazy\" decoding=\"async\" class=\"aligncenter size-full wp-image-9332\" src=\"http:\/\/www.atecordoba.org\/wp-content\/uploads\/2017\/11\/planta-e1511272237554.jpg\" alt=\"\" width=\"550\" height=\"568\"><\/p>\n<p>A trav\u00e9s de del Decreto N\u00b0 882\/2017 firmado por el Presidente Macri, el Jefe de Gabinete Pe\u00f1a y el Ministro de Energ\u00eda Aranguren,&nbsp;el Gobierno Nacional tom\u00f3 la decisi\u00f3n de avanzar en la privatizaci\u00f3n de varias empresas de energ\u00eda, entre las que est\u00e1 Dioxitek SA.<\/p>\n<p>El decreto le transfiere el 51% de las acciones de Dioxitek SA, hasta hoy en manos CNEA, al Ministerio de Energ\u00eda iniciando un proceso de privatizaci\u00f3n en el \u00e1rea energ\u00e9tica.<\/p>\n<p>Dioxitek S.A. es la \u00fanica empresa nacional que produce el polvo de di\u00f3xido de uranio que requieren las centrales nucleares y los reactores de investigaci\u00f3n en nuestro pa\u00eds.<\/p>\n<p>Para los trabajadores de ATE en el \u00e1rea \u201cesta decisi\u00f3n profundiza el desguace de la CNEA, pone en riesgo las capacidades de producci\u00f3n de Dioxitek SA, le abre la puerta a la privatizaci\u00f3n de NA-SA y puede terminar en cientos de despidos\u201d.<\/p>\n<p>Por esta situaci\u00f3n trabajadores, gremios y sindicatos del sector de energ\u00eda se declararon en estado de alerta permanente y resolvieron coordinare acciones en lo inmediato.<\/p>\n","protected":false},"excerpt":{"rendered":"<p>ATE rechaza el decreto le transfiere el 51% de las acciones de Dioxitek SA, hasta hoy en manos CNEA, al Ministerio de Energ\u00eda, antesala de su privatizaci\u00f3n. A trav\u00e9s de del Decreto N\u00b0 882\/2017 firmado por el Presidente Macri, el Jefe de Gabinete Pe\u00f1a y el Ministro de Energ\u00eda Aranguren,&nbsp;el Gobierno Nacional tom\u00f3 la decisi\u00f3n [&hellip;]<\/p>\n","protected":false},"author":1,"featured_media":19220,"comment_status":"open","ping_status":"open","sticky":false,"template":"","format":"standard","meta":{"_exactmetrics_skip_tracking":false,"_exactmetrics_sitenote_active":false,"_exactmetrics_sitenote_note":"","_exactmetrics_sitenote_category":0,"jnews-multi-image_gallery":[],"jnews_single_post":[],"jnews_primary_category":[],"jnews_social_meta":[],"jnews_review":[],"enable_review":"","type":"","name":"","summary":"","brand":"","sku":"","good":[],"bad":[],"score_override":"","override_value":"","rating":[],"price":[],"jnews_override_counter":[],"jnews_post_split":[],"footnotes":""},"categories":[135],"tags":[],"class_list":["post-9331","post","type-post","status-publish","format-standard","has-post-thumbnail","hentry","category-dioxitek"],"jetpack_featured_media_url":"https:\/\/atecordoba.org\/wp-content\/uploads\/2020\/05\/logo-nuevochico-e1561581322808.png","_links":{"self":[{"href":"https:\/\/atecordoba.org\/index.php?rest_route=\/wp\/v2\/posts\/9331","targetHints":{"allow":["GET"]}}],"collection":[{"href":"https:\/\/atecordoba.org\/index.php?rest_route=\/wp\/v2\/posts"}],"about":[{"href":"https:\/\/atecordoba.org\/index.php?rest_route=\/wp\/v2\/types\/post"}],"author":[{"embeddable":true,"href":"https:\/\/atecordoba.org\/index.php?rest_route=\/wp\/v2\/users\/1"}],"replies":[{"embeddable":true,"href":"https:\/\/atecordoba.org\/index.php?rest_route=%2Fwp%2Fv2%2Fcomments&post=9331"}],"version-history":[{"count":0,"href":"https:\/\/atecordoba.org\/index.php?rest_route=\/wp\/v2\/posts\/9331\/revisions"}],"wp:featuredmedia":[{"embeddable":true,"href":"https:\/\/atecordoba.org\/index.php?rest_route=\/wp\/v2\/media\/19220"}],"wp:attachment":[{"href":"https:\/\/atecordoba.org\/index.php?rest_route=%2Fwp%2Fv2%2Fmedia&parent=9331"}],"wp:term":[{"taxonomy":"category","embeddable":true,"href":"https:\/\/atecordoba.org\/index.php?rest_route=%2Fwp%2Fv2%2Fcategories&post=9331"},{"taxonomy":"post_tag","embeddable":true,"href":"https:\/\/atecordoba.org\/index.php?rest_route=%2Fwp%2Fv2%2Ftags&post=9331"}],"curies":[{"name":"wp","href":"https:\/\/api.w.org\/{rel}","templated":true}]}}