{"id":9324,"date":"2017-11-21T10:34:36","date_gmt":"2017-11-21T13:34:36","guid":{"rendered":"http:\/\/www.atecordoba.org\/?p=9324"},"modified":"2020-06-09T15:38:53","modified_gmt":"2020-06-09T18:38:53","slug":"ate-presente-en-la-marcha-del-orgullo-y-la-diversidad","status":"publish","type":"post","link":"https:\/\/atecordoba.org\/?p=9324","title":{"rendered":"ATE presente en la marcha del orgullo y la diversidad"},"content":{"rendered":"<p><em>Nuestro gremio apoy\u00f3 la manifestaci\u00f3n para terminar con la discriminaci\u00f3n y los cr\u00edmenes de odio hacia las identidades diferentes.<\/em><\/p>\n<p><img loading=\"lazy\" decoding=\"async\" class=\"aligncenter size-full wp-image-9325\" src=\"http:\/\/atecordoba.org\/wp-content\/uploads\/2020\/06\/marcha-diversos-e1511271241972.jpg\" alt=\"\" width=\"550\" height=\"413\"><\/p>\n<p>El Consejo Directivo Provincial de ATE saluda la multitudinaria movilizaci\u00f3n que la semana pasada se vivi\u00f3 en C\u00f3rdoba por la 9\u00aa Marcha del Orgullo y la Diversidad y felicita a los compa\u00f1erxs que participaron en la misma, remarcando nuestro compromiso con el respeto a la diversidad y por la igualdad de acceso a todos los derechos pol\u00edticos, sociales, econ\u00f3micos y culturales para todos.<\/p>\n<p>A trav\u00e9s de la presencia del delegado de Parques Nacionales, Leonardo Barros Caro, que form\u00f3 parte de la organizaci\u00f3n de la marcha, ATE refrenda nuestro compromiso por la causa de la diversidad y hace extensivo su compromiso a todos los estatales que puedan sufrir alg\u00fan tipo de discriminaci\u00f3n debido a su elecci\u00f3n sexual.<\/p>\n<p>En tal sentido entendemos como fundamental para el Estado el cumplimiento de la normativa de igualdad que lo regula, como la inclusi\u00f3n laboral de las personas trans con su consiguiente cumplimiento del cupo, la plena aplicaci\u00f3n de la ley de identidad de g\u00e9nero en la provincia asi como la adhesi\u00f3n a la ley de fertilizaci\u00f3n asistida.<\/p>\n<p>\u201cA&nbsp;tres a\u00f1os de la quita de la figura de \u201cGestaci\u00f3n por sustituci\u00f3n\u201d del nuevo C\u00f3digo Civil y Comercial, no queremos dejar de insistir en la necesidad y la urgencia de la regulaci\u00f3n de esta pr\u00e1ctica cuya invisibilizaci\u00f3n y falta de regulaci\u00f3n s\u00f3lo contribuye a la estigmatizaci\u00f3n de las familias, a la judicializaci\u00f3n de los casos y a una nueva forma de obst\u00e1culo sobre la libertad del cuerpo de las personas gestantes\u201d, dijo desde el escenario el compa\u00f1ero Barros Caro durante el acto.<\/p>\n<p>La aplicaci\u00f3n de la ley de educaci\u00f3n sexual es otro de los reclamos que ATE hace propio, entre otros puntos que marc\u00f3 esta movilizaci\u00f3n, que los estatales reivindicamos con orgullo.<\/p>\n","protected":false},"excerpt":{"rendered":"<p>Nuestro gremio apoy\u00f3 la manifestaci\u00f3n para terminar con la discriminaci\u00f3n y los cr\u00edmenes de odio hacia las identidades diferentes. El Consejo Directivo Provincial de ATE saluda la multitudinaria movilizaci\u00f3n que la semana pasada se vivi\u00f3 en C\u00f3rdoba por la 9\u00aa Marcha del Orgullo y la Diversidad y felicita a los compa\u00f1erxs que participaron en la [&hellip;]<\/p>\n","protected":false},"author":1,"featured_media":19220,"comment_status":"open","ping_status":"open","sticky":false,"template":"","format":"standard","meta":{"_exactmetrics_skip_tracking":false,"_exactmetrics_sitenote_active":false,"_exactmetrics_sitenote_note":"","_exactmetrics_sitenote_category":0,"jnews-multi-image_gallery":[],"jnews_single_post":[],"jnews_primary_category":[],"jnews_social_meta":[],"jnews_review":[],"enable_review":"","type":"","name":"","summary":"","brand":"","sku":"","good":[],"bad":[],"score_override":"","override_value":"","rating":[],"price":[],"jnews_override_counter":[],"jnews_post_split":[],"footnotes":""},"categories":[10,325],"tags":[],"class_list":["post-9324","post","type-post","status-publish","format-standard","has-post-thumbnail","hentry","category-accion-politica","category-generos-y-diversidades"],"jetpack_featured_media_url":"https:\/\/atecordoba.org\/wp-content\/uploads\/2020\/05\/logo-nuevochico-e1561581322808.png","_links":{"self":[{"href":"https:\/\/atecordoba.org\/index.php?rest_route=\/wp\/v2\/posts\/9324","targetHints":{"allow":["GET"]}}],"collection":[{"href":"https:\/\/atecordoba.org\/index.php?rest_route=\/wp\/v2\/posts"}],"about":[{"href":"https:\/\/atecordoba.org\/index.php?rest_route=\/wp\/v2\/types\/post"}],"author":[{"embeddable":true,"href":"https:\/\/atecordoba.org\/index.php?rest_route=\/wp\/v2\/users\/1"}],"replies":[{"embeddable":true,"href":"https:\/\/atecordoba.org\/index.php?rest_route=%2Fwp%2Fv2%2Fcomments&post=9324"}],"version-history":[{"count":1,"href":"https:\/\/atecordoba.org\/index.php?rest_route=\/wp\/v2\/posts\/9324\/revisions"}],"predecessor-version":[{"id":19968,"href":"https:\/\/atecordoba.org\/index.php?rest_route=\/wp\/v2\/posts\/9324\/revisions\/19968"}],"wp:featuredmedia":[{"embeddable":true,"href":"https:\/\/atecordoba.org\/index.php?rest_route=\/wp\/v2\/media\/19220"}],"wp:attachment":[{"href":"https:\/\/atecordoba.org\/index.php?rest_route=%2Fwp%2Fv2%2Fmedia&parent=9324"}],"wp:term":[{"taxonomy":"category","embeddable":true,"href":"https:\/\/atecordoba.org\/index.php?rest_route=%2Fwp%2Fv2%2Fcategories&post=9324"},{"taxonomy":"post_tag","embeddable":true,"href":"https:\/\/atecordoba.org\/index.php?rest_route=%2Fwp%2Fv2%2Ftags&post=9324"}],"curies":[{"name":"wp","href":"https:\/\/api.w.org\/{rel}","templated":true}]}}