{"id":9314,"date":"2017-11-15T15:21:10","date_gmt":"2017-11-15T18:21:10","guid":{"rendered":"http:\/\/www.atecordoba.org\/?p=9314"},"modified":"2017-11-15T15:21:10","modified_gmt":"2017-11-15T18:21:10","slug":"paro-nacional-de-ate-el-6-de-diciembre-todos-contra-la-reforma-laboral","status":"publish","type":"post","link":"https:\/\/atecordoba.org\/?p=9314","title":{"rendered":"Paro Nacional de ATE: el 6 de diciembre todos contra la Reforma Laboral"},"content":{"rendered":"<p><em>En un marco de unidad con organizaciones que integran la CTA-A, ATE convoca a un paro nacional ante la reforma laboral que intenta implementar el gobierno nacional.<\/em><\/p>\n<p>&nbsp;<\/p>\n<p><img loading=\"lazy\" decoding=\"async\" class=\"aligncenter size-full wp-image-9261\" src=\"http:\/\/www.atecordoba.org\/wp-content\/uploads\/2017\/11\/11035_6291-e1509983897422.jpg\" alt=\"\" width=\"550\" height=\"367\"><\/p>\n<p>La medida se resolvi\u00f3 ayer en la reuni\u00f3n llevada a cabo en la sede nacional de ATE donde participaron los gremios de la CTA Aut\u00f3noma: Fesprosa, AAPM, docentes universitarios enrolados en la Conadu Hist\u00f3rica, CICOP, Ademys, Trabajadores del Cuero, UCRA, SUTNA, AGD-UBA. Todas las organizaciones iremos en conjunto a la medida de fuerza, ante la seguridad que derivar\u00e1 en m\u00e1s precariedad laboral, reducci\u00f3n de salarios, de aportes de seguridad social y despidos.<\/p>\n<p>Tambi\u00e9n participaron de la reuni\u00f3n y confirmaron su presencia para la jornada nacional de lucha los gremios de Aceiteros, Sipreba (prensa Capital Federal), los trabajadores ferroviarios de la l\u00ednea Sarmiento que encabeza Rub\u00e9n Dar\u00edo &#8220;Pollo&#8221; Sobrero, la Asociaci\u00f3n de Abogados Laboralistas, Sitraic, y las juntas internas de FOETRA, Alimentaci\u00f3n y Pepsico.<\/p>\n<p>Adem\u00e1s, estuvieron presentes las organizaciones sociales Barrios de Pie, CTEP y la Corriente Clasista Combativa quienes tambi\u00e9n se movilizar\u00e1n el pr\u00f3ximo 6 de diciembre.<\/p>\n<p>En dicha reuni\u00f3n, se consensu\u00f3 un documento contra el atropello de parte del Gobierno hacia todos los sectores de trabajadores.<\/p>\n<p>Finalmente la conducci\u00f3n nacional resolvi\u00f3 movilizar tambi\u00e9n el d\u00eda que se trate la reforma en el Congreso de la Naci\u00f3n, en tanto el Consejo Directivo Provincial C\u00f3rdoba tendr\u00e1 su propia modalidad de protesta, al igual que otras provincias del pa\u00eds.<\/p>\n<p>En tal sentido, para el pr\u00f3ximo jueves 23 del corriente est\u00e1 convocado un plenario conjunto de delegados nacionales, provinciales y municipales, de cara a la preparaci\u00f3n de la medida de fuerzan, en la sede del CDP, Entre R\u00edos 450, a partir de las 10 horas.<\/p>\n<p>&nbsp;<\/p>\n<p style=\"text-align: right;\">Mar\u00eda Liliana Salerno<\/p>\n<p style=\"text-align: right;\">Secretaria General<\/p>\n","protected":false},"excerpt":{"rendered":"<p>En un marco de unidad con organizaciones que integran la CTA-A, ATE convoca a un paro nacional ante la reforma laboral que intenta implementar el gobierno nacional. &nbsp; La medida se resolvi\u00f3 ayer en la reuni\u00f3n llevada a cabo en la sede nacional de ATE donde participaron los gremios de la CTA Aut\u00f3noma: Fesprosa, AAPM, [&hellip;]<\/p>\n","protected":false},"author":1,"featured_media":19220,"comment_status":"open","ping_status":"open","sticky":false,"template":"","format":"standard","meta":{"_exactmetrics_skip_tracking":false,"_exactmetrics_sitenote_active":false,"_exactmetrics_sitenote_note":"","_exactmetrics_sitenote_category":0,"jnews-multi-image_gallery":[],"jnews_single_post":[],"jnews_primary_category":[],"jnews_social_meta":[],"jnews_review":[],"enable_review":"","type":"","name":"","summary":"","brand":"","sku":"","good":[],"bad":[],"score_override":"","override_value":"","rating":[],"price":[],"jnews_override_counter":[],"jnews_post_split":[],"footnotes":""},"categories":[21],"tags":[],"class_list":["post-9314","post","type-post","status-publish","format-standard","has-post-thumbnail","hentry","category-paro-nacional"],"jetpack_featured_media_url":"https:\/\/atecordoba.org\/wp-content\/uploads\/2020\/05\/logo-nuevochico-e1561581322808.png","_links":{"self":[{"href":"https:\/\/atecordoba.org\/index.php?rest_route=\/wp\/v2\/posts\/9314","targetHints":{"allow":["GET"]}}],"collection":[{"href":"https:\/\/atecordoba.org\/index.php?rest_route=\/wp\/v2\/posts"}],"about":[{"href":"https:\/\/atecordoba.org\/index.php?rest_route=\/wp\/v2\/types\/post"}],"author":[{"embeddable":true,"href":"https:\/\/atecordoba.org\/index.php?rest_route=\/wp\/v2\/users\/1"}],"replies":[{"embeddable":true,"href":"https:\/\/atecordoba.org\/index.php?rest_route=%2Fwp%2Fv2%2Fcomments&post=9314"}],"version-history":[{"count":0,"href":"https:\/\/atecordoba.org\/index.php?rest_route=\/wp\/v2\/posts\/9314\/revisions"}],"wp:featuredmedia":[{"embeddable":true,"href":"https:\/\/atecordoba.org\/index.php?rest_route=\/wp\/v2\/media\/19220"}],"wp:attachment":[{"href":"https:\/\/atecordoba.org\/index.php?rest_route=%2Fwp%2Fv2%2Fmedia&parent=9314"}],"wp:term":[{"taxonomy":"category","embeddable":true,"href":"https:\/\/atecordoba.org\/index.php?rest_route=%2Fwp%2Fv2%2Fcategories&post=9314"},{"taxonomy":"post_tag","embeddable":true,"href":"https:\/\/atecordoba.org\/index.php?rest_route=%2Fwp%2Fv2%2Ftags&post=9314"}],"curies":[{"name":"wp","href":"https:\/\/api.w.org\/{rel}","templated":true}]}}