{"id":9308,"date":"2017-11-10T15:13:52","date_gmt":"2017-11-10T18:13:52","guid":{"rendered":"http:\/\/www.atecordoba.org\/?p=9308"},"modified":"2017-11-10T15:13:52","modified_gmt":"2017-11-10T18:13:52","slug":"carpa-por-el-aumento-de-presupuesto-para-la-universidad-ciencia-y-tecnologia-frente-al-congreso-nacional","status":"publish","type":"post","link":"https:\/\/atecordoba.org\/?p=9308","title":{"rendered":"Carpa por el aumento de presupuesto para la Universidad, Ciencia y Tecnolog\u00eda frente al Congreso nacional"},"content":{"rendered":"<p><em>ATE particip\u00f3 de la instalaci\u00f3n con a la CONADU, la CONADU-H, docentes, auxiliares de educaci\u00f3n, investigadores y estudiantes. El conflicto lleva buena parte de la gesti\u00f3n macrista, sin que el gobierno nacional se avenga revertir el ajuste sobre el sector.<\/em><\/p>\n<p><img loading=\"lazy\" decoding=\"async\" class=\"aligncenter size-full wp-image-9309\" src=\"http:\/\/www.atecordoba.org\/wp-content\/uploads\/2017\/11\/carpa-conicet-e1510337598319.jpg\" alt=\"\" width=\"550\" height=\"339\"><\/p>\n<p>En los anuncios del Gobierno de Macri sobre ajuste, recorte y reforma en el Estado, algunos de los sectores principalmente amenazados fueron los de Universidades, Ciencia y Tecnolog\u00eda. El pasado 30 de octubre el Presidente Macri, afirm\u00f3 que hubo \u201cun incremento de un 30 por ciento\u201d de trabajadores en las plantas de las universidades y \u201cque eso no se condice\u201d con la cifra de 13 por ciento de graduados durante el mismo per\u00edodo. Consistente con esas palabras presidenciales, el presupuesto presentado al Congreso de la Naci\u00f3n para el a\u00f1o 2018 prev\u00e9 un recorte de millones de d\u00f3lares para el financiamiento asignado a las Universidades, a la Ciencia y a la Tecnolog\u00eda.<\/p>\n<p>Para enfrentar semejante ataque a la soberan\u00eda nacional, ATE particip\u00f3 hoy, junto a docentes, auxiliares de educaci\u00f3n, investigadores, estudiantes y dirigentes de la CONADU y la CONADU Hist\u00f3rica, entre otras organizaciones, en la instalaci\u00f3n de la \u2018Carpa por el Aumento de Presupuesto para la Universidad, Ciencia y Tecnolog\u00eda\u2019 frente al Congreso de la Naci\u00f3n.<\/p>\n<p>Durante una conferencia de prensa llevada a cabo en la Carpa, el Secretario General de ATE Nacional, Hugo \u2018Cachorro\u2019 Godoy, manifest\u00f3: \u201cPara los trabajadores y trabajadoras del CONICET, para los llamados no docentes -que son trabajadores auxiliares de la educaci\u00f3n en las universidades p\u00fablicas-, y para los de ciencia y t\u00e9cnica, que est\u00e1n nucleados todos ellos en nuestra organizaci\u00f3n, la Asociaci\u00f3n Trabajadores del Estado, es una satisfacci\u00f3n y al mismo tiempo un desaf\u00edo compartir solidariamente este pliego de reivindicaciones y este documento pol\u00edtico en conjunto con distintas organizaciones docentes, universitarias, estudiantiles y de ciencia y t\u00e9cnica\u201d.<\/p>\n<p>\u201cEntendemos que este es un momento en el que la ofensiva de los sectores del capital pretende reducir salarios, reducir condiciones laborales, perpetuar condiciones de precariedad laboral, de subocupaci\u00f3n y de desocupaci\u00f3n, y transferir las riquezas de nuestro pa\u00eds a los sectores de las empresas transnacionales a trav\u00e9s de varias reformas como la de la ley de trabajo, o la reforma educativa, la del sistema sanitario\u201d, agreg\u00f3 Godoy.<\/p>\n<p>\u201cNosotros peleamos no solamente porque estamos en contra de estas reformas de tercera generaci\u00f3n, elaboradas en los \u00e1mbitos de las empresas transnacionales del FMI y del Banco Mundial, sino que tambi\u00e9n peleamos porque tenemos propuestas. Peleamos por un Estado al servicio de las mayor\u00edas populares. Peleamos por una universidad, por un sistema educativo en su conjunto y por un sistema sanitario al servicio del pueblo. Es necesario que podamos construir para fines de noviembre o principios de diciembre una medida de acci\u00f3n que exprese en las calles de todo el territorio nacional estas posiciones que como trabajadores y trabajadoras tenemos\u201d, llam\u00f3 el dirigente nacional de ATE.<\/p>\n<p>Por su parte, Jimena Romero, Delegada de ATE en la Universidad de Quilmes, asegur\u00f3: \u201cLos trabajadores y trabajadoras de las universidades nacionales venimos a sumarnos a este gran frente que se est\u00e1 construyendo en defensa de la Universidad, la Ciencia y la Tecnolog\u00eda, por un presupuesto que realmente nos deje funcionar y crecer en un pa\u00eds en el que creemos que la \u00fanica salida que tenemos es la de apostar al crecimiento de la educaci\u00f3n p\u00fablica por sobre todas las cosas. Uno de nuestros lemas es \u2018Universidades del pueblo y para el pueblo\u2019, por eso los trabajadores tenemos que garantizarnos que no se vulneren nuestros derechos. El Presidente Macri eligi\u00f3 a las universidades como un ejemplo y las puso primeras en la lista de recorte de gastos. Nosotros le decimos al Presidente que esto no va a pasar, que lo vamos a enfrentar en la calle y que los trabajadores no vamos a permitir ni que se vulneren nuestros derechos, ni que se recorte el presupuesto de la universidad p\u00fablica\u201d.<\/p>\n<p>Flavio Sives, Delegado de ATE CONICET, explic\u00f3: \u201cLos trabajadores del CONICET entendemos que el ajuste en Ciencia es p\u00e9rdida de soberan\u00eda, es p\u00e9rdida de autonom\u00eda nacional, es p\u00e9rdida de capacidad productiva, es desintegraci\u00f3n nacional. Entonces no podemos m\u00e1s que defender al sector, no en una defensa sectaria o corporativa, sino desde una defensa de la liberaci\u00f3n nacional, en un proyecto de integraci\u00f3n con el MERCOSUR y con Latinoam\u00e9rica, en un proyecto que nos lleve como pa\u00eds hacia la unidad. Por eso, decimos nuevamente que no al ajuste\u201d.<\/p>\n<p>Finalmente, Rodolfo Kempf, Delegado de ATE CNEA, dijo: \u201cDesde la Comisi\u00f3n de Energ\u00eda At\u00f3mica venimos a solidarizarnos con los docentes universitarios, con el movimiento estudiantil, con otros sectores de ciencia y tecnolog\u00eda, como los j\u00f3venes cient\u00edficos precarizados, con las Juntas Internas y Delegados de ATE de CONICET, del INTA, del INTI, del Instituto Ant\u00e1rtico, y con un sinn\u00famero de compa\u00f1eros y compa\u00f1eras de la estructura de ciencia y tecnolog\u00eda que habita en el Estado. Aqu\u00ed estamos, haciendo s\u00edntesis popular, reagrupando fuerzas y tratando de generar un solo pu\u00f1o que golpee y derrote al ajuste de este Gobierno\u201d.<\/p>\n<p>En un documento, desde la \u2018Carpa por el Aumento de Presupuesto para la Universidad, Ciencia y Tecnolog\u00eda\u2019 se plante\u00f3 lo siguiente:<\/p>\n<p>Los trabajadores y trabajadoras de la Universidad y la Ciencia nos convocamos para decir que seguiremos luchando para defender una ciencia y una universidad comprometidas con los intereses populares. Exigimos un incremento del presupuesto que garantice la continuidad de los programas p\u00fablicos de investigaci\u00f3n y de ense\u00f1anza del sistema nacional de Ciencia, Tecnolog\u00eda y Universidad. Por todo lo expresado, las entidades abajo firmantes venimos a exigir:<\/p>\n<ol>\n<li>Un aumento sustancial del presupuesto de Ciencia, tecnolog\u00eda y universidad que garantice mayores salarios y normalidad en las actividades de investigaci\u00f3n, educaci\u00f3n y extensi\u00f3n de todos los organismos de CyT y de la Universidad p\u00fablica.<\/li>\n<li>Apertura de paritarias en el sistema cient\u00edfico y el fin de la precarizaci\u00f3n laboral en ciencia y Universidad.<\/li>\n<li>Rechazo a la derogaci\u00f3n de los Art\u00edculos 8 y 12 que garantizan la autarqu\u00eda de los organismos de Ciencia y Tecnolog\u00eda y Universidad.<\/li>\n<li>Cese de las pol\u00edticas que atacan el acceso y la permanencia de los estudiantes. Por un boleto educativo universal y gratuito. Incremento de las becas estudiantiles en cantidad y en monto.<\/li>\n<li>El cumplimiento efectivo del Convenio Colectivo de Trabajo de los docentes universitarios en todas las universidades nacionales.<\/li>\n<li>Derogaci\u00f3n de la Ley de Educaci\u00f3n Superior menemista y su reemplazo por una nueva que garantice la ense\u00f1anza, la investigaci\u00f3n, la extensi\u00f3n universitaria, el ingreso irrestricto y la gratuidad. Por una Universidad al servicio de las grandes mayor\u00edas nacionales.<\/li>\n<li>El fin de la criminalizaci\u00f3n de la protesta social, la derogaci\u00f3n del protocolo represivo, la Ley Antiterrorista y el desprocesamiento de los luchadores populares. Juicio y castigo a los responsables de la desaparici\u00f3n forzada y asesinato de Santiago Maldonado.<\/li>\n<li>Libertad a Milagro Salas, Facundo Jones Huala y a todos los presos por luchar.<\/li>\n<li>No al uso ilegal de la prisi\u00f3n preventiva, que redunda en encarcelamiento por motivos pol\u00edticos.<\/li>\n<li>No a las reformas laboral, previsional y antieducativa.<\/li>\n<li>Exigimos el cese de los despidos y la inmediata reincorporaci\u00f3n de los cesanteados.<\/li>\n<\/ol>\n<p>No al ajuste en Ciencia, Tecnolog\u00eda y Universidad.<\/p>\n<p>Por la defensa de los derechos de todos los trabajadores activos y jubilados.<\/p>\n","protected":false},"excerpt":{"rendered":"<p>ATE particip\u00f3 de la instalaci\u00f3n con a la CONADU, la CONADU-H, docentes, auxiliares de educaci\u00f3n, investigadores y estudiantes. El conflicto lleva buena parte de la gesti\u00f3n macrista, sin que el gobierno nacional se avenga revertir el ajuste sobre el sector. En los anuncios del Gobierno de Macri sobre ajuste, recorte y reforma en el Estado, [&hellip;]<\/p>\n","protected":false},"author":1,"featured_media":19220,"comment_status":"open","ping_status":"open","sticky":false,"template":"","format":"standard","meta":{"_exactmetrics_skip_tracking":false,"_exactmetrics_sitenote_active":false,"_exactmetrics_sitenote_note":"","_exactmetrics_sitenote_category":0,"jnews-multi-image_gallery":[],"jnews_single_post":[],"jnews_primary_category":[],"jnews_social_meta":[],"jnews_review":[],"enable_review":"","type":"","name":"","summary":"","brand":"","sku":"","good":[],"bad":[],"score_override":"","override_value":"","rating":[],"price":[],"jnews_override_counter":[],"jnews_post_split":[],"footnotes":""},"categories":[105],"tags":[],"class_list":["post-9308","post","type-post","status-publish","format-standard","has-post-thumbnail","hentry","category-conicet"],"jetpack_featured_media_url":"https:\/\/atecordoba.org\/wp-content\/uploads\/2020\/05\/logo-nuevochico-e1561581322808.png","_links":{"self":[{"href":"https:\/\/atecordoba.org\/index.php?rest_route=\/wp\/v2\/posts\/9308","targetHints":{"allow":["GET"]}}],"collection":[{"href":"https:\/\/atecordoba.org\/index.php?rest_route=\/wp\/v2\/posts"}],"about":[{"href":"https:\/\/atecordoba.org\/index.php?rest_route=\/wp\/v2\/types\/post"}],"author":[{"embeddable":true,"href":"https:\/\/atecordoba.org\/index.php?rest_route=\/wp\/v2\/users\/1"}],"replies":[{"embeddable":true,"href":"https:\/\/atecordoba.org\/index.php?rest_route=%2Fwp%2Fv2%2Fcomments&post=9308"}],"version-history":[{"count":0,"href":"https:\/\/atecordoba.org\/index.php?rest_route=\/wp\/v2\/posts\/9308\/revisions"}],"wp:featuredmedia":[{"embeddable":true,"href":"https:\/\/atecordoba.org\/index.php?rest_route=\/wp\/v2\/media\/19220"}],"wp:attachment":[{"href":"https:\/\/atecordoba.org\/index.php?rest_route=%2Fwp%2Fv2%2Fmedia&parent=9308"}],"wp:term":[{"taxonomy":"category","embeddable":true,"href":"https:\/\/atecordoba.org\/index.php?rest_route=%2Fwp%2Fv2%2Fcategories&post=9308"},{"taxonomy":"post_tag","embeddable":true,"href":"https:\/\/atecordoba.org\/index.php?rest_route=%2Fwp%2Fv2%2Ftags&post=9308"}],"curies":[{"name":"wp","href":"https:\/\/api.w.org\/{rel}","templated":true}]}}