{"id":9297,"date":"2017-11-09T13:07:48","date_gmt":"2017-11-09T16:07:48","guid":{"rendered":"http:\/\/www.atecordoba.org\/?p=9297"},"modified":"2017-11-09T13:07:48","modified_gmt":"2017-11-09T16:07:48","slug":"resoluciones-del-secretariado-nacional-de-ate","status":"publish","type":"post","link":"https:\/\/atecordoba.org\/?p=9297","title":{"rendered":"Resoluciones del Secretariado Nacional de ATE"},"content":{"rendered":"<p><em>El Consejo Directivo Nacional resolvi\u00f3 realizar una jornada nacional de lucha para los primeros d\u00edas de diciembre.<\/em><\/p>\n<p><img loading=\"lazy\" decoding=\"async\" class=\"aligncenter size-full wp-image-9298\" src=\"http:\/\/www.atecordoba.org\/wp-content\/uploads\/2017\/11\/columna-ate-e1510243597172.jpg\" alt=\"\" width=\"550\" height=\"296\"><\/p>\n<p>En la reuni\u00f3n llevada a cabo en el d\u00eda de ayer, los dirigentes nacionales resolvieron acrecentar las medidas de fuerzas ante la profundizaci\u00f3n del gobierno de sus pol\u00edticas de ajuste, tarifazos, endeudamiento p\u00fablico y la creciente tercera reforma del Estado con el consiguiente riesgo de m\u00e1s despidos y precarizaci\u00f3n laboral en el Estado Nacional y las provincias. Adem\u00e1s del proyecto de ley de Reforma Laboral y previsional que est\u00e1 proponiendo el ejecutivo.<\/p>\n<p>Ante este escenario, el Secretario decidi\u00f3 convocar a una jornada nacional de lucha para los primeros d\u00edas de diciembre que se est\u00e1 poniendo en discusi\u00f3n en todo el pa\u00eds, y tomando contacto con otras organizaciones sindicales y sociales para llevar adelante la medida de fuerza.<\/p>\n<p>Adem\u00e1s, ATE participar\u00e1 del 15 al 18 de noviembre de la \u201cJornada Continental por la democracia y contra el neoliberalismo\u201d a realizarse en Montevideo, Uruguay. La misma contar\u00e1 con la participaci\u00f3n de representaciones sociales y sindicales de Am\u00e9rica Latina.<\/p>\n<p>A su vez, el 30 de noviembre se llevar\u00e1 a cabo el Encuentro Nacional de trabajadores y trabajadoras de la Salud de ATE, a desarrollarse en el anfiteatro del Consejo Directivo Nacional. Y el 1 de diciembre se marchar\u00e1 Por el Derecho a la Salud, en Capital Federal. En ese marco, el 1 y 2 diciembre se realizar\u00e1 el Congreso Nacional e Internacional Por el Derecho a La Salud, No a la CUS, en la facultad de Ciencia Sociales de la UBA.<\/p>\n<p>Finalmente, el 10 de diciembre ATE participar\u00e1 junto a la CTA Aut\u00f3noma de la marcha contra la cumbre de la Organizaci\u00f3n Mundial de Comercio (OMC) a realizarse en Capital Federal.<\/p>\n<p><strong>ATE nacional<\/strong><\/p>\n","protected":false},"excerpt":{"rendered":"<p>El Consejo Directivo Nacional resolvi\u00f3 realizar una jornada nacional de lucha para los primeros d\u00edas de diciembre. En la reuni\u00f3n llevada a cabo en el d\u00eda de ayer, los dirigentes nacionales resolvieron acrecentar las medidas de fuerzas ante la profundizaci\u00f3n del gobierno de sus pol\u00edticas de ajuste, tarifazos, endeudamiento p\u00fablico y la creciente tercera reforma [&hellip;]<\/p>\n","protected":false},"author":1,"featured_media":19220,"comment_status":"open","ping_status":"open","sticky":false,"template":"","format":"standard","meta":{"_exactmetrics_skip_tracking":false,"_exactmetrics_sitenote_active":false,"_exactmetrics_sitenote_note":"","_exactmetrics_sitenote_category":0,"jnews-multi-image_gallery":[],"jnews_single_post":[],"jnews_primary_category":[],"jnews_social_meta":[],"jnews_review":[],"enable_review":"","type":"","name":"","summary":"","brand":"","sku":"","good":[],"bad":[],"score_override":"","override_value":"","rating":[],"price":[],"jnews_override_counter":[],"jnews_post_split":[],"footnotes":""},"categories":[10,21],"tags":[],"class_list":["post-9297","post","type-post","status-publish","format-standard","has-post-thumbnail","hentry","category-accion-politica","category-paro-nacional"],"jetpack_featured_media_url":"https:\/\/atecordoba.org\/wp-content\/uploads\/2020\/05\/logo-nuevochico-e1561581322808.png","_links":{"self":[{"href":"https:\/\/atecordoba.org\/index.php?rest_route=\/wp\/v2\/posts\/9297","targetHints":{"allow":["GET"]}}],"collection":[{"href":"https:\/\/atecordoba.org\/index.php?rest_route=\/wp\/v2\/posts"}],"about":[{"href":"https:\/\/atecordoba.org\/index.php?rest_route=\/wp\/v2\/types\/post"}],"author":[{"embeddable":true,"href":"https:\/\/atecordoba.org\/index.php?rest_route=\/wp\/v2\/users\/1"}],"replies":[{"embeddable":true,"href":"https:\/\/atecordoba.org\/index.php?rest_route=%2Fwp%2Fv2%2Fcomments&post=9297"}],"version-history":[{"count":0,"href":"https:\/\/atecordoba.org\/index.php?rest_route=\/wp\/v2\/posts\/9297\/revisions"}],"wp:featuredmedia":[{"embeddable":true,"href":"https:\/\/atecordoba.org\/index.php?rest_route=\/wp\/v2\/media\/19220"}],"wp:attachment":[{"href":"https:\/\/atecordoba.org\/index.php?rest_route=%2Fwp%2Fv2%2Fmedia&parent=9297"}],"wp:term":[{"taxonomy":"category","embeddable":true,"href":"https:\/\/atecordoba.org\/index.php?rest_route=%2Fwp%2Fv2%2Fcategories&post=9297"},{"taxonomy":"post_tag","embeddable":true,"href":"https:\/\/atecordoba.org\/index.php?rest_route=%2Fwp%2Fv2%2Ftags&post=9297"}],"curies":[{"name":"wp","href":"https:\/\/api.w.org\/{rel}","templated":true}]}}