{"id":9292,"date":"2017-11-08T14:45:43","date_gmt":"2017-11-08T17:45:43","guid":{"rendered":"http:\/\/www.atecordoba.org\/?p=9292"},"modified":"2017-11-08T14:45:43","modified_gmt":"2017-11-08T17:45:43","slug":"ate-entrego-un-petitorio-al-ministro-bergman","status":"publish","type":"post","link":"https:\/\/atecordoba.org\/?p=9292","title":{"rendered":"ATE entreg\u00f3 un petitorio al ministro Bergman"},"content":{"rendered":"<p><em>En el Parque Nacional Quebrada del Condorito miembros de la Coordinaci\u00f3n Nacional de ATE Parques Nacionales trasladaron personalmente al titular de Ambiente los reclamos del sector.<\/em><\/p>\n<p><img loading=\"lazy\" decoding=\"async\" class=\"aligncenter size-full wp-image-9293\" src=\"http:\/\/www.atecordoba.org\/wp-content\/uploads\/2017\/11\/WhatsApp-Image-2017-11-08-at-11.57.33-e1510162989656.jpeg\" alt=\"\" width=\"550\" height=\"309\"><\/p>\n<p>La coordinaci\u00f3n de ATE parques nacionales, representada por los compa\u00f1eros Mario Cardenas del PN Los Alerces, Jos\u00e9 Quintriqueo PN Nahuel Huapi, y Leonardo Barrios Caro de la DRC, hicieron entrega de un petitorio al ministro de Ambiente Sergio Bergman en donde se detalla la situaci\u00f3n actual que afrontan las trabajadoras y trabajadores<\/p>\n<p>El petitorio expresa la preocupaci\u00f3n de ATE debido a que no se hace efectiva la actualizaci\u00f3n de la carrera de los guardaparques, el pase a planta permanente de los compa\u00f1eros brigadista y resoluci\u00f3n 48 \u2013pendiente desde hace 27 a\u00f1os en algunos casos-, la contrataci\u00f3n a resoluci\u00f3n 48 de los voluntarios rentados, instancia previa para acceder a la planta permanente; as\u00ed tambi\u00e9n se reclama la apertura de concursos para el Sinep y la mejora presupuestaria para el funcionamiento de las \u00e1reas protegidas.<\/p>\n<p><img loading=\"lazy\" decoding=\"async\" class=\"aligncenter size-full wp-image-9294\" src=\"http:\/\/www.atecordoba.org\/wp-content\/uploads\/2017\/11\/WhatsApp-Image-2017-11-08-at-11.57.32-e1510163013493.jpeg\" alt=\"\" width=\"550\" height=\"309\"><\/p>\n<p>El hecho sucedi\u00f3 el pasado 6 de noviembre en el marco de festejo del D\u00eda de los Parques Nacionales, en el PN Quebrada del Condorito.<\/p>\n<p>Cabe recalcar que el ministro pidi\u00f3 disculpas por lo sucedido el 6 de octubre pasado cuando los compa\u00f1eros integrantes de la coordinaci\u00f3n fueron impedidos de acceder a la persona de propio ministro por efectivos de la Genderamer\u00eda para entregarle este petitorio. &nbsp;Este penoso hecho sucedi\u00f3 en el PN Iguaz\u00fa, en momentos que se conmemoraba el D\u00eda de los Guardaparques Nacionales. Supera dicha situaci\u00f3n, ahora los integrantes de la Coordinaci\u00f3n pudieron cumplir con el mandato de entregar el petitorio.<\/p>\n<p>Adem\u00e1s, se lleg\u00f3 al compromiso de iniciar las mesas de trabajo entre el Ministerio, las autoridades de la Administraci\u00f3n de Parques Nacionales y la Coordinaci\u00f3n de Parques nacionales de ATE, con el objetivo de trabajar t\u00e9cnicamente en el abordaje de los puntos tratados, como por ejemplo la apertura del decreto 1455\/87, los cargos vacantes, entre otros. &nbsp;<\/p>\n<p><img loading=\"lazy\" decoding=\"async\" class=\"aligncenter size-full wp-image-9295\" src=\"http:\/\/www.atecordoba.org\/wp-content\/uploads\/2017\/11\/WhatsApp-Image-2017-11-08-at-11.57.33-1-e1510163048795.jpeg\" alt=\"\" width=\"550\" height=\"309\"><\/p>\n","protected":false},"excerpt":{"rendered":"<p>En el Parque Nacional Quebrada del Condorito miembros de la Coordinaci\u00f3n Nacional de ATE Parques Nacionales trasladaron personalmente al titular de Ambiente los reclamos del sector. La coordinaci\u00f3n de ATE parques nacionales, representada por los compa\u00f1eros Mario Cardenas del PN Los Alerces, Jos\u00e9 Quintriqueo PN Nahuel Huapi, y Leonardo Barrios Caro de la DRC, hicieron [&hellip;]<\/p>\n","protected":false},"author":1,"featured_media":19220,"comment_status":"open","ping_status":"open","sticky":false,"template":"","format":"standard","meta":{"_exactmetrics_skip_tracking":false,"_exactmetrics_sitenote_active":false,"_exactmetrics_sitenote_note":"","_exactmetrics_sitenote_category":0,"jnews-multi-image_gallery":[],"jnews_single_post":[],"jnews_primary_category":[],"jnews_social_meta":[],"jnews_review":[],"enable_review":"","type":"","name":"","summary":"","brand":"","sku":"","good":[],"bad":[],"score_override":"","override_value":"","rating":[],"price":[],"jnews_override_counter":[],"jnews_post_split":[],"footnotes":""},"categories":[18,96],"tags":[],"class_list":["post-9292","post","type-post","status-publish","format-standard","has-post-thumbnail","hentry","category-nacionales","category-parques-nacionales-2"],"jetpack_featured_media_url":"https:\/\/atecordoba.org\/wp-content\/uploads\/2020\/05\/logo-nuevochico-e1561581322808.png","_links":{"self":[{"href":"https:\/\/atecordoba.org\/index.php?rest_route=\/wp\/v2\/posts\/9292","targetHints":{"allow":["GET"]}}],"collection":[{"href":"https:\/\/atecordoba.org\/index.php?rest_route=\/wp\/v2\/posts"}],"about":[{"href":"https:\/\/atecordoba.org\/index.php?rest_route=\/wp\/v2\/types\/post"}],"author":[{"embeddable":true,"href":"https:\/\/atecordoba.org\/index.php?rest_route=\/wp\/v2\/users\/1"}],"replies":[{"embeddable":true,"href":"https:\/\/atecordoba.org\/index.php?rest_route=%2Fwp%2Fv2%2Fcomments&post=9292"}],"version-history":[{"count":0,"href":"https:\/\/atecordoba.org\/index.php?rest_route=\/wp\/v2\/posts\/9292\/revisions"}],"wp:featuredmedia":[{"embeddable":true,"href":"https:\/\/atecordoba.org\/index.php?rest_route=\/wp\/v2\/media\/19220"}],"wp:attachment":[{"href":"https:\/\/atecordoba.org\/index.php?rest_route=%2Fwp%2Fv2%2Fmedia&parent=9292"}],"wp:term":[{"taxonomy":"category","embeddable":true,"href":"https:\/\/atecordoba.org\/index.php?rest_route=%2Fwp%2Fv2%2Fcategories&post=9292"},{"taxonomy":"post_tag","embeddable":true,"href":"https:\/\/atecordoba.org\/index.php?rest_route=%2Fwp%2Fv2%2Ftags&post=9292"}],"curies":[{"name":"wp","href":"https:\/\/api.w.org\/{rel}","templated":true}]}}