{"id":9289,"date":"2017-11-08T13:17:29","date_gmt":"2017-11-08T16:17:29","guid":{"rendered":"http:\/\/www.atecordoba.org\/?p=9289"},"modified":"2017-11-08T13:17:29","modified_gmt":"2017-11-08T16:17:29","slug":"feliz-dia-para-todos-los-trabajadores-municipales","status":"publish","type":"post","link":"https:\/\/atecordoba.org\/?p=9289","title":{"rendered":"Feliz D\u00eda para todos los trabajadores municipales"},"content":{"rendered":"<p><em>El Consejo Directivo Provincial env\u00eda un fraternal saludo a todos los trabajadores municipales.<\/em><\/p>\n<p><img loading=\"lazy\" decoding=\"async\" class=\"aligncenter size-full wp-image-9290\" src=\"http:\/\/www.atecordoba.org\/wp-content\/uploads\/2017\/11\/MUNICIPALES-GRAFICO.png\" alt=\"\" width=\"449\" height=\"503\"><\/p>\n<p>Este 8 de noviembre se festeja el d\u00eda del empleado municipal, instituido a partir de 1959. Ese d\u00eda se da lugar a la creaci\u00f3n y Constituci\u00f3n de la Confederaci\u00f3n de obreros y empleados municipales de Argentina. Y pasa celebrarse el d\u00eda del empleado municipal.<\/p>\n<p>Esta Confederaci\u00f3n nace en medio del seno de la revoluci\u00f3n sindical ocurrida durante la presidencia de A Frondizzi, con las 62 organizaciones como base, a fin de organizar y unificar a todas las federaciones, sindicatos y uniones municipales de la Argentina.<\/p>\n<p>Hoy desde ATE acompa\u00f1amos a los municipales que eligieron a nuestro gremio para que los represente y con ellos nos unimos en su festejo m\u00e1s all\u00e1 de que los tiempos en que transcurridos, la algarab\u00eda de los trabajadores, s\u00f3lo se puede ver reflejada en la conservaci\u00f3n de su fuente de trabajo.<\/p>\n<p>Hoy y siempre los municipales fueron el eslab\u00f3n m\u00e1s d\u00e9bil de la cadena de empleados p\u00fablicos por eso desde ATE nos propusimos integrarlos, capacitarlos y firmarlo como grandes dirigentes sociales y gremiales, a fin de que ese eslab\u00f3n comience a ser cada vez m\u00e1s fuerte y m\u00e1s grande en la masa de los trabajadores estatales .<\/p>\n","protected":false},"excerpt":{"rendered":"<p>El Consejo Directivo Provincial env\u00eda un fraternal saludo a todos los trabajadores municipales. Este 8 de noviembre se festeja el d\u00eda del empleado municipal, instituido a partir de 1959. Ese d\u00eda se da lugar a la creaci\u00f3n y Constituci\u00f3n de la Confederaci\u00f3n de obreros y empleados municipales de Argentina. Y pasa celebrarse el d\u00eda del [&hellip;]<\/p>\n","protected":false},"author":1,"featured_media":19220,"comment_status":"open","ping_status":"open","sticky":false,"template":"","format":"standard","meta":{"_exactmetrics_skip_tracking":false,"_exactmetrics_sitenote_active":false,"_exactmetrics_sitenote_note":"","_exactmetrics_sitenote_category":0,"jnews-multi-image_gallery":[],"jnews_single_post":[],"jnews_primary_category":[],"jnews_social_meta":[],"jnews_review":[],"enable_review":"","type":"","name":"","summary":"","brand":"","sku":"","good":[],"bad":[],"score_override":"","override_value":"","rating":[],"price":[],"jnews_override_counter":[],"jnews_post_split":[],"footnotes":""},"categories":[20],"tags":[],"class_list":["post-9289","post","type-post","status-publish","format-standard","has-post-thumbnail","hentry","category-municipales"],"jetpack_featured_media_url":"https:\/\/atecordoba.org\/wp-content\/uploads\/2020\/05\/logo-nuevochico-e1561581322808.png","_links":{"self":[{"href":"https:\/\/atecordoba.org\/index.php?rest_route=\/wp\/v2\/posts\/9289","targetHints":{"allow":["GET"]}}],"collection":[{"href":"https:\/\/atecordoba.org\/index.php?rest_route=\/wp\/v2\/posts"}],"about":[{"href":"https:\/\/atecordoba.org\/index.php?rest_route=\/wp\/v2\/types\/post"}],"author":[{"embeddable":true,"href":"https:\/\/atecordoba.org\/index.php?rest_route=\/wp\/v2\/users\/1"}],"replies":[{"embeddable":true,"href":"https:\/\/atecordoba.org\/index.php?rest_route=%2Fwp%2Fv2%2Fcomments&post=9289"}],"version-history":[{"count":0,"href":"https:\/\/atecordoba.org\/index.php?rest_route=\/wp\/v2\/posts\/9289\/revisions"}],"wp:featuredmedia":[{"embeddable":true,"href":"https:\/\/atecordoba.org\/index.php?rest_route=\/wp\/v2\/media\/19220"}],"wp:attachment":[{"href":"https:\/\/atecordoba.org\/index.php?rest_route=%2Fwp%2Fv2%2Fmedia&parent=9289"}],"wp:term":[{"taxonomy":"category","embeddable":true,"href":"https:\/\/atecordoba.org\/index.php?rest_route=%2Fwp%2Fv2%2Fcategories&post=9289"},{"taxonomy":"post_tag","embeddable":true,"href":"https:\/\/atecordoba.org\/index.php?rest_route=%2Fwp%2Fv2%2Ftags&post=9289"}],"curies":[{"name":"wp","href":"https:\/\/api.w.org\/{rel}","templated":true}]}}