{"id":9286,"date":"2017-11-07T10:18:29","date_gmt":"2017-11-07T13:18:29","guid":{"rendered":"http:\/\/www.atecordoba.org\/?p=9286"},"modified":"2017-11-07T10:18:29","modified_gmt":"2017-11-07T13:18:29","slug":"encuentro-con-ate-el-papa-francisco-se-lamento-por-la-situacion-de-argentina","status":"publish","type":"post","link":"https:\/\/atecordoba.org\/?p=9286","title":{"rendered":"Encuentro con ATE: El Papa Francisco se lament\u00f3 por la situaci\u00f3n de Argentina"},"content":{"rendered":"<p><em>Gustavo Vilchez, de Fabricaciones Militares, se reuni\u00f3 con el Pont\u00edfice para explicarle la grave situaci\u00f3n que viven los fabriqueros y los estatales.<\/em><\/p>\n<p><img loading=\"lazy\" decoding=\"async\" class=\"aligncenter size-full wp-image-9287\" src=\"http:\/\/www.atecordoba.org\/wp-content\/uploads\/2017\/11\/cartucho-con-francisco-e1510060646471.jpg\" alt=\"\" width=\"550\" height=\"372\"><\/p>\n<p>El dirigente de ATE de la F\u00e1brica Militar de Villa Mar\u00eda, Gustavo \u201cCartucho\u201d Vilchez, estuvo el fin de semana en la Casa de Santa Marta, en Roma, donde tuvo oportunidad de conversar con el Papa Francisco y contarle sobre la dura realidad que afecta a todo el complejo de F\u00e1bricas Militares, con la amenaza de despidos masivos para fin de a\u00f1o.&nbsp;<b><strong style=\"font-style: inherit;\">El Pont\u00edfice &nbsp;se lament\u00f3 por la situaci\u00f3n del pa\u00eds, pidi\u00f3 por los puestos laborales de las F\u00e1bricas y envi\u00f3 bendiciones a cada compa\u00f1ero y compa\u00f1era.<\/strong><\/b><\/p>\n<p>&nbsp;\u201cPude explicarle a Francisco lo que se est\u00e1 viviendo en las F\u00e1bricas\u201d, relat\u00f3 Vilchez, quien inform\u00f3 al Papa que el Ministerio de Modernizaci\u00f3n sostiene una amenaza de despidos masivos de 600 fabriqueros, para fin de a\u00f1o. Tambi\u00e9n habl\u00f3 con \u00e9l sobre la pol\u00edtica de ajuste y achique del Estado que afecta a todos los trabajadores y trabajadoras estatales y cuyo principal impulsor es Marcos Pe\u00f1a, el Jefe de Gabinete de Ministros.<\/p>\n<p>\u201cSe mostr\u00f3 muy preocupado por la situaci\u00f3n en Fabricaciones y fue un alivio interno, espiritual, porque s\u00e9 que va a rezar y a hacer lo posible para poder frenarlo. Ni \u00e9l ni nosotros podemos bajar los brazos\u201d, se\u00f1al\u00f3 Vilchez.<\/p>\n<p>\u201cFrancisco me expres\u00f3 que si bien no conoc\u00eda lo que estaba pasando en Fabricaciones s\u00ed estaba al tanto de la situaci\u00f3n de la Argentina y de los despidos, y lament\u00f3 que eso este pasando\u201d. Ante ello, \u201cme pidi\u00f3 que rez\u00e1ramos por \u00e9l\u201d. \u201cCuando me pidi\u00f3 que le mande sus bendiciones a cada compa\u00f1era y compa\u00f1ero me apret\u00f3 muy fuerte la mano\u201d, relat\u00f3 el dirigente.<\/p>\n<p>Vilchez tambi\u00e9n le anunci\u00f3 que,&nbsp;<b><strong style=\"font-style: inherit;\">en la semana del 20 de noviembre<\/strong><\/b>, el Secretario General de ATE,&nbsp;<b><strong style=\"font-style: inherit;\">Hugo \u201cCachorro\u201d Godoy estar\u00e1 en Roma para participar del Encuentro Mundial de Dirigentes Sindicales, impulsado por el mismo Francisco.<\/strong><\/b><\/p>\n<p>\u201cPara quienes somos creyentes y confiamos en dios y en el Papa, es un momento muy fuerte. Fue algo muy hermoso\u201d, expres\u00f3 Vilchez. Antes de retirarse, le regal\u00f3 a Francisco una remera de Fabricaciones Militares y una bandera de ATE.<\/p>\n<p>El encuentro se produjo por intermediaci\u00f3n de la Defensora del Pueblo de Villa Mar\u00eda, Alicia Peressutti, quien en los d\u00edas previos al viaje se reuni\u00f3 con Hugo Godoy y con Carlos Custer, hist\u00f3rico referente de ATE y de la Central de Trabajadores de la Argentina.&nbsp;<\/p>\n<p><b><strong style=\"font-style: inherit;\">Prensa ATE<\/strong><\/b><\/p>\n","protected":false},"excerpt":{"rendered":"<p>Gustavo Vilchez, de Fabricaciones Militares, se reuni\u00f3 con el Pont\u00edfice para explicarle la grave situaci\u00f3n que viven los fabriqueros y los estatales. El dirigente de ATE de la F\u00e1brica Militar de Villa Mar\u00eda, Gustavo \u201cCartucho\u201d Vilchez, estuvo el fin de semana en la Casa de Santa Marta, en Roma, donde tuvo oportunidad de conversar con [&hellip;]<\/p>\n","protected":false},"author":1,"featured_media":19220,"comment_status":"open","ping_status":"open","sticky":false,"template":"","format":"standard","meta":{"_exactmetrics_skip_tracking":false,"_exactmetrics_sitenote_active":false,"_exactmetrics_sitenote_note":"","_exactmetrics_sitenote_category":0,"jnews-multi-image_gallery":[],"jnews_single_post":[],"jnews_primary_category":[],"jnews_social_meta":[],"jnews_review":[],"enable_review":"","type":"","name":"","summary":"","brand":"","sku":"","good":[],"bad":[],"score_override":"","override_value":"","rating":[],"price":[],"jnews_override_counter":[],"jnews_post_split":[],"footnotes":""},"categories":[10,18],"tags":[],"class_list":["post-9286","post","type-post","status-publish","format-standard","has-post-thumbnail","hentry","category-accion-politica","category-nacionales"],"jetpack_featured_media_url":"https:\/\/atecordoba.org\/wp-content\/uploads\/2020\/05\/logo-nuevochico-e1561581322808.png","_links":{"self":[{"href":"https:\/\/atecordoba.org\/index.php?rest_route=\/wp\/v2\/posts\/9286","targetHints":{"allow":["GET"]}}],"collection":[{"href":"https:\/\/atecordoba.org\/index.php?rest_route=\/wp\/v2\/posts"}],"about":[{"href":"https:\/\/atecordoba.org\/index.php?rest_route=\/wp\/v2\/types\/post"}],"author":[{"embeddable":true,"href":"https:\/\/atecordoba.org\/index.php?rest_route=\/wp\/v2\/users\/1"}],"replies":[{"embeddable":true,"href":"https:\/\/atecordoba.org\/index.php?rest_route=%2Fwp%2Fv2%2Fcomments&post=9286"}],"version-history":[{"count":0,"href":"https:\/\/atecordoba.org\/index.php?rest_route=\/wp\/v2\/posts\/9286\/revisions"}],"wp:featuredmedia":[{"embeddable":true,"href":"https:\/\/atecordoba.org\/index.php?rest_route=\/wp\/v2\/media\/19220"}],"wp:attachment":[{"href":"https:\/\/atecordoba.org\/index.php?rest_route=%2Fwp%2Fv2%2Fmedia&parent=9286"}],"wp:term":[{"taxonomy":"category","embeddable":true,"href":"https:\/\/atecordoba.org\/index.php?rest_route=%2Fwp%2Fv2%2Fcategories&post=9286"},{"taxonomy":"post_tag","embeddable":true,"href":"https:\/\/atecordoba.org\/index.php?rest_route=%2Fwp%2Fv2%2Ftags&post=9286"}],"curies":[{"name":"wp","href":"https:\/\/api.w.org\/{rel}","templated":true}]}}