{"id":9282,"date":"2017-11-07T10:15:32","date_gmt":"2017-11-07T13:15:32","guid":{"rendered":"http:\/\/www.atecordoba.org\/?p=9282"},"modified":"2017-11-07T10:15:32","modified_gmt":"2017-11-07T13:15:32","slug":"hace-dos-anos-asumia-la-actual-conduccion-de-ate-nacional","status":"publish","type":"post","link":"https:\/\/atecordoba.org\/?p=9282","title":{"rendered":"Hace dos a\u00f1os asum\u00eda la actual conducci\u00f3n de ATE Nacional"},"content":{"rendered":"<p><em>El 6 de noviembre del 2015 asumi\u00f3 la nueva conducci\u00f3n de ATE encabezada por Hugo \u201cCachorro\u201d Godoy y Julio Fuentes.<\/em><\/p>\n<p><img loading=\"lazy\" decoding=\"async\" class=\"aligncenter size-full wp-image-9283\" src=\"http:\/\/www.atecordoba.org\/wp-content\/uploads\/2017\/11\/aseume-nueva-conduccion-cdn-e1510060490531.jpg\" alt=\"\" width=\"550\" height=\"367\"><\/p>\n<p>Las actuales autoridades del Consejo Directivo Nacional fueron elegidas el 2 de septiembre de 2015 por el voto directo de 132 mil afiliados que se inclinaron mayoritariamente por la Lista Verde ANUSATE que llevaba la consigna \u201c<em style=\"font-style: inherit; font-weight: inherit;\">ATE es de los Trabajadores, Gobierne quien Gobierne\u201d<\/em>.<\/p>\n<p>Dos meses despu\u00e9s asumieron sus funciones en un acto realizado en la puerta de la sede de ATE Nacional ante cientos de afiliados y afiliadas de ATE y representantes de la CTA Aut\u00f3noma, sindicatos amigos y organizaciones del Campo Popular.<\/p>\n<p>La fecha elegida para el acto de asunci\u00f3n no fue casual, evocaba el d\u00eda que ATE fue recuperada de manos de los que hab\u00edan colaborado con la Dictadura Militar en 1984 e iniciaba su recuperaci\u00f3n en manos de V\u00edctor De Gennaro, Germ\u00e1n Abdala, H\u00e9ctor Quagliaro y muchos m\u00e1s.<\/p>\n<p><em style=\"font-style: inherit; font-weight: inherit;\">&nbsp;\u201cQuiero agradecer a todos los que bancaron el proceso electoral que signific\u00f3 una pulseada de car\u00e1cter nacional\u201d,<\/em>comenz\u00f3 diciendo el por entonces secretario General electo Hugo Godoy el d\u00eda que asumi\u00f3 sus funciones e &nbsp;hizo un llamado a la unidad&nbsp;<em style=\"font-style: inherit; font-weight: inherit;\">\u201csabiendo escuchar, siendo abierto en la discusi\u00f3n pol\u00edtica sobre qu\u00e9 queremos para nuestro gremio, para la CTA y nuestra patria\u201d, indic\u00f3. Y augur\u00f3 que ser\u00eda posible impulsar el crecimiento&nbsp; que debemos darle a ATE para pasar de 250.000 a 400.000 afiliados en este per\u00edodo\u201d<\/em>, y que \u201c<em style=\"font-style: inherit; font-weight: inherit;\">es posible duplicar las actuales 156 seccionales a 300\u201d.<\/em><\/p>\n<p>A dos a\u00f1os de ese discurso no solo hubo crecimiento tanto en afiliados y seccionales sino que a partir del hist\u00f3rico paro del 24 de febrero del 2016 encabez\u00f3 la resistencia a las pol\u00edticas liberales del gobierno de Cambiemos y enfrent\u00f3 los despidos y el achicamiento del Estado en cada rinc\u00f3n del pa\u00eds.&nbsp;<\/p>\n<p><b><strong style=\"font-style: inherit;\">ATE Nacional<\/strong><\/b><\/p>\n","protected":false},"excerpt":{"rendered":"<p>El 6 de noviembre del 2015 asumi\u00f3 la nueva conducci\u00f3n de ATE encabezada por Hugo \u201cCachorro\u201d Godoy y Julio Fuentes. Las actuales autoridades del Consejo Directivo Nacional fueron elegidas el 2 de septiembre de 2015 por el voto directo de 132 mil afiliados que se inclinaron mayoritariamente por la Lista Verde ANUSATE que llevaba la [&hellip;]<\/p>\n","protected":false},"author":1,"featured_media":19220,"comment_status":"open","ping_status":"open","sticky":false,"template":"","format":"standard","meta":{"_exactmetrics_skip_tracking":false,"_exactmetrics_sitenote_active":false,"_exactmetrics_sitenote_note":"","_exactmetrics_sitenote_category":0,"jnews-multi-image_gallery":[],"jnews_single_post":[],"jnews_primary_category":[],"jnews_social_meta":[],"jnews_review":[],"enable_review":"","type":"","name":"","summary":"","brand":"","sku":"","good":[],"bad":[],"score_override":"","override_value":"","rating":[],"price":[],"jnews_override_counter":[],"jnews_post_split":[],"footnotes":""},"categories":[18],"tags":[],"class_list":["post-9282","post","type-post","status-publish","format-standard","has-post-thumbnail","hentry","category-nacionales"],"jetpack_featured_media_url":"https:\/\/atecordoba.org\/wp-content\/uploads\/2020\/05\/logo-nuevochico-e1561581322808.png","_links":{"self":[{"href":"https:\/\/atecordoba.org\/index.php?rest_route=\/wp\/v2\/posts\/9282","targetHints":{"allow":["GET"]}}],"collection":[{"href":"https:\/\/atecordoba.org\/index.php?rest_route=\/wp\/v2\/posts"}],"about":[{"href":"https:\/\/atecordoba.org\/index.php?rest_route=\/wp\/v2\/types\/post"}],"author":[{"embeddable":true,"href":"https:\/\/atecordoba.org\/index.php?rest_route=\/wp\/v2\/users\/1"}],"replies":[{"embeddable":true,"href":"https:\/\/atecordoba.org\/index.php?rest_route=%2Fwp%2Fv2%2Fcomments&post=9282"}],"version-history":[{"count":0,"href":"https:\/\/atecordoba.org\/index.php?rest_route=\/wp\/v2\/posts\/9282\/revisions"}],"wp:featuredmedia":[{"embeddable":true,"href":"https:\/\/atecordoba.org\/index.php?rest_route=\/wp\/v2\/media\/19220"}],"wp:attachment":[{"href":"https:\/\/atecordoba.org\/index.php?rest_route=%2Fwp%2Fv2%2Fmedia&parent=9282"}],"wp:term":[{"taxonomy":"category","embeddable":true,"href":"https:\/\/atecordoba.org\/index.php?rest_route=%2Fwp%2Fv2%2Fcategories&post=9282"},{"taxonomy":"post_tag","embeddable":true,"href":"https:\/\/atecordoba.org\/index.php?rest_route=%2Fwp%2Fv2%2Ftags&post=9282"}],"curies":[{"name":"wp","href":"https:\/\/api.w.org\/{rel}","templated":true}]}}