{"id":9279,"date":"2017-11-07T09:48:06","date_gmt":"2017-11-07T12:48:06","guid":{"rendered":"http:\/\/www.atecordoba.org\/?p=9279"},"modified":"2020-06-01T16:39:33","modified_gmt":"2020-06-01T19:39:33","slug":"segundo-modulo-del-taller-de-formacion-politica-en-rio-tercero","status":"publish","type":"post","link":"https:\/\/atecordoba.org\/?p=9279","title":{"rendered":"Segundo modulo del taller de formaci\u00f3n pol\u00edtica en R\u00edo Tercero"},"content":{"rendered":"<p><em>El jueves 9 de noviembre se realizar\u00e1 en la seccional R\u00edo Tercero el\u00a0segundo m\u00f3dulo del taller titulado &#8220;La reconfiguraci\u00f3n del poder en la fase global del capitalismo&#8221;.<\/em><\/p>\n<p><img loading=\"lazy\" decoding=\"async\" class=\"aligncenter size-full wp-image-9280\" src=\"http:\/\/atecordoba.org\/wp-content\/uploads\/2020\/06\/formacion-pol\u00edtica-en-rio-tercero-e1510058744424.jpg\" alt=\"\" width=\"550\" height=\"309\" \/><\/p>\n<p>El curso est\u00e1 a cargo de docentes de la Universidad Nacional de R\u00edo Cuarto y abordar\u00e1 en este caso &#8220;cu\u00e1les son los bloques de poder a nivel mundial&#8221;, as\u00ed como &#8220;la crisis y la puja por la conformaci\u00f3n de un nuevo orden mundial.<\/p>\n<p>Se dictar\u00e1 el jueves 9 a las 16.45 en la sede de la seccional R\u00edo Tercero,\u00a0ubicada en Esperanza y Mosconi. Se invita a participar a afiliados y p\u00fablico en general. Solicitamos confirmar asistencia y cantidad.<\/p>\n<p>&nbsp;<\/p>\n","protected":false},"excerpt":{"rendered":"<p>El jueves 9 de noviembre se realizar\u00e1 en la seccional R\u00edo Tercero el\u00a0segundo m\u00f3dulo del taller titulado &#8220;La reconfiguraci\u00f3n del poder en la fase global del capitalismo&#8221;. El curso est\u00e1 a cargo de docentes de la Universidad Nacional de R\u00edo Cuarto y abordar\u00e1 en este caso &#8220;cu\u00e1les son los bloques de poder a nivel mundial&#8221;, [&hellip;]<\/p>\n","protected":false},"author":1,"featured_media":15156,"comment_status":"open","ping_status":"open","sticky":false,"template":"","format":"standard","meta":{"_exactmetrics_skip_tracking":false,"_exactmetrics_sitenote_active":false,"_exactmetrics_sitenote_note":"","_exactmetrics_sitenote_category":0,"jnews-multi-image_gallery":[],"jnews_single_post":{"subtitle":"","format":"standard","video":"","gallery":"","source_name":"","source_url":"","via_name":"","via_url":"","override_template":"0","override":[{"template":"1","single_blog_custom":"","parallax":"1","fullscreen":"0","layout":"right-sidebar","sidebar":"default-sidebar","second_sidebar":"default-sidebar","sticky_sidebar":"1","share_position":"top","share_float_style":"share-monocrhome","show_share_counter":"1","show_view_counter":"1","show_featured":"1","show_post_meta":"1","show_post_author":"1","show_post_author_image":"1","show_post_date":"1","post_date_format":"default","post_date_format_custom":"Y\/m\/d","show_post_category":"1","show_post_reading_time":"0","post_reading_time_wpm":"300","show_zoom_button":"0","zoom_button_out_step":"2","zoom_button_in_step":"3","show_post_tag":"1","show_prev_next_post":"1","show_popup_post":"1","number_popup_post":"1","show_author_box":"0","show_post_related":"0","show_inline_post_related":"0"}],"override_image_size":"0","image_override":[{"single_post_thumbnail_size":"crop-500","single_post_gallery_size":"crop-500"}],"trending_post":"0","trending_post_position":"meta","trending_post_label":"Trending","sponsored_post":"0","sponsored_post_label":"Sponsored by","sponsored_post_name":"","sponsored_post_url":"","sponsored_post_logo_enable":"0","sponsored_post_logo":"","sponsored_post_desc":""},"jnews_primary_category":{"id":""},"jnews_social_meta":{"fb_title":"","fb_description":"","fb_image":"","twitter_title":"","twitter_description":"","twitter_image":""},"jnews_review":[],"enable_review":"0","type":"percentage","name":"","summary":"","brand":"","sku":"","good":[{"good_text":""}],"bad":[{"bad_text":""}],"score_override":"","override_value":"","rating":[{"rating_text":"","rating_number":"10"}],"price":[{"shop":"","price":"","link":"","icon":""}],"jnews_override_counter":{"override_view_counter":"0","view_counter_number":"0","override_share_counter":"0","share_counter_number":"0","override_like_counter":"0","like_counter_number":"0","override_dislike_counter":"0","dislike_counter_number":"0"},"jnews_post_split":{"enable_post_split":"0","post_split":[{"template":"1","tag":"h2","numbering":"asc","mode":"normal"}]},"footnotes":""},"categories":[88,13],"tags":[],"class_list":["post-9279","post","type-post","status-publish","format-standard","has-post-thumbnail","hentry","category-formacion","category-rio-tercero"],"jetpack_featured_media_url":"https:\/\/atecordoba.org\/wp-content\/uploads\/2020\/05\/formacion-pol\u00edtica-en-rio-tercero-e1510058744424.jpg","_links":{"self":[{"href":"https:\/\/atecordoba.org\/index.php?rest_route=\/wp\/v2\/posts\/9279","targetHints":{"allow":["GET"]}}],"collection":[{"href":"https:\/\/atecordoba.org\/index.php?rest_route=\/wp\/v2\/posts"}],"about":[{"href":"https:\/\/atecordoba.org\/index.php?rest_route=\/wp\/v2\/types\/post"}],"author":[{"embeddable":true,"href":"https:\/\/atecordoba.org\/index.php?rest_route=\/wp\/v2\/users\/1"}],"replies":[{"embeddable":true,"href":"https:\/\/atecordoba.org\/index.php?rest_route=%2Fwp%2Fv2%2Fcomments&post=9279"}],"version-history":[{"count":1,"href":"https:\/\/atecordoba.org\/index.php?rest_route=\/wp\/v2\/posts\/9279\/revisions"}],"predecessor-version":[{"id":19547,"href":"https:\/\/atecordoba.org\/index.php?rest_route=\/wp\/v2\/posts\/9279\/revisions\/19547"}],"wp:featuredmedia":[{"embeddable":true,"href":"https:\/\/atecordoba.org\/index.php?rest_route=\/wp\/v2\/media\/15156"}],"wp:attachment":[{"href":"https:\/\/atecordoba.org\/index.php?rest_route=%2Fwp%2Fv2%2Fmedia&parent=9279"}],"wp:term":[{"taxonomy":"category","embeddable":true,"href":"https:\/\/atecordoba.org\/index.php?rest_route=%2Fwp%2Fv2%2Fcategories&post=9279"},{"taxonomy":"post_tag","embeddable":true,"href":"https:\/\/atecordoba.org\/index.php?rest_route=%2Fwp%2Fv2%2Ftags&post=9279"}],"curies":[{"name":"wp","href":"https:\/\/api.w.org\/{rel}","templated":true}]}}