{"id":9276,"date":"2017-11-07T09:33:43","date_gmt":"2017-11-07T12:33:43","guid":{"rendered":"http:\/\/www.atecordoba.org\/?p=9276"},"modified":"2017-11-07T09:33:43","modified_gmt":"2017-11-07T12:33:43","slug":"taller-formativo-ante-el-avance-oficialista-sobre-la-legislacion-laboral","status":"publish","type":"post","link":"https:\/\/atecordoba.org\/?p=9276","title":{"rendered":"Taller formativo ante el avance oficialista sobre la legislaci\u00f3n laboral"},"content":{"rendered":"<div style=\"text-align: left;\">\n<p style=\"margin: 0px;\"><em>Organizado por el Consejo Directivo Provincial, el viernes 10 de noviembre se realizar\u00e1 un taller de formaci\u00f3n para abordar el borrador sobre la modificaci\u00f3n de la legislaci\u00f3n laboral protectora, que impulsa el gobierno nacional.<\/em><\/p>\n<\/div>\n<p><img loading=\"lazy\" decoding=\"async\" class=\"aligncenter size-full wp-image-9277\" src=\"http:\/\/www.atecordoba.org\/wp-content\/uploads\/2017\/11\/20170913_111805-e1510057975950.jpg\" alt=\"\" width=\"550\" height=\"309\"><\/p>\n<p>El curso &nbsp;estar\u00e1 a cargo de los abogados Mar\u00eda Terragno y Eugenio Biafore, asesores letrados de ATE, y se dictar\u00e1 a partir de las 10 horas en la sede de nuestro gremio, Entre R\u00edos 450.<\/p>\n<p>Ser\u00e1 una actividad de acceso libre y gratuito y est\u00e1 destinada a afiliados, delegados, activistas y trabajadores en general.<\/p>\n","protected":false},"excerpt":{"rendered":"<p>Organizado por el Consejo Directivo Provincial, el viernes 10 de noviembre se realizar\u00e1 un taller de formaci\u00f3n para abordar el borrador sobre la modificaci\u00f3n de la legislaci\u00f3n laboral protectora, que impulsa el gobierno nacional. El curso &nbsp;estar\u00e1 a cargo de los abogados Mar\u00eda Terragno y Eugenio Biafore, asesores letrados de ATE, y se dictar\u00e1 a [&hellip;]<\/p>\n","protected":false},"author":1,"featured_media":19220,"comment_status":"open","ping_status":"open","sticky":false,"template":"","format":"standard","meta":{"_exactmetrics_skip_tracking":false,"_exactmetrics_sitenote_active":false,"_exactmetrics_sitenote_note":"","_exactmetrics_sitenote_category":0,"jnews-multi-image_gallery":[],"jnews_single_post":[],"jnews_primary_category":[],"jnews_social_meta":[],"jnews_review":[],"enable_review":"","type":"","name":"","summary":"","brand":"","sku":"","good":[],"bad":[],"score_override":"","override_value":"","rating":[],"price":[],"jnews_override_counter":[],"jnews_post_split":[],"footnotes":""},"categories":[88],"tags":[],"class_list":["post-9276","post","type-post","status-publish","format-standard","has-post-thumbnail","hentry","category-formacion"],"jetpack_featured_media_url":"https:\/\/atecordoba.org\/wp-content\/uploads\/2020\/05\/logo-nuevochico-e1561581322808.png","_links":{"self":[{"href":"https:\/\/atecordoba.org\/index.php?rest_route=\/wp\/v2\/posts\/9276","targetHints":{"allow":["GET"]}}],"collection":[{"href":"https:\/\/atecordoba.org\/index.php?rest_route=\/wp\/v2\/posts"}],"about":[{"href":"https:\/\/atecordoba.org\/index.php?rest_route=\/wp\/v2\/types\/post"}],"author":[{"embeddable":true,"href":"https:\/\/atecordoba.org\/index.php?rest_route=\/wp\/v2\/users\/1"}],"replies":[{"embeddable":true,"href":"https:\/\/atecordoba.org\/index.php?rest_route=%2Fwp%2Fv2%2Fcomments&post=9276"}],"version-history":[{"count":0,"href":"https:\/\/atecordoba.org\/index.php?rest_route=\/wp\/v2\/posts\/9276\/revisions"}],"wp:featuredmedia":[{"embeddable":true,"href":"https:\/\/atecordoba.org\/index.php?rest_route=\/wp\/v2\/media\/19220"}],"wp:attachment":[{"href":"https:\/\/atecordoba.org\/index.php?rest_route=%2Fwp%2Fv2%2Fmedia&parent=9276"}],"wp:term":[{"taxonomy":"category","embeddable":true,"href":"https:\/\/atecordoba.org\/index.php?rest_route=%2Fwp%2Fv2%2Fcategories&post=9276"},{"taxonomy":"post_tag","embeddable":true,"href":"https:\/\/atecordoba.org\/index.php?rest_route=%2Fwp%2Fv2%2Ftags&post=9276"}],"curies":[{"name":"wp","href":"https:\/\/api.w.org\/{rel}","templated":true}]}}