{"id":9248,"date":"2017-11-01T15:14:39","date_gmt":"2017-11-01T18:14:39","guid":{"rendered":"http:\/\/www.atecordoba.org\/?p=9248"},"modified":"2017-11-01T15:14:39","modified_gmt":"2017-11-01T18:14:39","slug":"godoy-macri-apunta-a-profundizar-un-espiritu-regresivo-de-las-reformas","status":"publish","type":"post","link":"https:\/\/atecordoba.org\/?p=9248","title":{"rendered":"Godoy: \u201cMacri apunta a profundizar un esp\u00edritu regresivo de las reformas\u201d"},"content":{"rendered":"<p><em>Secretario General del Consejo Directivo Nacional analiz\u00f3 el discurso del Presidente Macri donde anunci\u00f3 un plan de medidas y dio claves del rumbo del Gobierno.<\/em><\/p>\n<p><img loading=\"lazy\" decoding=\"async\" class=\"aligncenter size-full wp-image-9249\" src=\"http:\/\/www.atecordoba.org\/wp-content\/uploads\/2017\/11\/godoy-discurso-e1509560033417.jpg\" alt=\"\" width=\"550\" height=\"366\"><\/p>\n<p>Tras el triunfo electoral, ayer el Presidente Mauricio Macri present\u00f3 un \u201cplan de reformas\u201d que incluye cambios en el sistema previsional, tributario y en las leyes laborales. Hugo \u201cCachorro\u201d Godoy, Secretario General de ATE, analiz\u00f3 algunos de esos \u201clineamientos conceptuales\u201d que esboz\u00f3 el jefe del Ejecutivo. Si bien difusos, Godoy afirm\u00f3 que apuntan a profundizar un esp\u00edritu regresivo en las reformas, que alientan un esp\u00edritu represivo, justifican despidos y la precarizaci\u00f3n laboral.<\/p>\n<p>Contra la organizaci\u00f3n de los de abajo<\/p>\n<p>En el Centro Cultural Kirchner frente a gobernadores, empresarios, la CGT y de espaldas a las organizaciones sociales que se manifestaban en la calle, Macri volvi\u00f3 a cargar contra los sindicatos: \u201cno puede ser que haya m\u00e1s de 3 mil\u201d.<\/p>\n<p>\u201cParece que al Presidente no le gusta la Constituci\u00f3n Nacional cuando dice que organizarse libremente es un derecho de los trabajadores\u201d, se\u00f1al\u00f3 Hugo Godoy, quien remarc\u00f3 el hecho de que Macri no haya manifestado preocupaci\u00f3n por la cantidad de c\u00e1maras empresarias existentes.<\/p>\n<p>\u201cMe parece que esta serie de conceptos gen\u00e9ricos son reformas para modificar las condiciones laborales y organizacionales de los que menos tienen, y no de los que m\u00e1s tienen, que son en realidad los que han organizado una estructura de c\u00f3mo la riqueza se distribuye inequitativamente en nuestro pa\u00eds\u201d. Por eso, Godoy consider\u00f3 que \u201cel Presidente est\u00e1 apuntando a profundizar un esp\u00edritu regresivo de esas reformas\u201d.<\/p>\n<p>En esa l\u00ednea, Godoy tambi\u00e9n alert\u00f3 respecto al llamado del Ejecutivo Nacional a que las provincias adhieran a la ley de ART. \u201cLa salud y la enfermedad de los trabajadores y trabajadores va a quedar en manos del negocio de los bancos y financieras\u201d, dijo y agreg\u00f3 que hoy la Legislatura de la Provincia de Buenos Aires debatir\u00e1 si lo aprueba o no.<\/p>\n<p>Contra un Estado de mayor\u00edas<\/p>\n<p>En su discurso, en el que recurri\u00f3 a t\u00e9rminos elocuentes al llamar a \u201ctrazar un camino a futuro\u201d, Macri tambi\u00e9n dispar\u00f3 contra los abogados laboralistas y, nuevamente, contra los estatales.<\/p>\n<p>\u201cLa postura del Presidente no es discutir el modelo de Estado en funci\u00f3n de las necesidades de la poblaci\u00f3n sino poder demostrar algunas situaciones que son verdaderamente innecesarias y alentar despidos\u201d,&nbsp; evalu\u00f3 el dirigente quien agreg\u00f3 que esas expresiones, al proponer limitar las contrataciones en el Estado, justifican los despidos y la precarizaci\u00f3n.<\/p>\n<p>\u201cEn la pr\u00e1ctica concreta, va a significar que m\u00e1s de 600 mil trabajadores que son precarios en los estados provinciales y municipales queden en una precariedad eterna, porque el limite al nombramiento de personal limita los pases a planta permanente\u201d, explic\u00f3 Godoy.<\/p>\n<p>\u201cEsta serie de afirmaciones conceptuales gen\u00e9ricas van a tener un impacto regresivo muy importante hacia las condiciones de vida de miles de personas y de enriquecimiento de muy pocas\u201d, advirti\u00f3 el dirigente de ATE quien resalt\u00f3 que no es casual que Macri cuestione la cantidad de trabajadores de la Biblioteca y no el hecho de que la mitad del Estado Nacional pertenezca a las \u00e1reas de seguridad e inteligencia. \u201cPropone un modelo para el que es necesario alentar un \u201cesp\u00edritu de represi\u00f3n y control social\u201d, cerr\u00f3 Godoy.<\/p>\n<p>&nbsp;<\/p>\n","protected":false},"excerpt":{"rendered":"<p>Secretario General del Consejo Directivo Nacional analiz\u00f3 el discurso del Presidente Macri donde anunci\u00f3 un plan de medidas y dio claves del rumbo del Gobierno. Tras el triunfo electoral, ayer el Presidente Mauricio Macri present\u00f3 un \u201cplan de reformas\u201d que incluye cambios en el sistema previsional, tributario y en las leyes laborales. Hugo \u201cCachorro\u201d Godoy, [&hellip;]<\/p>\n","protected":false},"author":1,"featured_media":19220,"comment_status":"open","ping_status":"open","sticky":false,"template":"","format":"standard","meta":{"_exactmetrics_skip_tracking":false,"_exactmetrics_sitenote_active":false,"_exactmetrics_sitenote_note":"","_exactmetrics_sitenote_category":0,"jnews-multi-image_gallery":[],"jnews_single_post":[],"jnews_primary_category":[],"jnews_social_meta":[],"jnews_review":[],"enable_review":"","type":"","name":"","summary":"","brand":"","sku":"","good":[],"bad":[],"score_override":"","override_value":"","rating":[],"price":[],"jnews_override_counter":[],"jnews_post_split":[],"footnotes":""},"categories":[10],"tags":[],"class_list":["post-9248","post","type-post","status-publish","format-standard","has-post-thumbnail","hentry","category-accion-politica"],"jetpack_featured_media_url":"https:\/\/atecordoba.org\/wp-content\/uploads\/2020\/05\/logo-nuevochico-e1561581322808.png","_links":{"self":[{"href":"https:\/\/atecordoba.org\/index.php?rest_route=\/wp\/v2\/posts\/9248","targetHints":{"allow":["GET"]}}],"collection":[{"href":"https:\/\/atecordoba.org\/index.php?rest_route=\/wp\/v2\/posts"}],"about":[{"href":"https:\/\/atecordoba.org\/index.php?rest_route=\/wp\/v2\/types\/post"}],"author":[{"embeddable":true,"href":"https:\/\/atecordoba.org\/index.php?rest_route=\/wp\/v2\/users\/1"}],"replies":[{"embeddable":true,"href":"https:\/\/atecordoba.org\/index.php?rest_route=%2Fwp%2Fv2%2Fcomments&post=9248"}],"version-history":[{"count":0,"href":"https:\/\/atecordoba.org\/index.php?rest_route=\/wp\/v2\/posts\/9248\/revisions"}],"wp:featuredmedia":[{"embeddable":true,"href":"https:\/\/atecordoba.org\/index.php?rest_route=\/wp\/v2\/media\/19220"}],"wp:attachment":[{"href":"https:\/\/atecordoba.org\/index.php?rest_route=%2Fwp%2Fv2%2Fmedia&parent=9248"}],"wp:term":[{"taxonomy":"category","embeddable":true,"href":"https:\/\/atecordoba.org\/index.php?rest_route=%2Fwp%2Fv2%2Fcategories&post=9248"},{"taxonomy":"post_tag","embeddable":true,"href":"https:\/\/atecordoba.org\/index.php?rest_route=%2Fwp%2Fv2%2Ftags&post=9248"}],"curies":[{"name":"wp","href":"https:\/\/api.w.org\/{rel}","templated":true}]}}