{"id":9241,"date":"2017-11-01T12:47:22","date_gmt":"2017-11-01T15:47:22","guid":{"rendered":"http:\/\/www.atecordoba.org\/?p=9241"},"modified":"2017-11-01T12:47:22","modified_gmt":"2017-11-01T15:47:22","slug":"ate-universidad-nacional-de-cordoba-repudio-el-discurso-de-macri","status":"publish","type":"post","link":"https:\/\/atecordoba.org\/?p=9241","title":{"rendered":"ATE Universidad Nacional de C\u00f3rdoba repudi\u00f3 el discurso de Macri"},"content":{"rendered":"<p><em>Los trabajadores universitarios organizados en ATE rechazaron los conceptos del Presidente sobre el sistema universitario y la situaci\u00f3n laboral del sector.<\/em><\/p>\n<p><img loading=\"lazy\" decoding=\"async\" class=\"aligncenter size-full wp-image-9242\" src=\"http:\/\/www.atecordoba.org\/wp-content\/uploads\/2017\/11\/20170908_162818-e1509551196729.jpg\" alt=\"\" width=\"550\" height=\"309\"><\/p>\n<p>&nbsp;<\/p>\n<p>Tras el discurso del presidente Mauricio Macri realizado el d\u00eda 30 de Octubre de 2017, y considerando las desafortunadas declaraciones vertidas en el mismo respecto a las Universidades Nacionales y sus trabajadores, quienes nos desempe\u00f1amos como trabajadores\/as de la Universidad Nacional de C\u00f3rdoba nucleados en ATE manifestamos nuestro absoluto repudio a los anuncios realizados y sostenemos:<\/p>\n<ol>\n<li>Defender la Universidad Nacional p\u00fablica, laica y gratuita para toda la poblaci\u00f3n argentina, sosteniendo los principios de la Reforma del 18 que est\u00e1 pr\u00f3ximos a cumplir 100 a\u00f1os de aquella hist\u00f3rica gesta.<\/li>\n<li>Considerar inadmisible el sostener que la apertura de m\u00e1s universidades, y el consiguiente aumento de la planta de trabajadores en ellas, vaya en desmedro de la mayor oportunidad de acceso de la poblaci\u00f3n a los estudios superiores.<\/li>\n<li>Decir no al ajuste en Educaci\u00f3n y en el sistema cient\u00edfico nacional representado en CONICET, cuando se destinan cada d\u00eda m\u00e1s recursos para el pago de intereses de la deuda adquirida en este gobierno y en la denominada \u201cbicicleta financiera\u201d.<\/li>\n<li>Decir SI a la pluralidad de voces en la Universidad, y a la libertad de afiliarse libremente para mantener los derechos adquiridos y lograr aquellos que a\u00fan se siguen reclamando como la <strong>estabilidad laboral<\/strong> y el <strong>pase a planta permanente<\/strong> de cientos de compa\u00f1eros precarizados en su condici\u00f3n de trabajadores no docentes.<\/li>\n<\/ol>\n","protected":false},"excerpt":{"rendered":"<p>Los trabajadores universitarios organizados en ATE rechazaron los conceptos del Presidente sobre el sistema universitario y la situaci\u00f3n laboral del sector. &nbsp; Tras el discurso del presidente Mauricio Macri realizado el d\u00eda 30 de Octubre de 2017, y considerando las desafortunadas declaraciones vertidas en el mismo respecto a las Universidades Nacionales y sus trabajadores, quienes [&hellip;]<\/p>\n","protected":false},"author":1,"featured_media":19220,"comment_status":"open","ping_status":"open","sticky":false,"template":"","format":"standard","meta":{"_exactmetrics_skip_tracking":false,"_exactmetrics_sitenote_active":false,"_exactmetrics_sitenote_note":"","_exactmetrics_sitenote_category":0,"jnews-multi-image_gallery":[],"jnews_single_post":[],"jnews_primary_category":[],"jnews_social_meta":[],"jnews_review":[],"enable_review":"","type":"","name":"","summary":"","brand":"","sku":"","good":[],"bad":[],"score_override":"","override_value":"","rating":[],"price":[],"jnews_override_counter":[],"jnews_post_split":[],"footnotes":""},"categories":[89],"tags":[29,63],"class_list":["post-9241","post","type-post","status-publish","format-standard","has-post-thumbnail","hentry","category-unc","tag-nacionales-2","tag-unc"],"jetpack_featured_media_url":"https:\/\/atecordoba.org\/wp-content\/uploads\/2020\/05\/logo-nuevochico-e1561581322808.png","_links":{"self":[{"href":"https:\/\/atecordoba.org\/index.php?rest_route=\/wp\/v2\/posts\/9241","targetHints":{"allow":["GET"]}}],"collection":[{"href":"https:\/\/atecordoba.org\/index.php?rest_route=\/wp\/v2\/posts"}],"about":[{"href":"https:\/\/atecordoba.org\/index.php?rest_route=\/wp\/v2\/types\/post"}],"author":[{"embeddable":true,"href":"https:\/\/atecordoba.org\/index.php?rest_route=\/wp\/v2\/users\/1"}],"replies":[{"embeddable":true,"href":"https:\/\/atecordoba.org\/index.php?rest_route=%2Fwp%2Fv2%2Fcomments&post=9241"}],"version-history":[{"count":0,"href":"https:\/\/atecordoba.org\/index.php?rest_route=\/wp\/v2\/posts\/9241\/revisions"}],"wp:featuredmedia":[{"embeddable":true,"href":"https:\/\/atecordoba.org\/index.php?rest_route=\/wp\/v2\/media\/19220"}],"wp:attachment":[{"href":"https:\/\/atecordoba.org\/index.php?rest_route=%2Fwp%2Fv2%2Fmedia&parent=9241"}],"wp:term":[{"taxonomy":"category","embeddable":true,"href":"https:\/\/atecordoba.org\/index.php?rest_route=%2Fwp%2Fv2%2Fcategories&post=9241"},{"taxonomy":"post_tag","embeddable":true,"href":"https:\/\/atecordoba.org\/index.php?rest_route=%2Fwp%2Fv2%2Ftags&post=9241"}],"curies":[{"name":"wp","href":"https:\/\/api.w.org\/{rel}","templated":true}]}}