{"id":9238,"date":"2017-10-30T13:44:03","date_gmt":"2017-10-30T16:44:03","guid":{"rendered":"http:\/\/www.atecordoba.org\/?p=9238"},"modified":"2017-10-30T13:44:03","modified_gmt":"2017-10-30T16:44:03","slug":"fabricaciones-militares-esto-ya-paso-en-los-90","status":"publish","type":"post","link":"https:\/\/atecordoba.org\/?p=9238","title":{"rendered":"Fabricaciones Militares: \u201cEsto ya pas\u00f3 en los 90\u201d"},"content":{"rendered":"<p><em>Los trabajadores y las trabajadoras de Fabricaciones Militares de todo el pa\u00eds ir\u00e1n a un paro sectorial el pr\u00f3ximo 3 de noviembre.<\/em><\/p>\n<p><img loading=\"lazy\" decoding=\"async\" class=\"aligncenter size-full wp-image-9239\" src=\"http:\/\/www.atecordoba.org\/wp-content\/uploads\/2017\/10\/FFMM-plenario-resuleve-paro-27-10-e1509381778417.jpg\" alt=\"\" width=\"550\" height=\"275\"><\/p>\n<p>(Prensa ATE Nacional)<\/p>\n<p>En el marco de los plenarios que viene realizando los trabajadores de Fabricaciones Militares, delegados rosarinos llevaron adelante un plenario donde trataron el vaciamiento de esta industria emblema y la ausencia de respuesta por parte del ministro de Defensa, Oscar Aguad, ante los reiterados pedidos de audiencia solicitados por ATE.<\/p>\n<p>Frente a esta situaci\u00f3n Fernando Peyrano, de la Junta Interna de la F\u00e1brica Militar de Fray Luis Beltr\u00e1n explic\u00f3 la realidad que atraviesa la sectorial.<\/p>\n<p><strong>&#8211; Ustedes participaron de un plenario nacional de Fabricaciones Militares. \u00bfCu\u00e1l es la situaci\u00f3n en general de este sector?<\/strong><\/p>\n<p>Esto viene desde la intervenci\u00f3n de este nuevo gobierno, donde empezaron los recortes a nivel de obras, licitaciones para el desarrollo de sectores que todav\u00eda estaban con la intervenci\u00f3n anterior en un nivel de modernizaci\u00f3n. Empezaron con los recortes de insumos, ah\u00ed es donde se comienza con toda la resistencia porque hay insumos y servicios vitales, el transporte, los bidones de agua, los insumos para los botiquines, que son necesarios para los trabajadores. Y tanto llega esta deuda de proveedores que no la pudieron sostener, en estos meses incrementaron la deuda hacia proveedores y dem\u00e1s. Entonces se les fue de las manos, no lograron m\u00e1s proveedores y llegamos a un punto cr\u00edtico que estuvimos parados dos meses sin producci\u00f3n.<\/p>\n<p>Y las otras f\u00e1bricas peor, ya que la metalmec\u00e1nica, que se hab\u00eda hecho una planta para construir vagones, no tuvo ning\u00fan tipo de trabajo espec\u00edfico y los vagones se siguen trayendo, desde la intervenci\u00f3n de Randazzo y hasta ahora, de afuera. No hay ning\u00fan inter\u00e9s de que por lo menos se haga un mantenimiento interno de los vagones, de ac\u00e1 de Argentina. Ni tampoco hay inter\u00e9s de que se hagan rodados de otro tipo que se puede hacer con esa metalmec\u00e1nica.<\/p>\n<p>Villa Mar\u00eda lo mismo, con el tema de la p\u00f3lvora. El tema de Azul o de J\u00e1chal que son entidades fabriles que producen p\u00f3lvora o productos para la miner\u00eda. Todo eso est\u00e1 ca\u00eddo y no le buscan la vuelta.<\/p>\n<p><strong>&#8211; \u00bfC\u00f3mo se lleg\u00f3 a esa situaci\u00f3n?<\/strong><\/p>\n<p>Se baj\u00f3 la producci\u00f3n a un nivel menor que el est\u00e1ndar y ellos ven ahora con esos datos la no rentabilidad de la f\u00e1brica. Que no est\u00e1n hechas las f\u00e1bricas para ser una empresa rentable, sino para que sean la fabricaci\u00f3n y el abastecimiento a las fuerzas armadas. Tenemos una serie de productos con los que podemos, en teor\u00eda, tener los puestos de trabajo cubiertos y tener una rentabilidad mayor a\u00fan. Pero las personas del gobierno de turno no tienen la capacidad para hacer convenios con las provincias, de que tengan el compromiso de comprarte. Esto lleva a que tengan acuerdos entre ellos, entre amigos y entonces hacen convenios con otros pa\u00edses donde ya no es la fabricaci\u00f3n de una pistola, sino que es un sistema de embalajes, y ni de embalaje: vienen las pistolas hechas y nosotros las certificamos en la aduana. Es un negocio que hacen ellos, de pasamanos en la cual ni siquiera dejan un remanente de plata para la modernizaci\u00f3n de la planta de armas. No tienen ning\u00fan tipo de inter\u00e9s en el respeto de la mano de obra especializada ni dem\u00e1s. Eso por el tema de armamentos, por el tema de chalecos lo mismo, no tienen la capacidad de hacer convenios con las provincias y que nosotros abastezcamos los chalecos de las diferentes provincias. Con lo cual \u00e9stos pueden venir de Israel, pueden venir de Estados Unidos o pueden venir de diferentes lugares.<\/p>\n<p>Est\u00e1n haciendo todo para que se diga que (la f\u00e1brica) no es rentable. As\u00ed, este a\u00f1o no fue realmente productivo, termin\u00f3 con la renuncia de Mart\u00ednez y de ese equipo t\u00e9cnico, que hoy agarra Aguad. Y vinieron personas del equipo t\u00e9cnico, de recursos humanos, para empezar a hablar de rentabilidad, para empezar a hablar de &#8216;sobredimensi\u00f3n&#8217; de personal. Para lo cual, no hace falta tener mucho conocimiento sobre las causas, vienen o van a ir por las paritarias para empezar con esto de achicar. Nosotros ya tuvimos un achique con las bajas vegetativas y ellos no generaron m\u00e1s vacantes.<\/p>\n<p><strong>&#8211; En ese sentido, \u00bfcu\u00e1les son las condiciones laborales en Fabricaciones Militares?<\/strong><\/p>\n<p>El a\u00f1o que viene estar\u00edamos hablando de m\u00e1s del 85% en general de todas las plantas de Fabricaciones, y en Beltr\u00e1n llegamos a un 90 o 93%, del personal precarizado. Y tenemos un contrato anual, con lo cual quedar\u00edamos en una empresa fantasma.<\/p>\n<p>El 90 % de la f\u00e1brica de Beltr\u00e1n est\u00e1 precarizado con contratos anuales, con 18, 15, 10, 5 y 3 a\u00f1os, tengo antig\u00fcedad para nombrarte de todo tipo. Es una lucha que viene de gobiernos anteriores pero te cambian los par\u00e1metros, porque hoy te llevan a que pelees por la renovaci\u00f3n de los contratos pr\u00f3ximos y el a\u00f1o que viene el pase a planta. Van cambiando los par\u00e1metros, pedimos planes productivos porque con trabajo es rentable, damos todo para poder ser rentables y que no nos lleven a la quiebra.<\/p>\n<p>Ellos plantean una teor\u00eda del 51-49, 51% estatal, 49% privado, o viceversa. Pero ya sabemos c\u00f3mo termina esto, no es la mejor opci\u00f3n pero esas son las herramientas que plantean ellos.<\/p>\n<p><strong>&#8211; \u00bfQue se defini\u00f3 en el plenario realizado en Buenos Aires?<\/strong><\/p>\n<p>Hace 15 d\u00edas decidimos en un plenario de todas las f\u00e1bricas del pa\u00eds, como primera medida, ir el d\u00eda 5 de octubre a la puerta de sede central en Buenos Aires donde se encuentran los funcionarios. Hicimos una conferencia de prensa donde dimos cuenta de nuestra realidad. Y tambi\u00e9n se determin\u00f3 en el plenario que el d\u00eda 3 de noviembre movilicemos todas las dependencias fabriles del pa\u00eds, R\u00edo Tercero, Villa Mar\u00eda, Azul, incluida tambi\u00e9n Fray Luis Beltr\u00e1n. Vamos a ir todos a un paro de Fabricaciones y viajaremos a Buenos Aires a manifestar el descontento y demostrar a las autoridades que vamos a pelear, a pelear por las luchas de nuestros viejos l\u00edderes, porque esto ya pas\u00f3 en los &#8217;90. Y hoy somos j\u00f3venes y sabemos que nadie nos regala nada. Estamos en contra de la precarizaci\u00f3n laboral y por los puestos de trabajo. Queremos trabajo y tener continuidad y que se comprometan con las provincias para conseguir planes productivos.<\/p>\n<p><strong>-Ustedes tienen la particularidad de la defensa de los puestos de trabajo. \u00bfQu\u00e9 pasa con el salario en Fabricaciones Militares?<\/strong><\/p>\n<p>En los \u00faltimos diez a\u00f1os fue una lucha. Nos encontramos con que el sueldo en Fabricaciones Militares era el m\u00e1s bajo de todo el Cord\u00f3n Industrial, con una lucha que iba de la mano de los contratados, que \u00e9ramos j\u00f3venes. En 2004 tuvimos una carpa 72 d\u00edas, despu\u00e9s tuvimos la conciencia para seguir peleando por un porcentaje. Nosotros no tenemos convenio colectivo sectorial desde el a\u00f1o 1976, y no discutimos paritarias. En el 2006, nos nombran en el convenio colectivo pero nunca nos citaron a discutir el convenio. Claramente, si habl\u00e1ramos de convenio colectivo sectorial tendr\u00edamos que tener a todos los trabajadores en planta permanente. Entonces fuimos desarrollando medidas mediante las cuales fuimos engrosando porcentajes del sueldo en negro, y lleg\u00f3 un momento en que ten\u00edamos la mitad o un poco m\u00e1s de la mitad del sueldo en negro y la otra parte en blanco, y la logramos \u201cblanquear\u201d. Pero hubo un proceso de lucha de los \u201cfabriqueros\u201d: fueron momentos en los que pudimos sostener esto para pasar a depender del Estado en 2007 y tener un contrato con el Estado y no como la cooperativa \u201cGerm\u00e1n Abdala\u201d. Esa fue una herramienta para tomar a los compa\u00f1eros que hab\u00edan echado en los &#8217;90 y tambi\u00e9n a los hijos de esos compa\u00f1eros. Es una gran familia Fray Luis Beltr\u00e1n y todas las dependencias fabriles del resto del pa\u00eds. Logramos eso, pasamos al Ministerio de Defensa, logramos el blanqueo de las sumas en negro.<\/p>\n<p>Hoy cambiaron las gestiones y es todo nuevo, hay que volver por algunas cosas, pero la discusi\u00f3n a nivel salarial es favorable, no se encuentran los salarios en la misma situaci\u00f3n que en otros sectores del Ministerio de Defensa. Igualmente, como sabemos todos, no alcanza la suma de la canasta b\u00e1sica, pero no estamos en la misma situaci\u00f3n.<\/p>\n","protected":false},"excerpt":{"rendered":"<p>Los trabajadores y las trabajadoras de Fabricaciones Militares de todo el pa\u00eds ir\u00e1n a un paro sectorial el pr\u00f3ximo 3 de noviembre. (Prensa ATE Nacional) En el marco de los plenarios que viene realizando los trabajadores de Fabricaciones Militares, delegados rosarinos llevaron adelante un plenario donde trataron el vaciamiento de esta industria emblema y la [&hellip;]<\/p>\n","protected":false},"author":1,"featured_media":19220,"comment_status":"open","ping_status":"open","sticky":false,"template":"","format":"standard","meta":{"_exactmetrics_skip_tracking":false,"_exactmetrics_sitenote_active":false,"_exactmetrics_sitenote_note":"","_exactmetrics_sitenote_category":0,"jnews-multi-image_gallery":[],"jnews_single_post":[],"jnews_primary_category":[],"jnews_social_meta":[],"jnews_review":[],"enable_review":"","type":"","name":"","summary":"","brand":"","sku":"","good":[],"bad":[],"score_override":"","override_value":"","rating":[],"price":[],"jnews_override_counter":[],"jnews_post_split":[],"footnotes":""},"categories":[17,18],"tags":[],"class_list":["post-9238","post","type-post","status-publish","format-standard","has-post-thumbnail","hentry","category-fabricaciones-militares","category-nacionales"],"jetpack_featured_media_url":"https:\/\/atecordoba.org\/wp-content\/uploads\/2020\/05\/logo-nuevochico-e1561581322808.png","_links":{"self":[{"href":"https:\/\/atecordoba.org\/index.php?rest_route=\/wp\/v2\/posts\/9238","targetHints":{"allow":["GET"]}}],"collection":[{"href":"https:\/\/atecordoba.org\/index.php?rest_route=\/wp\/v2\/posts"}],"about":[{"href":"https:\/\/atecordoba.org\/index.php?rest_route=\/wp\/v2\/types\/post"}],"author":[{"embeddable":true,"href":"https:\/\/atecordoba.org\/index.php?rest_route=\/wp\/v2\/users\/1"}],"replies":[{"embeddable":true,"href":"https:\/\/atecordoba.org\/index.php?rest_route=%2Fwp%2Fv2%2Fcomments&post=9238"}],"version-history":[{"count":0,"href":"https:\/\/atecordoba.org\/index.php?rest_route=\/wp\/v2\/posts\/9238\/revisions"}],"wp:featuredmedia":[{"embeddable":true,"href":"https:\/\/atecordoba.org\/index.php?rest_route=\/wp\/v2\/media\/19220"}],"wp:attachment":[{"href":"https:\/\/atecordoba.org\/index.php?rest_route=%2Fwp%2Fv2%2Fmedia&parent=9238"}],"wp:term":[{"taxonomy":"category","embeddable":true,"href":"https:\/\/atecordoba.org\/index.php?rest_route=%2Fwp%2Fv2%2Fcategories&post=9238"},{"taxonomy":"post_tag","embeddable":true,"href":"https:\/\/atecordoba.org\/index.php?rest_route=%2Fwp%2Fv2%2Ftags&post=9238"}],"curies":[{"name":"wp","href":"https:\/\/api.w.org\/{rel}","templated":true}]}}