{"id":9226,"date":"2017-10-26T11:09:38","date_gmt":"2017-10-26T14:09:38","guid":{"rendered":"http:\/\/www.atecordoba.org\/?p=9226"},"modified":"2017-10-26T11:09:38","modified_gmt":"2017-10-26T14:09:38","slug":"ate-se-movilizo-a-las-puertas-del-inta","status":"publish","type":"post","link":"https:\/\/atecordoba.org\/?p=9226","title":{"rendered":"ATE se moviliz\u00f3 a las puertas del INTA"},"content":{"rendered":"<p><strong>Fue en rechazo a un informe presentado por Modernizaci\u00f3n que pone en riesgo 750 puestos de trabajo.<\/strong><\/p>\n<p><img loading=\"lazy\" decoding=\"async\" class=\"aligncenter size-full wp-image-9229\" src=\"http:\/\/www.atecordoba.org\/wp-content\/uploads\/2017\/10\/c48436bc188047cd6555ffb470475e4f_m-e1509026334600.jpg\" alt=\"\" width=\"600\" height=\"405\"><\/p>\n<p>&nbsp;<\/p>\n<p>ATE INTA y el Consejo Directivo Nacional de ATE se movilizaron a la sede central del Instituto Nacional de Tecnolog\u00eda Agropecuaria para rechazar un informe presentado por el Ministerio de Modernizaci\u00f3n. \u201cSin el menor rigor metodol\u00f3gico y desconociendo el organigrama y la funciones sustantivas del INTA (el ministerio) ha llevado adelante un&nbsp; informe ilegitimo y desnaturalizado donde&nbsp; pone de manifiesto la superposici\u00f3n y el excedente de 740 puestos de trabajo, que sin duda alguna en un futuro inmediato pueden representar 750 despidos de trabajadores de planta permanente\u201d, expresa el documento entregado por el gremio al directorio del organismo.<\/p>\n<p>Los trabajadores y trabajadoras del INTA, acompa\u00f1ados por el CDN de ATE, por ANUSATE Capital, juntas internas de otros sectores y organismos, y de seccionales del AMBA, se manifestaron as\u00ed en defensa de las fuentes de trabajo, por el pase a planta permanente, contra el ajuste y el desfinanciamiento del organismo.<\/p>\n<p>&nbsp;<\/p>\n<p><img loading=\"lazy\" decoding=\"async\" class=\"aligncenter size-full wp-image-9228\" src=\"http:\/\/www.atecordoba.org\/wp-content\/uploads\/2017\/10\/10946_6195-e1509026187853.jpg\" alt=\"\" width=\"600\" height=\"400\"><\/p>\n<p>&nbsp;<\/p>\n<p>A partir de la protesta, se logr\u00f3 que dirigentes de ATE sean recibidos por la direcci\u00f3n de INTA para entregarles el documento el que tambi\u00e9n se indica que \u201cel reporte de Modernizaci\u00f3n vulnera la ley de autarqu\u00eda del INTA, pasando por encima de toda su estructura organizacional y desconociendo sus planificaciones de RRHH, su r\u00e9gimen de estructura, como as\u00ed tambi\u00e9n el&nbsp;&nbsp; PEI (plan estrat\u00e9gico institucional)\u201d. \u201cM\u00e1s grave nos parece este informe porque el INTA, producto de una pol\u00edtica deliberada del Ejecutivo Nacional, actualmente ha ca\u00eddo en un grave desfinaciamiento\u201d, agrega el texto.<\/p>\n<p><b><strong style=\"font-style: inherit;\">Una herramienta de ajuste<\/strong><\/b><\/p>\n<p>En el acto realizado frente a la sede central, Jos\u00e9 Luis Perea, delegado de ATE INTI se\u00f1al\u00f3: \u201cEsta es una movilizaci\u00f3n que pretende reorganizar a todos los trabajadores del INTA y exigirle a los nuevos miembros de Consejo Directivo &nbsp;del Instituto que rechacen este informe tendencioso, que es una herramienta para el ajuste y para despedir trabajadores\u201d.<\/p>\n<p>&nbsp;<\/p>\n<p><img loading=\"lazy\" decoding=\"async\" class=\"aligncenter size-full wp-image-9227\" src=\"http:\/\/www.atecordoba.org\/wp-content\/uploads\/2017\/10\/10946_6199-e1509026172625.jpg\" alt=\"\" width=\"600\" height=\"400\"><\/p>\n<p>&nbsp;<\/p>\n<p>Perea inform\u00f3 que, a mediados de noviembre, se reunir\u00e1n todos los delegados de la mesa nacional de INTA para construir un plan de lucha.<\/p>\n<p>En el acto tambi\u00e9n estuvo Antonio Borja, en representaci\u00f3n de la seccional Ituzaing\u00f3 del INTA, quien salud\u00f3 la organizaci\u00f3n y la lucha de los trabajadores y trabajadoras de ATE: \u201cATE es el \u00fanico gremio que est\u00e1 en la calle\u201d dijo, y a\u00f1adi\u00f3: \u201ceste no es un problema solo de INTA sino de todos los&nbsp; trabajadores\u201d.<\/p>\n<p><b><strong style=\"font-style: inherit;\">ATE y la CTA est\u00e1n dispuestos a luchar<\/strong><\/b><\/p>\n<p>El cierre del acto estuvo a cargo de Mario Mu\u00f1oz, Secretario Gremial de ATE Nacional, quien transmiti\u00f3 el apoyo y la solidaridad de la Conducci\u00f3n Nacional de ATE. Mu\u00f1oz cuestion\u00f3 el accionar que viene llevando adelante el Ministerio de Modernizaci\u00f3n y respecto a lo que sucede en INTA afirm\u00f3: \u201cSi estos tipos supieran algo de modernizaci\u00f3n lo primero que tendr\u00edan que haber hecho en el INTA es ir a ver la situaci\u00f3n en la que viaja el personal para ir a trabajar, en colectivos desastrosos, sin las condiciones de seguridad necesarias\u201d. \u201cNos vienen a decir que modernizaci\u00f3n significa echar trabajadores y entregar el trabajo de los trabajadores a manos privadas\u201d, critic\u00f3.<\/p>\n<p>Mu\u00f1oz tambi\u00e9n cuestion\u00f3 al Ministro de Agricultura de la Naci\u00f3n, Ricardo Buryail, por \u201cquerer transferir tareas estatales a manos de sus amigos empresarios\u201d. \u201cATE va a luchar por todos los trabajadores, hay que defender la tarea del Estado para garantizar que a cada campo y cada quinta llegue la tecnolog\u00eda que son capaces de instrumentar los trabajadores del INTA\u201d, remarc\u00f3.<\/p>\n<p>Antes de finalizar cuestion\u00f3 a la conducci\u00f3n de la CGT por sentarse a negociar con el Gobierno la reforma laboral. \u201cFrente a ello, ATE y nuestra CTA est\u00e1n dispuestos a luchar para defender a los trabajadores, como luchamos en los `90, durante el Gobierno de la Alianza, de Duhalde, del kirchnerismo\u201d, cerr\u00f3.<\/p>\n<p>&nbsp;<\/p>\n<p><b><strong style=\"font-style: inherit;\">Prensa ATE<\/strong><\/b><\/p>\n","protected":false},"excerpt":{"rendered":"<p>Fue en rechazo a un informe presentado por Modernizaci\u00f3n que pone en riesgo 750 puestos de trabajo. &nbsp; ATE INTA y el Consejo Directivo Nacional de ATE se movilizaron a la sede central del Instituto Nacional de Tecnolog\u00eda Agropecuaria para rechazar un informe presentado por el Ministerio de Modernizaci\u00f3n. \u201cSin el menor rigor metodol\u00f3gico y [&hellip;]<\/p>\n","protected":false},"author":1,"featured_media":19220,"comment_status":"open","ping_status":"open","sticky":false,"template":"","format":"standard","meta":{"_exactmetrics_skip_tracking":false,"_exactmetrics_sitenote_active":false,"_exactmetrics_sitenote_note":"","_exactmetrics_sitenote_category":0,"jnews-multi-image_gallery":[],"jnews_single_post":[],"jnews_primary_category":[],"jnews_social_meta":[],"jnews_review":[],"enable_review":"","type":"","name":"","summary":"","brand":"","sku":"","good":[],"bad":[],"score_override":"","override_value":"","rating":[],"price":[],"jnews_override_counter":[],"jnews_post_split":[],"footnotes":""},"categories":[10,139,18],"tags":[],"class_list":["post-9226","post","type-post","status-publish","format-standard","has-post-thumbnail","hentry","category-accion-politica","category-inta","category-nacionales"],"jetpack_featured_media_url":"https:\/\/atecordoba.org\/wp-content\/uploads\/2020\/05\/logo-nuevochico-e1561581322808.png","_links":{"self":[{"href":"https:\/\/atecordoba.org\/index.php?rest_route=\/wp\/v2\/posts\/9226","targetHints":{"allow":["GET"]}}],"collection":[{"href":"https:\/\/atecordoba.org\/index.php?rest_route=\/wp\/v2\/posts"}],"about":[{"href":"https:\/\/atecordoba.org\/index.php?rest_route=\/wp\/v2\/types\/post"}],"author":[{"embeddable":true,"href":"https:\/\/atecordoba.org\/index.php?rest_route=\/wp\/v2\/users\/1"}],"replies":[{"embeddable":true,"href":"https:\/\/atecordoba.org\/index.php?rest_route=%2Fwp%2Fv2%2Fcomments&post=9226"}],"version-history":[{"count":0,"href":"https:\/\/atecordoba.org\/index.php?rest_route=\/wp\/v2\/posts\/9226\/revisions"}],"wp:featuredmedia":[{"embeddable":true,"href":"https:\/\/atecordoba.org\/index.php?rest_route=\/wp\/v2\/media\/19220"}],"wp:attachment":[{"href":"https:\/\/atecordoba.org\/index.php?rest_route=%2Fwp%2Fv2%2Fmedia&parent=9226"}],"wp:term":[{"taxonomy":"category","embeddable":true,"href":"https:\/\/atecordoba.org\/index.php?rest_route=%2Fwp%2Fv2%2Fcategories&post=9226"},{"taxonomy":"post_tag","embeddable":true,"href":"https:\/\/atecordoba.org\/index.php?rest_route=%2Fwp%2Fv2%2Ftags&post=9226"}],"curies":[{"name":"wp","href":"https:\/\/api.w.org\/{rel}","templated":true}]}}