{"id":9222,"date":"2017-10-25T12:51:58","date_gmt":"2017-10-25T15:51:58","guid":{"rendered":"http:\/\/www.atecordoba.org\/?p=9222"},"modified":"2017-10-25T12:51:58","modified_gmt":"2017-10-25T15:51:58","slug":"parques-nacionales-ate-critica-accionar-del-ministro-bergman-y-prepara-medidas","status":"publish","type":"post","link":"https:\/\/atecordoba.org\/?p=9222","title":{"rendered":"Parques Nacionales: ATE critica accionar del Ministro Bergman y prepara medidas"},"content":{"rendered":"<p>La&nbsp;<strong>Asociaci\u00f3n de Trabajadores de Estado (ATE) de R\u00edo Negro&nbsp;<\/strong>denuncia el accionar de las autoridades de la Administraci\u00f3n de Parques Nacionales (APN) que se hab\u00edan comprometido a recibir a la Coordinaci\u00f3n Nacional de ATE el d\u00eda de ayer en Iguaz\u00fa, en el marco de la conmemoraci\u00f3n &nbsp;por el d\u00eda del Guardaparque. En dicho evento estar\u00eda el Presidente de la Naci\u00f3n, Mauricio Macri y el Ministro de Medio Ambiente, Sergio Bergman, a quien se le iba a entregar un petitorio. Sin embargo, no solo faltaron a su palabra, sino que mantuvieron a los trabajadores alejados del acto principal y vigilados por la gendarmer\u00eda. &nbsp;&nbsp;<\/p>\n<p><img loading=\"lazy\" decoding=\"async\" class=\"aligncenter size-full wp-image-9224\" src=\"http:\/\/www.atecordoba.org\/wp-content\/uploads\/2017\/10\/64b6e75e-ab31-4bca-9715-bc7a60cb4585-e1508946404759.jpg\" alt=\"\" width=\"600\" height=\"338\"><\/p>\n<p>Cabe destacar que la Coordinaci\u00f3n tuvo una reuni\u00f3n a primera hora de la ma\u00f1ana con representantes del Directorio de Parques, entre los que se encontraba el jefe de Gabinete Santiago Montanaro, a quien se le record\u00f3 el compromiso que ya hab\u00eda manifestado previamente respecto a gestionar una audiencia con el Ministro Bergman.<\/p>\n<p>Sin embargo, antes incluso del arribo del presidente y el Ministro, los trabajadores fueron desplazados de manera intimidatoria y desalojados de Viejo Hotel Cataratas, aludiendo la seguridad del Presidente. \u201cPor si esto fuera poco nos opusieron cerca de 20 gendarmes como custodia, como si no fu\u00e9semos trabajadores de la APN sino usurpadores de la instituci\u00f3n\u201d, detallan desde la Coordinaci\u00f3n.<\/p>\n<p>\u201cEl Ministro nunca nos recibi\u00f3, usando como escudo a la guardia presidencial para mantenerse alejado, siendo que estaba informado del petitorio\u201d, describi\u00f3<strong>&nbsp;Jos\u00e9 Luis Quintriqueo, Delegado en el Parque Nacional Nahuel Huapi e integrante de la Coordinaci\u00f3n Nacional de ATE,<\/strong>&nbsp;claramente decepcionado.<\/p>\n<p><img loading=\"lazy\" decoding=\"async\" class=\"aligncenter size-full wp-image-9223\" src=\"http:\/\/www.atecordoba.org\/wp-content\/uploads\/2017\/10\/81bc240e-02b4-44ed-85c8-c49b1ac3d529-e1508946459466.jpg\" alt=\"\" width=\"600\" height=\"338\"><\/p>\n<p>\u201cTerminamos de constatar que no hay ninguna intenci\u00f3n de di\u00e1logo y sentimos como una falta absoluta de respeto hacia los trabajadores, algunos de los cuales tenemos casi 20 a\u00f1os de servicio, evidentemente ellos quer\u00edan tener su propia fiesta y nos desalojaron de nuestra propia casa\u201d, se\u00f1al\u00f3 el dirigente.<\/p>\n<p>Asimismo, se denunci\u00f3 que el Ministro no tiene el menor inter\u00e9s en solucionar los problemas &nbsp;de los trabajadores y trabajadoras, demostrando la total inoperancia en el cargo. Por otro lado, cabe destacar que el mismo presidente de Parques, Eugenio Breard, luego de \u201cla comitiva caricaturesca\u201d, como describen los trabajadores, no se acerc\u00f3 a dialogar con ellos \u201chuyendo por detr\u00e1s del hotel\u201d sin dar la cara por las promesas incumplidas.<\/p>\n<p>Por todo esto, la Coordinaci\u00f3n llam\u00f3 a mantenerse en estado de Alerta y Movilizaci\u00f3n en forma continua en toda la Administraci\u00f3n, hasta tanto el Ministro y el Presidente de Parques den respuesta a las demandas del sector expuestas en el petitorio que fue oportunamente difundido.&nbsp;Asimismo, se analizar\u00e1n medidas de fuerza en cada Asamblea para dar continuidad a un plan de lucha.&nbsp;<\/p>\n","protected":false},"excerpt":{"rendered":"<p>La&nbsp;Asociaci\u00f3n de Trabajadores de Estado (ATE) de R\u00edo Negro&nbsp;denuncia el accionar de las autoridades de la Administraci\u00f3n de Parques Nacionales (APN) que se hab\u00edan comprometido a recibir a la Coordinaci\u00f3n Nacional de ATE el d\u00eda de ayer en Iguaz\u00fa, en el marco de la conmemoraci\u00f3n &nbsp;por el d\u00eda del Guardaparque. En dicho evento estar\u00eda el [&hellip;]<\/p>\n","protected":false},"author":1,"featured_media":19220,"comment_status":"open","ping_status":"open","sticky":false,"template":"","format":"standard","meta":{"_exactmetrics_skip_tracking":false,"_exactmetrics_sitenote_active":false,"_exactmetrics_sitenote_note":"","_exactmetrics_sitenote_category":0,"jnews-multi-image_gallery":[],"jnews_single_post":[],"jnews_primary_category":[],"jnews_social_meta":[],"jnews_review":[],"enable_review":"","type":"","name":"","summary":"","brand":"","sku":"","good":[],"bad":[],"score_override":"","override_value":"","rating":[],"price":[],"jnews_override_counter":[],"jnews_post_split":[],"footnotes":""},"categories":[10,18,96],"tags":[],"class_list":["post-9222","post","type-post","status-publish","format-standard","has-post-thumbnail","hentry","category-accion-politica","category-nacionales","category-parques-nacionales-2"],"jetpack_featured_media_url":"https:\/\/atecordoba.org\/wp-content\/uploads\/2020\/05\/logo-nuevochico-e1561581322808.png","_links":{"self":[{"href":"https:\/\/atecordoba.org\/index.php?rest_route=\/wp\/v2\/posts\/9222","targetHints":{"allow":["GET"]}}],"collection":[{"href":"https:\/\/atecordoba.org\/index.php?rest_route=\/wp\/v2\/posts"}],"about":[{"href":"https:\/\/atecordoba.org\/index.php?rest_route=\/wp\/v2\/types\/post"}],"author":[{"embeddable":true,"href":"https:\/\/atecordoba.org\/index.php?rest_route=\/wp\/v2\/users\/1"}],"replies":[{"embeddable":true,"href":"https:\/\/atecordoba.org\/index.php?rest_route=%2Fwp%2Fv2%2Fcomments&post=9222"}],"version-history":[{"count":0,"href":"https:\/\/atecordoba.org\/index.php?rest_route=\/wp\/v2\/posts\/9222\/revisions"}],"wp:featuredmedia":[{"embeddable":true,"href":"https:\/\/atecordoba.org\/index.php?rest_route=\/wp\/v2\/media\/19220"}],"wp:attachment":[{"href":"https:\/\/atecordoba.org\/index.php?rest_route=%2Fwp%2Fv2%2Fmedia&parent=9222"}],"wp:term":[{"taxonomy":"category","embeddable":true,"href":"https:\/\/atecordoba.org\/index.php?rest_route=%2Fwp%2Fv2%2Fcategories&post=9222"},{"taxonomy":"post_tag","embeddable":true,"href":"https:\/\/atecordoba.org\/index.php?rest_route=%2Fwp%2Fv2%2Ftags&post=9222"}],"curies":[{"name":"wp","href":"https:\/\/api.w.org\/{rel}","templated":true}]}}