{"id":9217,"date":"2017-10-25T10:56:01","date_gmt":"2017-10-25T13:56:01","guid":{"rendered":"http:\/\/www.atecordoba.org\/?p=9217"},"modified":"2017-10-25T10:56:01","modified_gmt":"2017-10-25T13:56:01","slug":"ordenan-reinstalacion-definitiva-de-un-delegado-de-ate-en-unquillo","status":"publish","type":"post","link":"https:\/\/atecordoba.org\/?p=9217","title":{"rendered":"Ordenan reinstalaci\u00f3n definitiva de un delegado de ATE en Unquillo"},"content":{"rendered":"<p><strong>La Justicia Provincial orden\u00f3 la reinstalaci\u00f3n definitiva de un delegado de ATE en la planta permanente del Municipio de Unquillo.&nbsp;Sin duda alguna este fallo es una muy buena noticia para los\/as trabajadores\/as municipales atento que garantiza su derecho a la libertad de organizarse en ATE para defender sus derechos y mejorar sus condiciones de vida y de trabajo.<\/strong><\/p>\n<p>Lucas Bustamante, junto con los delegados Antonio Aredes, Roxana Bustos y Miguel Rodr\u00edguez fueron despedidos a finales del mes de diciembre de 2015, en virtud del Decreto 194\/2015 que revoc\u00f3 la designaci\u00f3n de los citados compa\u00f1eros en la planta permanente del Municipio de Unquillo.<\/p>\n<p>Mediante sentencia de fecha 20 de octubre del cte., en la causa <em>\u201cBustamante Lucas Ariel c\/ Municipalidad de Unquillo -procedimiento sumario-acci\u00f3n de reinstalaci\u00f3n\u201d <\/em>(Expte. N\u00b0 3287138), la Sala 5\u00b0 de la C\u00e1mara de Apelaciones del Trabajo de la Provincia de C\u00f3rdoba, rechaz\u00f3 el recurso de apelaci\u00f3n interpuesto por los asesores letrados de la Municipalidad de Unquillo, confirmando de este modo la reinstalaci\u00f3n definitiva de Lucas Bustamante, delegado de ATE, en la planta permanente del Municipio.<\/p>\n<p>De forma preliminar, la Asesor\u00eda Jur\u00eddica del Consejo Directivo Provincial C\u00f3rdoba logr\u00f3 la reinstalaci\u00f3n mediante sentencias cautelares y fallos de los Jueces de Conciliaci\u00f3n Laboral de los cuatro delegados que continuaron trabajando y desarrollando su tarea sindical de forma ininterrumpida. Ahora, la C\u00e1mara de Apelaciones del Trabajo de la Provincia confirm\u00f3 de forma definitiva la representaci\u00f3n de ATE de los trabajadores municipales y la reinstalaci\u00f3n de nuestro delegado en la planta permanente del Municipio de Unquillo. &nbsp;<\/p>\n<p><em>\u201cEs un fallo muy importante porque, por un lado, se confirma la representaci\u00f3n de ATE en el Municipio de Unquillo, siendo extensible desde ya a todos los Municipios y Comunas de la Provincia de C\u00f3rdoba, y por otro lado, ratifica la tutela laboral constitucional de los empleados p\u00fablicos, haciendo efectivo el principio que emana del art. 14 bis de la Constituci\u00f3n Nacional que establece la \u201cestabilidad del empleado p\u00fablico\u201d, disponiendo su pase a la planta permanente en el Municipio, adem\u00e1s de ratificar la tutela sindical de los delegados de ATE que implica que no puedan ser despedidos ni ser&nbsp; &nbsp;modificadas sus condiciones de trabajo\u201d<\/em> nos comenta nuestra abogada Mar\u00eda Terragno.<\/p>\n<p>Compartimos la sentencia en el siguiente v\u00ednculo:&nbsp;<a href=\"http:\/\/www.atecordoba.org\/wp-content\/uploads\/2017\/10\/Sentencia-C\u00e1mara-Bustamante.pdf\">Sentencia C\u00e1mara Bustamante<\/a><\/p>\n","protected":false},"excerpt":{"rendered":"<p>La Justicia Provincial orden\u00f3 la reinstalaci\u00f3n definitiva de un delegado de ATE en la planta permanente del Municipio de Unquillo.&nbsp;Sin duda alguna este fallo es una muy buena noticia para los\/as trabajadores\/as municipales atento que garantiza su derecho a la libertad de organizarse en ATE para defender sus derechos y mejorar sus condiciones de vida [&hellip;]<\/p>\n","protected":false},"author":1,"featured_media":19220,"comment_status":"open","ping_status":"open","sticky":false,"template":"","format":"standard","meta":{"_exactmetrics_skip_tracking":false,"_exactmetrics_sitenote_active":false,"_exactmetrics_sitenote_note":"","_exactmetrics_sitenote_category":0,"jnews-multi-image_gallery":[],"jnews_single_post":[],"jnews_primary_category":[],"jnews_social_meta":[],"jnews_review":[],"enable_review":"","type":"","name":"","summary":"","brand":"","sku":"","good":[],"bad":[],"score_override":"","override_value":"","rating":[],"price":[],"jnews_override_counter":[],"jnews_post_split":[],"footnotes":""},"categories":[10,118,20],"tags":[],"class_list":["post-9217","post","type-post","status-publish","format-standard","has-post-thumbnail","hentry","category-accion-politica","category-legales","category-municipales"],"jetpack_featured_media_url":"https:\/\/atecordoba.org\/wp-content\/uploads\/2020\/05\/logo-nuevochico-e1561581322808.png","_links":{"self":[{"href":"https:\/\/atecordoba.org\/index.php?rest_route=\/wp\/v2\/posts\/9217","targetHints":{"allow":["GET"]}}],"collection":[{"href":"https:\/\/atecordoba.org\/index.php?rest_route=\/wp\/v2\/posts"}],"about":[{"href":"https:\/\/atecordoba.org\/index.php?rest_route=\/wp\/v2\/types\/post"}],"author":[{"embeddable":true,"href":"https:\/\/atecordoba.org\/index.php?rest_route=\/wp\/v2\/users\/1"}],"replies":[{"embeddable":true,"href":"https:\/\/atecordoba.org\/index.php?rest_route=%2Fwp%2Fv2%2Fcomments&post=9217"}],"version-history":[{"count":0,"href":"https:\/\/atecordoba.org\/index.php?rest_route=\/wp\/v2\/posts\/9217\/revisions"}],"wp:featuredmedia":[{"embeddable":true,"href":"https:\/\/atecordoba.org\/index.php?rest_route=\/wp\/v2\/media\/19220"}],"wp:attachment":[{"href":"https:\/\/atecordoba.org\/index.php?rest_route=%2Fwp%2Fv2%2Fmedia&parent=9217"}],"wp:term":[{"taxonomy":"category","embeddable":true,"href":"https:\/\/atecordoba.org\/index.php?rest_route=%2Fwp%2Fv2%2Fcategories&post=9217"},{"taxonomy":"post_tag","embeddable":true,"href":"https:\/\/atecordoba.org\/index.php?rest_route=%2Fwp%2Fv2%2Ftags&post=9217"}],"curies":[{"name":"wp","href":"https:\/\/api.w.org\/{rel}","templated":true}]}}