{"id":9212,"date":"2017-10-24T13:21:57","date_gmt":"2017-10-24T16:21:57","guid":{"rendered":"http:\/\/www.atecordoba.org\/?p=9212"},"modified":"2017-10-24T13:21:57","modified_gmt":"2017-10-24T16:21:57","slug":"ycrt-no-hubo-acuerdo-tras-el-fin-de-la-conciliacion-obligatoria","status":"publish","type":"post","link":"https:\/\/atecordoba.org\/?p=9212","title":{"rendered":"YCRT: No hubo acuerdo tras el fin de la Conciliaci\u00f3n Obligatoria"},"content":{"rendered":"<p>ATE denunci\u00f3 que no se dio marcha atr\u00e1s con la denuncia al CCT y que la parte empresaria realiz\u00f3 una propuesta extorsiva.<\/p>\n<p><img loading=\"lazy\" decoding=\"async\" class=\"aligncenter size-full wp-image-9213\" src=\"http:\/\/www.atecordoba.org\/wp-content\/uploads\/2017\/10\/98e94a3c3a80568002ba68eaf44ffd7e_m-e1508862038682.jpg\" alt=\"\" width=\"600\" height=\"339\"><\/p>\n<p>Los delegados de ATE de Yacimientos Carbon\u00edferos de R\u00edo Turbio participaron de una nueva audiencia tras el cierre de la Conciliaci\u00f3n Obligatoria. La reuni\u00f3n se realiz\u00f3 en el Ministerio de Trabajo, Empleo y Seguridad Social en la localidad de R\u00edo Gallegos, provincia de Santa Cruz y, por el gremio, participaron miembros de la Conducci\u00f3n Nacional del gremio, del CDP de Santa Cruz y de la seccional de R\u00edo Turbio. Miguel P\u00e1ez, titular de la seccional, inform\u00f3 que no hubo acuerdo y agreg\u00f3 que la parte empresaria realiz\u00f3 una propuesta \u201cextorsiva\u201d, al ofrecer levantar la denuncia al Convenio Colectivo de Trabajo si el gremio acepta suspender algunos puntos del mismo.<\/p>\n<p>La Conciliaci\u00f3n&nbsp; Obligatoria surgi\u00f3 en el marco del conflicto existente en el Yacimiento Carbon\u00edfero de R\u00edo Turbio (YCRT) , donde los trabajadores del sector viene reclamando por las medidas implementadas por la conducci\u00f3n empresaria que ponen en serio riesgo derechos adquiridos de los trabajadores, especialmente, la denuncia al Convenio Colectivo de Trabajo.<\/p>\n<p>El martes 24 se realizar\u00e1 una reuni\u00f3n de delegados de YCRT y al medio d\u00eda se concretar\u00e1 una asamblea general, en la que se informara a los trabajadores el desarrollo de la negociaci\u00f3n y se resolver\u00e1 c\u00f3mo contin\u00faa el conflicto.<\/p>\n<p><b><strong style=\"font-style: inherit;\">Sin soluci\u00f3n<\/strong><\/b><\/p>\n<p>&nbsp;Luego de la audiencia realizada tras el vencimiento del plazo de la Conciliaci\u00f3n, Ernesto Contreras, miembro de la Conducci\u00f3n Nacional, se\u00f1al\u00f3: \u201cLos representantes del Gobierno en la empresa no han tra\u00eddo ninguna soluci\u00f3n a los problemas planteados por los trabajadores as\u00ed que las partes hemos quedado liberadas\u201d. Respecto a la posici\u00f3n del Ministerio, se\u00f1al\u00f3 que \u201cel Gobierno insiste en bajar costo laborales quit\u00e1ndole derechos a los trabajadores del CCT\u201d.<\/p>\n<p>P\u00e1ez, por su parte, inform\u00f3: \u201cLa empresa tuvo una actitud desleal y arbitraria, y no acat\u00f3 bajo ning\u00fan termino lo que dispone la Conciliaci\u00f3n Obligatoria que es retrotraer las medidas que iniciaron el conflicto\u201d. Y agreg\u00f3: \u201cProponen extorsivamente suspender la denuncia de nuestro CCT siempre y cuando estemos dispuestos a suspender algunos puntos convencionales\u201d. Ante esto, indic\u00f3: \u201cBajo ning\u00fan punto de vista vamos a claudicar en la defensa del CCT, ni vamos entregar ning\u00fan punto convencional aunque sea una suspensi\u00f3n por unos a\u00f1os\u201d.<\/p>\n<p>La propuesta, explic\u00f3 P\u00e1ez, responde al Presupuesto de ajuste que ha aplicado el Gobierno Nacional el a\u00f1o pasado y que contin\u00faa este a\u00f1o. El dirigente tambi\u00e9n se refiri\u00f3 a la visita del ministro de Energ\u00eda, Juan Jos\u00e9 Aranguren, a YCRT la semana pasada: \u201cCon la visita de Aranguren quedo clara la posici\u00f3n del gobierno. El ministro manifest\u00f3 p\u00fablicamente que es un proyecto que est\u00e1 en las ant\u00edpodas del Gobierno. B\u00e1sicamente, quieren un CCT ligado a la producci\u00f3n y est\u00e1n tratando de modificar nuestra figura jur\u00eddica. La figura que pretenden trabajadores que es una carboel\u00e9ctrica estatal incluyendo en una unidad econ\u00f3mica la Usina de 240 MW para poder tener la exploraci\u00f3n, explotaci\u00f3n y suministro de carb\u00f3n a la usina y transformarla en energ\u00eda. Esto fue totalmente tirado por el piso por los dichos de Aranguren, que pretende tener una figura para la empresa y otra para la Usina, y va en contraposici\u00f3n de los trabajadores que viene de d\u00e9cadas de lucha peleando por una carboel\u00e9ctrica estatal\u201d.<\/p>\n<p><b><strong style=\"font-style: inherit;\">Prensa ATE<\/strong><\/b><\/p>\n","protected":false},"excerpt":{"rendered":"<p>ATE denunci\u00f3 que no se dio marcha atr\u00e1s con la denuncia al CCT y que la parte empresaria realiz\u00f3 una propuesta extorsiva. Los delegados de ATE de Yacimientos Carbon\u00edferos de R\u00edo Turbio participaron de una nueva audiencia tras el cierre de la Conciliaci\u00f3n Obligatoria. La reuni\u00f3n se realiz\u00f3 en el Ministerio de Trabajo, Empleo y [&hellip;]<\/p>\n","protected":false},"author":1,"featured_media":19220,"comment_status":"open","ping_status":"open","sticky":false,"template":"","format":"standard","meta":{"_exactmetrics_skip_tracking":false,"_exactmetrics_sitenote_active":false,"_exactmetrics_sitenote_note":"","_exactmetrics_sitenote_category":0,"jnews-multi-image_gallery":[],"jnews_single_post":[],"jnews_primary_category":[],"jnews_social_meta":[],"jnews_review":[],"enable_review":"","type":"","name":"","summary":"","brand":"","sku":"","good":[],"bad":[],"score_override":"","override_value":"","rating":[],"price":[],"jnews_override_counter":[],"jnews_post_split":[],"footnotes":""},"categories":[18],"tags":[],"class_list":["post-9212","post","type-post","status-publish","format-standard","has-post-thumbnail","hentry","category-nacionales"],"jetpack_featured_media_url":"https:\/\/atecordoba.org\/wp-content\/uploads\/2020\/05\/logo-nuevochico-e1561581322808.png","_links":{"self":[{"href":"https:\/\/atecordoba.org\/index.php?rest_route=\/wp\/v2\/posts\/9212","targetHints":{"allow":["GET"]}}],"collection":[{"href":"https:\/\/atecordoba.org\/index.php?rest_route=\/wp\/v2\/posts"}],"about":[{"href":"https:\/\/atecordoba.org\/index.php?rest_route=\/wp\/v2\/types\/post"}],"author":[{"embeddable":true,"href":"https:\/\/atecordoba.org\/index.php?rest_route=\/wp\/v2\/users\/1"}],"replies":[{"embeddable":true,"href":"https:\/\/atecordoba.org\/index.php?rest_route=%2Fwp%2Fv2%2Fcomments&post=9212"}],"version-history":[{"count":0,"href":"https:\/\/atecordoba.org\/index.php?rest_route=\/wp\/v2\/posts\/9212\/revisions"}],"wp:featuredmedia":[{"embeddable":true,"href":"https:\/\/atecordoba.org\/index.php?rest_route=\/wp\/v2\/media\/19220"}],"wp:attachment":[{"href":"https:\/\/atecordoba.org\/index.php?rest_route=%2Fwp%2Fv2%2Fmedia&parent=9212"}],"wp:term":[{"taxonomy":"category","embeddable":true,"href":"https:\/\/atecordoba.org\/index.php?rest_route=%2Fwp%2Fv2%2Fcategories&post=9212"},{"taxonomy":"post_tag","embeddable":true,"href":"https:\/\/atecordoba.org\/index.php?rest_route=%2Fwp%2Fv2%2Ftags&post=9212"}],"curies":[{"name":"wp","href":"https:\/\/api.w.org\/{rel}","templated":true}]}}